{"id":110714,"date":"2023-07-31T11:07:21","date_gmt":"2023-07-31T11:07:21","guid":{"rendered":"https:\/\/gazetaregionalna.com\/?p=110714"},"modified":"2023-07-31T11:10:35","modified_gmt":"2023-07-31T11:10:35","slug":"swieto-2","status":"publish","type":"post","link":"https:\/\/gazetaregionalna.com\/?p=110714","title":{"rendered":"&#8222;\u015awi\u0119to Ciulimu &#8211; Czulentu&#8221;. Spotkanie dw\u00f3ch kultur w Lelowie ju\u017c po raz 20."},"content":{"rendered":"\n<h4 class=\"wp-block-heading\"><strong>Jubileuszowa edycja lelowskiego festiwalu kultury polskiej i \u017cydowskiej \u201e\u015awi\u0119to Ciulimu &#8211; Czulentu\u201d odb\u0119dzie si\u0119 w dniach 18-20 sierpnia. Program obfituje w liczne wydarzenia, m.in. koncert zespo\u0142u Feel. &nbsp;<\/strong><\/h4>\n\n\n\n<p>\u201e\u015awi\u0119to Ciulimu &#8211; Czulentu\u201d to jedno z najwa\u017cniejszych i najwi\u0119kszych wydarze\u0144 tego typu w Polsce. Festiwal przypomina wsp\u00f3ln\u0105 histori\u0119 Polak\u00f3w i \u017byd\u00f3w, odkrywa przenikanie si\u0119 kultur, uczy tolerancji i wzajemnego zrozumienia. Uczestnictw chasyd\u00f3w zwi\u0105zanych z Lelowem, poprzez urodzonego i pochowanego tutaj mistrza, cadyka Dawida Bidermana nadaje wydarzeniu niezwyk\u0142ej rangi.<\/p>\n\n\n\n<p>Przypomnijmy, \u017ce \u201e\u015awi\u0119to Ciulimu &#8211; Czulentu\u201d po raz pierwszy zorganizowano w Lelowie w 2003 r. Inicjatorem spotkaniem dw\u00f3ch kultur \u2013 polskiej i \u017cydowskiej byli W\u00f3jt Gminy Lel\u00f3w Jerzy Szyd\u0142owski oraz rabin Simcha Krakowski &#8211; g\u0142\u00f3wny organizator przyjazdu chasyd\u00f3w do Lelowa na gr\u00f3b cadyka Dawida Bidermana.<\/p>\n\n\n\n<p>Pierwsze \u015bwi\u0119to mia\u0142o bardzo kameralny charakter. By\u0142a to skromna impreza, kt\u00f3rej symboliczne znaczenie okaza\u0142o si\u0119 bardzo znacz\u0105ce i sta\u0142o si\u0119 podstaw\u0105 do dalszych dzia\u0142a\u0144. Wydarzenie rozros\u0142o si\u0119 tak, \u017ce obecnie ma zasi\u0119g og\u00f3lnokrajowy, a nawet mi\u0119dzynarodowy. W \u015bwi\u0119cie uczestniczy zar\u00f3wno spo\u0142eczno\u015b\u0107 gminy Lel\u00f3w i gmin okolicznych, jak i znaczna liczba turyst\u00f3w przyje\u017cd\u017caj\u0105cych na t\u0119 imprez\u0119 z ca\u0142ego kraju. Uczestnikami tego \u015bwi\u0119ta s\u0105 tak\u017ce chasydzi z Izraela i innych kraj\u00f3w, kt\u00f3rzy poprzez posta\u0107 cadyka Dawida Bidermana pochowanego w Lelowie s\u0105 z t\u0105 miejscowo\u015bci\u0105 zwi\u0105zani. Wszyscy zgromadzeni w tych dniach pr\u00f3buj\u0105 by\u0107 razem i cieszy\u0107 si\u0119 &#8211; zgodnie z m\u0105dro\u015bci\u0105 chasydzk\u0105, \u017ce \u201erado\u015b\u0107 jest zdolno\u015bci\u0105 cz\u0142owieka do ci\u0105g\u0142ego odradzania si\u0119\u201d.<\/p>\n\n\n\n<p>Ka\u017cda edycja wydarzenia przypomina o wsp\u00f3lnej historii Polak\u00f3w i \u017byd\u00f3w. St\u0105d te\u017c prezentacja muzyki, ta\u0144c\u00f3w, tradycji czy kuchni obu kultur, a tak\u017ce regionalnej kultury polskiej, przede wszystkim z teren\u00f3w ziemi lelowskiej.<\/p>\n\n\n\n<p>\u201e\u015awi\u0119to Ciulimu &#8211; Czulentu\u201d otrzyma\u0142o certyfikat nadany przez Cz\u0119stochowsk\u0105 Organizacj\u0119 Turystyczn\u0105 jako Produkt Turystyczny, a potrawa \u201eCiulim lelowski\u201d i \u201eCzulent lelowski\u201d otrzyma\u0142a certyfikat potrawy regionalnej. \u201eCiulim lelowski\u201d zosta\u0142 wpisany na List\u0119 Produkt\u00f3w Tradycyjnych woj. \u015bl\u0105skiego w kategorii \u201egotowe dania i potrawy\u201d.<\/p>\n\n\n\n<p>Program festiwalu zapowiada si\u0119 niezwykle interesuj\u0105co. Pi\u0105tkowe (18 sierpnia) wydarzenia b\u0119d\u0105 odbywa\u0142y si\u0119 w Gminnym O\u015brodku Kultury w Lelowie (ul. Szczekoci\u0144ska 31). Zaplanowano projekcj\u0119 filmu o tematyce \u017cydowskiej, a po seansie dyskusj\u0119, kt\u00f3r\u0105 poprowadzi dr Maciej Stroi\u0144ski z Uniwersytetu Jagiello\u0144skiego. Tam te\u017c b\u0119dzie mo\u017cna zobaczy\u0107 wystaw\u0119 prac autorstwa Kazimierza Kalkowskiego oraz wystaw\u0119 fotograficzn\u0105 Grzegorza Maci\u0105ga \u201eJorcajty\u201d.<\/p>\n\n\n\n<figure class=\"wp-block-gallery columns-3 is-cropped wp-block-gallery-1 is-layout-flex wp-block-gallery-is-layout-flex\"><ul class=\"blocks-gallery-grid\"><li class=\"blocks-gallery-item\"><figure><a href=\"https:\/\/gazetaregionalna.com\/wp-content\/uploads\/2023\/07\/302144985_5812467995439549_4072979137719223380_n-scaled.jpg\"><img decoding=\"async\" width=\"1024\" height=\"684\" data-src=\"https:\/\/gazetaregionalna.com\/wp-content\/uploads\/2023\/07\/302144985_5812467995439549_4072979137719223380_n-1024x684.jpg\" alt=\"\" data-id=\"110723\" data-full-url=\"https:\/\/gazetaregionalna.com\/wp-content\/uploads\/2023\/07\/302144985_5812467995439549_4072979137719223380_n-scaled.jpg\" data-link=\"https:\/\/gazetaregionalna.com\/?attachment_id=110723\" class=\"wp-image-110723 lazyload\" data-srcset=\"https:\/\/gazetaregionalna.com\/wp-content\/uploads\/2023\/07\/302144985_5812467995439549_4072979137719223380_n-1024x684.jpg 1024w, https:\/\/gazetaregionalna.com\/wp-content\/uploads\/2023\/07\/302144985_5812467995439549_4072979137719223380_n-300x200.jpg 300w, https:\/\/gazetaregionalna.com\/wp-content\/uploads\/2023\/07\/302144985_5812467995439549_4072979137719223380_n-768x513.jpg 768w, https:\/\/gazetaregionalna.com\/wp-content\/uploads\/2023\/07\/302144985_5812467995439549_4072979137719223380_n-1536x1025.jpg 1536w, https:\/\/gazetaregionalna.com\/wp-content\/uploads\/2023\/07\/302144985_5812467995439549_4072979137719223380_n-696x465.jpg 696w, https:\/\/gazetaregionalna.com\/wp-content\/uploads\/2023\/07\/302144985_5812467995439549_4072979137719223380_n-1068x713.jpg 1068w, https:\/\/gazetaregionalna.com\/wp-content\/uploads\/2023\/07\/302144985_5812467995439549_4072979137719223380_n-1920x1282.jpg 1920w, https:\/\/gazetaregionalna.com\/wp-content\/uploads\/2023\/07\/302144985_5812467995439549_4072979137719223380_n-629x420.jpg 629w, https:\/\/gazetaregionalna.com\/wp-content\/uploads\/2023\/07\/302144985_5812467995439549_4072979137719223380_n-scaled.jpg 1600w\" data-sizes=\"(max-width: 1024px) 100vw, 1024px\" src=\"data:image\/svg+xml;base64,PHN2ZyB3aWR0aD0iMSIgaGVpZ2h0PSIxIiB4bWxucz0iaHR0cDovL3d3dy53My5vcmcvMjAwMC9zdmciPjwvc3ZnPg==\" style=\"--smush-placeholder-width: 1024px; --smush-placeholder-aspect-ratio: 1024\/684;\" \/><\/a><\/figure><\/li><li class=\"blocks-gallery-item\"><figure><a href=\"https:\/\/gazetaregionalna.com\/wp-content\/uploads\/2023\/07\/302152331_5812467725439576_1631856640581502064_n-scaled.jpg\"><img decoding=\"async\" width=\"1024\" height=\"683\" data-src=\"https:\/\/gazetaregionalna.com\/wp-content\/uploads\/2023\/07\/302152331_5812467725439576_1631856640581502064_n-1024x683.jpg\" alt=\"\" data-id=\"110724\" data-full-url=\"https:\/\/gazetaregionalna.com\/wp-content\/uploads\/2023\/07\/302152331_5812467725439576_1631856640581502064_n-scaled.jpg\" data-link=\"https:\/\/gazetaregionalna.com\/?attachment_id=110724\" class=\"wp-image-110724 lazyload\" data-srcset=\"https:\/\/gazetaregionalna.com\/wp-content\/uploads\/2023\/07\/302152331_5812467725439576_1631856640581502064_n-1024x683.jpg 1024w, https:\/\/gazetaregionalna.com\/wp-content\/uploads\/2023\/07\/302152331_5812467725439576_1631856640581502064_n-300x200.jpg 300w, https:\/\/gazetaregionalna.com\/wp-content\/uploads\/2023\/07\/302152331_5812467725439576_1631856640581502064_n-768x512.jpg 768w, https:\/\/gazetaregionalna.com\/wp-content\/uploads\/2023\/07\/302152331_5812467725439576_1631856640581502064_n-1536x1024.jpg 1536w, https:\/\/gazetaregionalna.com\/wp-content\/uploads\/2023\/07\/302152331_5812467725439576_1631856640581502064_n-696x464.jpg 696w, https:\/\/gazetaregionalna.com\/wp-content\/uploads\/2023\/07\/302152331_5812467725439576_1631856640581502064_n-1068x712.jpg 1068w, https:\/\/gazetaregionalna.com\/wp-content\/uploads\/2023\/07\/302152331_5812467725439576_1631856640581502064_n-1920x1280.jpg 1920w, https:\/\/gazetaregionalna.com\/wp-content\/uploads\/2023\/07\/302152331_5812467725439576_1631856640581502064_n-630x420.jpg 630w, https:\/\/gazetaregionalna.com\/wp-content\/uploads\/2023\/07\/302152331_5812467725439576_1631856640581502064_n-scaled.jpg 1600w\" data-sizes=\"(max-width: 1024px) 100vw, 1024px\" src=\"data:image\/svg+xml;base64,PHN2ZyB3aWR0aD0iMSIgaGVpZ2h0PSIxIiB4bWxucz0iaHR0cDovL3d3dy53My5vcmcvMjAwMC9zdmciPjwvc3ZnPg==\" style=\"--smush-placeholder-width: 1024px; --smush-placeholder-aspect-ratio: 1024\/683;\" \/><\/a><\/figure><\/li><li class=\"blocks-gallery-item\"><figure><a href=\"https:\/\/gazetaregionalna.com\/wp-content\/uploads\/2023\/07\/302480279_5812469008772781_4143740327981903947_n-scaled.jpg\"><img decoding=\"async\" width=\"1024\" height=\"684\" data-src=\"https:\/\/gazetaregionalna.com\/wp-content\/uploads\/2023\/07\/302480279_5812469008772781_4143740327981903947_n-1024x684.jpg\" alt=\"\" data-id=\"110725\" data-full-url=\"https:\/\/gazetaregionalna.com\/wp-content\/uploads\/2023\/07\/302480279_5812469008772781_4143740327981903947_n-scaled.jpg\" data-link=\"https:\/\/gazetaregionalna.com\/?attachment_id=110725\" class=\"wp-image-110725 lazyload\" data-srcset=\"https:\/\/gazetaregionalna.com\/wp-content\/uploads\/2023\/07\/302480279_5812469008772781_4143740327981903947_n-1024x684.jpg 1024w, https:\/\/gazetaregionalna.com\/wp-content\/uploads\/2023\/07\/302480279_5812469008772781_4143740327981903947_n-300x200.jpg 300w, https:\/\/gazetaregionalna.com\/wp-content\/uploads\/2023\/07\/302480279_5812469008772781_4143740327981903947_n-768x513.jpg 768w, https:\/\/gazetaregionalna.com\/wp-content\/uploads\/2023\/07\/302480279_5812469008772781_4143740327981903947_n-1536x1025.jpg 1536w, https:\/\/gazetaregionalna.com\/wp-content\/uploads\/2023\/07\/302480279_5812469008772781_4143740327981903947_n-696x465.jpg 696w, https:\/\/gazetaregionalna.com\/wp-content\/uploads\/2023\/07\/302480279_5812469008772781_4143740327981903947_n-1068x713.jpg 1068w, https:\/\/gazetaregionalna.com\/wp-content\/uploads\/2023\/07\/302480279_5812469008772781_4143740327981903947_n-1920x1282.jpg 1920w, https:\/\/gazetaregionalna.com\/wp-content\/uploads\/2023\/07\/302480279_5812469008772781_4143740327981903947_n-629x420.jpg 629w, https:\/\/gazetaregionalna.com\/wp-content\/uploads\/2023\/07\/302480279_5812469008772781_4143740327981903947_n-scaled.jpg 1600w\" data-sizes=\"(max-width: 1024px) 100vw, 1024px\" src=\"data:image\/svg+xml;base64,PHN2ZyB3aWR0aD0iMSIgaGVpZ2h0PSIxIiB4bWxucz0iaHR0cDovL3d3dy53My5vcmcvMjAwMC9zdmciPjwvc3ZnPg==\" style=\"--smush-placeholder-width: 1024px; --smush-placeholder-aspect-ratio: 1024\/684;\" \/><\/a><\/figure><\/li><li class=\"blocks-gallery-item\"><figure><a href=\"https:\/\/gazetaregionalna.com\/wp-content\/uploads\/2023\/07\/DSC_6730-scaled.jpg\"><img decoding=\"async\" width=\"1024\" height=\"683\" data-src=\"https:\/\/gazetaregionalna.com\/wp-content\/uploads\/2023\/07\/DSC_6730-1024x683.jpg\" alt=\"\" data-id=\"110728\" data-full-url=\"https:\/\/gazetaregionalna.com\/wp-content\/uploads\/2023\/07\/DSC_6730-scaled.jpg\" data-link=\"https:\/\/gazetaregionalna.com\/?attachment_id=110728\" class=\"wp-image-110728 lazyload\" data-srcset=\"https:\/\/gazetaregionalna.com\/wp-content\/uploads\/2023\/07\/DSC_6730-1024x683.jpg 1024w, https:\/\/gazetaregionalna.com\/wp-content\/uploads\/2023\/07\/DSC_6730-300x200.jpg 300w, https:\/\/gazetaregionalna.com\/wp-content\/uploads\/2023\/07\/DSC_6730-768x512.jpg 768w, https:\/\/gazetaregionalna.com\/wp-content\/uploads\/2023\/07\/DSC_6730-1536x1024.jpg 1536w, https:\/\/gazetaregionalna.com\/wp-content\/uploads\/2023\/07\/DSC_6730-2048x1365.jpg 2048w, https:\/\/gazetaregionalna.com\/wp-content\/uploads\/2023\/07\/DSC_6730-696x464.jpg 696w, https:\/\/gazetaregionalna.com\/wp-content\/uploads\/2023\/07\/DSC_6730-1068x712.jpg 1068w, https:\/\/gazetaregionalna.com\/wp-content\/uploads\/2023\/07\/DSC_6730-1920x1280.jpg 1920w, https:\/\/gazetaregionalna.com\/wp-content\/uploads\/2023\/07\/DSC_6730-630x420.jpg 630w, https:\/\/gazetaregionalna.com\/wp-content\/uploads\/2023\/07\/DSC_6730-scaled.jpg 1600w\" data-sizes=\"(max-width: 1024px) 100vw, 1024px\" src=\"data:image\/svg+xml;base64,PHN2ZyB3aWR0aD0iMSIgaGVpZ2h0PSIxIiB4bWxucz0iaHR0cDovL3d3dy53My5vcmcvMjAwMC9zdmciPjwvc3ZnPg==\" style=\"--smush-placeholder-width: 1024px; --smush-placeholder-aspect-ratio: 1024\/683;\" \/><\/a><\/figure><\/li><li class=\"blocks-gallery-item\"><figure><a href=\"https:\/\/gazetaregionalna.com\/wp-content\/uploads\/2023\/07\/DSC_6750-scaled.jpg\"><img decoding=\"async\" width=\"1024\" height=\"683\" data-src=\"https:\/\/gazetaregionalna.com\/wp-content\/uploads\/2023\/07\/DSC_6750-1024x683.jpg\" alt=\"\" data-id=\"110729\" data-full-url=\"https:\/\/gazetaregionalna.com\/wp-content\/uploads\/2023\/07\/DSC_6750-scaled.jpg\" data-link=\"https:\/\/gazetaregionalna.com\/?attachment_id=110729\" class=\"wp-image-110729 lazyload\" data-srcset=\"https:\/\/gazetaregionalna.com\/wp-content\/uploads\/2023\/07\/DSC_6750-1024x683.jpg 1024w, https:\/\/gazetaregionalna.com\/wp-content\/uploads\/2023\/07\/DSC_6750-300x200.jpg 300w, https:\/\/gazetaregionalna.com\/wp-content\/uploads\/2023\/07\/DSC_6750-768x512.jpg 768w, https:\/\/gazetaregionalna.com\/wp-content\/uploads\/2023\/07\/DSC_6750-1536x1024.jpg 1536w, https:\/\/gazetaregionalna.com\/wp-content\/uploads\/2023\/07\/DSC_6750-2048x1365.jpg 2048w, https:\/\/gazetaregionalna.com\/wp-content\/uploads\/2023\/07\/DSC_6750-696x464.jpg 696w, https:\/\/gazetaregionalna.com\/wp-content\/uploads\/2023\/07\/DSC_6750-1068x712.jpg 1068w, https:\/\/gazetaregionalna.com\/wp-content\/uploads\/2023\/07\/DSC_6750-1920x1280.jpg 1920w, https:\/\/gazetaregionalna.com\/wp-content\/uploads\/2023\/07\/DSC_6750-630x420.jpg 630w, https:\/\/gazetaregionalna.com\/wp-content\/uploads\/2023\/07\/DSC_6750-scaled.jpg 1600w\" data-sizes=\"(max-width: 1024px) 100vw, 1024px\" src=\"data:image\/svg+xml;base64,PHN2ZyB3aWR0aD0iMSIgaGVpZ2h0PSIxIiB4bWxucz0iaHR0cDovL3d3dy53My5vcmcvMjAwMC9zdmciPjwvc3ZnPg==\" style=\"--smush-placeholder-width: 1024px; --smush-placeholder-aspect-ratio: 1024\/683;\" \/><\/a><\/figure><\/li><li class=\"blocks-gallery-item\"><figure><a href=\"https:\/\/gazetaregionalna.com\/wp-content\/uploads\/2023\/07\/DSC_6727-scaled.jpg\"><img decoding=\"async\" width=\"1024\" height=\"683\" data-src=\"https:\/\/gazetaregionalna.com\/wp-content\/uploads\/2023\/07\/DSC_6727-1024x683.jpg\" alt=\"\" data-id=\"110727\" data-full-url=\"https:\/\/gazetaregionalna.com\/wp-content\/uploads\/2023\/07\/DSC_6727-scaled.jpg\" data-link=\"https:\/\/gazetaregionalna.com\/?attachment_id=110727\" class=\"wp-image-110727 lazyload\" data-srcset=\"https:\/\/gazetaregionalna.com\/wp-content\/uploads\/2023\/07\/DSC_6727-1024x683.jpg 1024w, https:\/\/gazetaregionalna.com\/wp-content\/uploads\/2023\/07\/DSC_6727-300x200.jpg 300w, https:\/\/gazetaregionalna.com\/wp-content\/uploads\/2023\/07\/DSC_6727-768x512.jpg 768w, https:\/\/gazetaregionalna.com\/wp-content\/uploads\/2023\/07\/DSC_6727-1536x1024.jpg 1536w, https:\/\/gazetaregionalna.com\/wp-content\/uploads\/2023\/07\/DSC_6727-2048x1365.jpg 2048w, https:\/\/gazetaregionalna.com\/wp-content\/uploads\/2023\/07\/DSC_6727-696x464.jpg 696w, https:\/\/gazetaregionalna.com\/wp-content\/uploads\/2023\/07\/DSC_6727-1068x712.jpg 1068w, https:\/\/gazetaregionalna.com\/wp-content\/uploads\/2023\/07\/DSC_6727-1920x1280.jpg 1920w, https:\/\/gazetaregionalna.com\/wp-content\/uploads\/2023\/07\/DSC_6727-630x420.jpg 630w, https:\/\/gazetaregionalna.com\/wp-content\/uploads\/2023\/07\/DSC_6727-scaled.jpg 1600w\" data-sizes=\"(max-width: 1024px) 100vw, 1024px\" src=\"data:image\/svg+xml;base64,PHN2ZyB3aWR0aD0iMSIgaGVpZ2h0PSIxIiB4bWxucz0iaHR0cDovL3d3dy53My5vcmcvMjAwMC9zdmciPjwvc3ZnPg==\" style=\"--smush-placeholder-width: 1024px; --smush-placeholder-aspect-ratio: 1024\/683;\" \/><\/a><\/figure><\/li><li class=\"blocks-gallery-item\"><figure><a href=\"https:\/\/gazetaregionalna.com\/wp-content\/uploads\/2023\/07\/DSC_6785-scaled.jpg\"><img decoding=\"async\" width=\"1024\" height=\"683\" data-src=\"https:\/\/gazetaregionalna.com\/wp-content\/uploads\/2023\/07\/DSC_6785-1024x683.jpg\" alt=\"\" data-id=\"110730\" data-full-url=\"https:\/\/gazetaregionalna.com\/wp-content\/uploads\/2023\/07\/DSC_6785-scaled.jpg\" data-link=\"https:\/\/gazetaregionalna.com\/?attachment_id=110730\" class=\"wp-image-110730 lazyload\" data-srcset=\"https:\/\/gazetaregionalna.com\/wp-content\/uploads\/2023\/07\/DSC_6785-1024x683.jpg 1024w, https:\/\/gazetaregionalna.com\/wp-content\/uploads\/2023\/07\/DSC_6785-300x200.jpg 300w, https:\/\/gazetaregionalna.com\/wp-content\/uploads\/2023\/07\/DSC_6785-768x512.jpg 768w, https:\/\/gazetaregionalna.com\/wp-content\/uploads\/2023\/07\/DSC_6785-1536x1024.jpg 1536w, https:\/\/gazetaregionalna.com\/wp-content\/uploads\/2023\/07\/DSC_6785-2048x1365.jpg 2048w, https:\/\/gazetaregionalna.com\/wp-content\/uploads\/2023\/07\/DSC_6785-696x464.jpg 696w, https:\/\/gazetaregionalna.com\/wp-content\/uploads\/2023\/07\/DSC_6785-1068x712.jpg 1068w, https:\/\/gazetaregionalna.com\/wp-content\/uploads\/2023\/07\/DSC_6785-1920x1280.jpg 1920w, https:\/\/gazetaregionalna.com\/wp-content\/uploads\/2023\/07\/DSC_6785-630x420.jpg 630w, https:\/\/gazetaregionalna.com\/wp-content\/uploads\/2023\/07\/DSC_6785-scaled.jpg 1600w\" data-sizes=\"(max-width: 1024px) 100vw, 1024px\" src=\"data:image\/svg+xml;base64,PHN2ZyB3aWR0aD0iMSIgaGVpZ2h0PSIxIiB4bWxucz0iaHR0cDovL3d3dy53My5vcmcvMjAwMC9zdmciPjwvc3ZnPg==\" style=\"--smush-placeholder-width: 1024px; --smush-placeholder-aspect-ratio: 1024\/683;\" \/><\/a><\/figure><\/li><li class=\"blocks-gallery-item\"><figure><a href=\"https:\/\/gazetaregionalna.com\/wp-content\/uploads\/2023\/07\/DSC_6716-scaled.jpg\"><img decoding=\"async\" width=\"1024\" height=\"683\" data-src=\"https:\/\/gazetaregionalna.com\/wp-content\/uploads\/2023\/07\/DSC_6716-1024x683.jpg\" alt=\"\" data-id=\"110726\" data-full-url=\"https:\/\/gazetaregionalna.com\/wp-content\/uploads\/2023\/07\/DSC_6716-scaled.jpg\" data-link=\"https:\/\/gazetaregionalna.com\/?attachment_id=110726\" class=\"wp-image-110726 lazyload\" data-srcset=\"https:\/\/gazetaregionalna.com\/wp-content\/uploads\/2023\/07\/DSC_6716-1024x683.jpg 1024w, https:\/\/gazetaregionalna.com\/wp-content\/uploads\/2023\/07\/DSC_6716-300x200.jpg 300w, https:\/\/gazetaregionalna.com\/wp-content\/uploads\/2023\/07\/DSC_6716-768x512.jpg 768w, https:\/\/gazetaregionalna.com\/wp-content\/uploads\/2023\/07\/DSC_6716-1536x1024.jpg 1536w, https:\/\/gazetaregionalna.com\/wp-content\/uploads\/2023\/07\/DSC_6716-2048x1365.jpg 2048w, https:\/\/gazetaregionalna.com\/wp-content\/uploads\/2023\/07\/DSC_6716-696x464.jpg 696w, https:\/\/gazetaregionalna.com\/wp-content\/uploads\/2023\/07\/DSC_6716-1068x712.jpg 1068w, https:\/\/gazetaregionalna.com\/wp-content\/uploads\/2023\/07\/DSC_6716-1920x1280.jpg 1920w, https:\/\/gazetaregionalna.com\/wp-content\/uploads\/2023\/07\/DSC_6716-630x420.jpg 630w, https:\/\/gazetaregionalna.com\/wp-content\/uploads\/2023\/07\/DSC_6716-scaled.jpg 1600w\" data-sizes=\"(max-width: 1024px) 100vw, 1024px\" src=\"data:image\/svg+xml;base64,PHN2ZyB3aWR0aD0iMSIgaGVpZ2h0PSIxIiB4bWxucz0iaHR0cDovL3d3dy53My5vcmcvMjAwMC9zdmciPjwvc3ZnPg==\" style=\"--smush-placeholder-width: 1024px; --smush-placeholder-aspect-ratio: 1024\/683;\" \/><\/a><\/figure><\/li><li class=\"blocks-gallery-item\"><figure><a href=\"https:\/\/gazetaregionalna.com\/wp-content\/uploads\/2023\/07\/DSC_6811-scaled.jpg\"><img decoding=\"async\" width=\"1024\" height=\"683\" data-src=\"https:\/\/gazetaregionalna.com\/wp-content\/uploads\/2023\/07\/DSC_6811-1024x683.jpg\" alt=\"\" data-id=\"110731\" data-full-url=\"https:\/\/gazetaregionalna.com\/wp-content\/uploads\/2023\/07\/DSC_6811-scaled.jpg\" data-link=\"https:\/\/gazetaregionalna.com\/?attachment_id=110731\" class=\"wp-image-110731 lazyload\" data-srcset=\"https:\/\/gazetaregionalna.com\/wp-content\/uploads\/2023\/07\/DSC_6811-1024x683.jpg 1024w, https:\/\/gazetaregionalna.com\/wp-content\/uploads\/2023\/07\/DSC_6811-300x200.jpg 300w, https:\/\/gazetaregionalna.com\/wp-content\/uploads\/2023\/07\/DSC_6811-768x512.jpg 768w, https:\/\/gazetaregionalna.com\/wp-content\/uploads\/2023\/07\/DSC_6811-1536x1024.jpg 1536w, https:\/\/gazetaregionalna.com\/wp-content\/uploads\/2023\/07\/DSC_6811-2048x1365.jpg 2048w, https:\/\/gazetaregionalna.com\/wp-content\/uploads\/2023\/07\/DSC_6811-696x464.jpg 696w, https:\/\/gazetaregionalna.com\/wp-content\/uploads\/2023\/07\/DSC_6811-1068x712.jpg 1068w, https:\/\/gazetaregionalna.com\/wp-content\/uploads\/2023\/07\/DSC_6811-1920x1280.jpg 1920w, https:\/\/gazetaregionalna.com\/wp-content\/uploads\/2023\/07\/DSC_6811-630x420.jpg 630w, https:\/\/gazetaregionalna.com\/wp-content\/uploads\/2023\/07\/DSC_6811-scaled.jpg 1600w\" data-sizes=\"(max-width: 1024px) 100vw, 1024px\" src=\"data:image\/svg+xml;base64,PHN2ZyB3aWR0aD0iMSIgaGVpZ2h0PSIxIiB4bWxucz0iaHR0cDovL3d3dy53My5vcmcvMjAwMC9zdmciPjwvc3ZnPg==\" style=\"--smush-placeholder-width: 1024px; --smush-placeholder-aspect-ratio: 1024\/683;\" \/><\/a><\/figure><\/li><\/ul><figcaption class=\"blocks-gallery-caption\">Ubieg\u0142oroczne \u201e\u015awi\u0119to Ciulimu &#8211; Czulentu\u201d<\/figcaption><\/figure>\n\n\n\n<p>Oficjalne otwarcie \u015bwi\u0119ta odb\u0119dzie si\u0119 w sobot\u0119, 19 sierpnia o godz. 10 na lelowskim stadionie. W programie tego dnia znajd\u0105 si\u0119 wyst\u0119py Zespo\u0142u Folklorystycznego Ziemi Lelowskiej oraz zespo\u0142\u00f3w dzia\u0142aj\u0105cych pod patronatem Gminnego O\u015brodka Kultury, za\u015b wieczorem pop\u0142ynie muzyka zespo\u0142u klezmerskiego Kroke, na zako\u0144czenie tego dnia festiwalu wyst\u0105pi zesp\u00f3\u0142 Video.<\/p>\n\n\n\n<p>Niedzielne wydarzenia rozpoczn\u0105 si\u0119 o godz. 15 tak\u017ce na stadionie w Lelowie uroczystym zapaleniem menory. Na godz. 16 zaplanowano koncert gwiazdy wieczoru \u2013 zespo\u0142u Feel. Z kolei o 17.30 odb\u0119d\u0105 si\u0119 warsztaty ta\u0144ca \u017cydowskiego, festiwal zako\u0144czy za\u015b koncert Izabeli Szafra\u0144skiej z zespo\u0142em pt. \u201e\u017bydowska ulica\u201d.<\/p>\n\n\n\n<p>W programie nie zabraknie imprez towarzysz\u0105cych. Organizatorzy zapraszaj\u0105 na mobiln\u0105 wystaw\u0119 \u201eChasydzi lelowscy\u201d, warsztaty i prezentacj\u0119 wycinanki polskiej i \u017cydowskiej Grzegorza Duda\u0142y. Zaplanowano r\u00f3wnie\u017c zwiedzanie ohelu i synagogi. W sobot\u0119 b\u0119dzie je mo\u017cna zobaczy\u0107 w godz. 14-16, a w niedziel\u0119 \u2013 w godz. 12-14.<\/p>\n\n\n\n<p>Na festiwalu nie zabraknie oczywi\u015bcie stoisk z potrawami kuchni regionalnej oraz \u017cydowskiej, przede wszystkim ciulimu i czulentu.<\/p>\n\n\n\n<p>XX Festiwal Kultury Polskiej i \u017bydowskiej <a href=\"https:\/\/www.lelow.pl\/aktualnosci\/1529\" target=\"_blank\" rel=\"noopener\">\u201e\u015awi\u0119to Ciulimu &#8211; Czulentu\u201d<\/a> dofinansowano ze \u015brodk\u00f3w Ministerstwa Kultury i Dziedzictwa Narodowego pochodz\u0105cych z Funduszu Promocji Kultury oraz \u015brodk\u00f3w z bud\u017cetu wojew\u00f3dztwa \u015bl\u0105skiego.<\/p>\n\n\n\n<figure class=\"wp-block-image size-large is-resized\"><img decoding=\"async\" data-src=\"https:\/\/gazetaregionalna.com\/wp-content\/uploads\/2023\/07\/program.png\" alt=\"\u015awi\u0119to Ciulimu - Czulentu\" class=\"wp-image-110721 lazyload\" width=\"435\" height=\"560\" src=\"data:image\/svg+xml;base64,PHN2ZyB3aWR0aD0iMSIgaGVpZ2h0PSIxIiB4bWxucz0iaHR0cDovL3d3dy53My5vcmcvMjAwMC9zdmciPjwvc3ZnPg==\" style=\"--smush-placeholder-width: 435px; --smush-placeholder-aspect-ratio: 435\/560;\" \/><figcaption>\u201e\u015awi\u0119to Ciulimu &#8211; Czulentu\u201d &#8211; program<\/figcaption><\/figure>\n\n\n\n<p>red. mat. UG Lel\u00f3w, fot. GOK Lel\u00f3w, Gazeta Regionalna<\/p>\n\n\n\n<p>Czytaj tak\u017ce: <a href=\"https:\/\/gazetaregionalna.com\/wp-admin\/post.php?post=110682&amp;action=edit\">Gmina R\u0119dziny uzyska\u0142a ponad 1,1 mln z\u0142 na rewitalizacj\u0119 Dworu Wereszczy\u0144skich<\/a><\/p>\n","protected":false},"excerpt":{"rendered":"<p>Jubileuszowa edycja lelowskiego festiwalu kultury polskiej i \u017cydowskiej \u201e\u015awi\u0119to Ciulimu &#8211; Czulentu\u201d odb\u0119dzie si\u0119 w dniach 18-20 sierpnia. Program obfituje w liczne wydarzenia, m.in.<\/p>\n","protected":false},"author":5,"featured_media":0,"comment_status":"closed","ping_status":"open","sticky":false,"template":"","format":"standard","meta":{"_monsterinsights_skip_tracking":false,"_monsterinsights_sitenote_active":false,"_monsterinsights_sitenote_note":"","_monsterinsights_sitenote_category":0,"_uf_show_specific_survey":0,"_uf_disable_surveys":false,"footnotes":""},"categories":[2,94,4,13],"tags":[84,1218,678],"class_list":["post-110714","post","type-post","status-publish","format-standard","hentry","category-wiadomosci","category-polecane","category-region","category-wydarzenia","tag-festiwal","tag-koncerty","tag-swieto"],"_links":{"self":[{"href":"https:\/\/gazetaregionalna.com\/index.php?rest_route=\/wp\/v2\/posts\/110714","targetHints":{"allow":["GET"]}}],"collection":[{"href":"https:\/\/gazetaregionalna.com\/index.php?rest_route=\/wp\/v2\/posts"}],"about":[{"href":"https:\/\/gazetaregionalna.com\/index.php?rest_route=\/wp\/v2\/types\/post"}],"author":[{"embeddable":true,"href":"https:\/\/gazetaregionalna.com\/index.php?rest_route=\/wp\/v2\/users\/5"}],"replies":[{"embeddable":true,"href":"https:\/\/gazetaregionalna.com\/index.php?rest_route=%2Fwp%2Fv2%2Fcomments&post=110714"}],"version-history":[{"count":10,"href":"https:\/\/gazetaregionalna.com\/index.php?rest_route=\/wp\/v2\/posts\/110714\/revisions"}],"predecessor-version":[{"id":110735,"href":"https:\/\/gazetaregionalna.com\/index.php?rest_route=\/wp\/v2\/posts\/110714\/revisions\/110735"}],"wp:attachment":[{"href":"https:\/\/gazetaregionalna.com\/index.php?rest_route=%2Fwp%2Fv2%2Fmedia&parent=110714"}],"wp:term":[{"taxonomy":"category","embeddable":true,"href":"https:\/\/gazetaregionalna.com\/index.php?rest_route=%2Fwp%2Fv2%2Fcategories&post=110714"},{"taxonomy":"post_tag","embeddable":true,"href":"https:\/\/gazetaregionalna.com\/index.php?rest_route=%2Fwp%2Fv2%2Ftags&post=110714"}],"curies":[{"name":"wp","href":"https:\/\/api.w.org\/{rel}","templated":true}]}}