{"id":110566,"date":"2023-07-28T12:22:18","date_gmt":"2023-07-28T12:22:18","guid":{"rendered":"https:\/\/gazetaregionalna.com\/?p=110566"},"modified":"2023-07-28T12:22:20","modified_gmt":"2023-07-28T12:22:20","slug":"jesienna","status":"publish","type":"post","link":"https:\/\/gazetaregionalna.com\/?p=110566","title":{"rendered":"Dobra wiadomo\u015b\u0107 dla mieszka\u0144c\u00f3w Wrzosowiaka. Jesienna oddana do u\u017cytku"},"content":{"rendered":"\n<h3 class=\"wp-block-heading\"><strong>We czwartek Jesienna zosta\u0142a oficjalnie otwarta, zako\u0144czy\u0142 si\u0119 bowiem d\u0142ugotrwa\u0142y remont ulicy. Koszt inwestycji wyni\u00f3s\u0142 ok. 15,5 mln z\u0142. Od 1 sierpnia na otwarty odcinek wr\u00f3c\u0105 autobusy komunikacji miejskiej. \u00a0<\/strong><\/h3>\n\n\n\n<p>Przebudowywany odcinek ul. Jesiennej \u2013 od Grzybowskiej do alei 11 listopada zosta\u0142 po odbiorze poprawek, do kt\u00f3rych zobligowany zosta\u0142 wykonawca rob\u00f3t udro\u017cniony dla ruchu. Nowy fragment Jesiennej \u2013 do po\u0142\u0105czenia z ul. B\u00f3r &#8211; by\u0142 gotowy ju\u017c w maju. \u00a0<br>Od 1 sierpnia na otwarty 27 lipca odcinek Jesiennej wr\u00f3c\u0105 autobusy komunikacji miejskiej. W obu kierunkach linia MPK nr 20 pojedzie przez Jagiello\u0144sk\u0105 \u2013 Orkana \u2013 11 Listopada \u2013 Jesienn\u0105 \u2013 Rydza-\u015amig\u0142ego \u2013 Jagiello\u0144sk\u0105. Z uwagi na przebudow\u0119 alei Wojska Polskiego w dalszym ci\u0105gu obowi\u0105zuje objazd przez centrum miasta.<br>Otwarcie Jesiennej nast\u0105pi\u0142o nieco p\u00f3\u017aniej ni\u017c planowano z uwagi na konieczno\u015b\u0107 usuni\u0119cia usterek wykonawczych, kt\u00f3re stwierdzi\u0142 w trakcie odbior\u00f3w technicznych Miejski Zarz\u0105d Dr\u00f3g.\u00a0<\/p>\n\n\n\n<figure class=\"wp-block-image size-large is-resized\"><img decoding=\"async\" data-src=\"https:\/\/gazetaregionalna.com\/wp-content\/uploads\/2023\/07\/68228-1024x682.jpg\" alt=\"Jesienna\" class=\"wp-image-110569 lazyload\" width=\"528\" height=\"346\" src=\"data:image\/svg+xml;base64,PHN2ZyB3aWR0aD0iMSIgaGVpZ2h0PSIxIiB4bWxucz0iaHR0cDovL3d3dy53My5vcmcvMjAwMC9zdmciPjwvc3ZnPg==\" style=\"--smush-placeholder-width: 528px; --smush-placeholder-aspect-ratio: 528\/346;\" \/><figcaption>Ulica Jesienna oddana do u\u017cytku<\/figcaption><\/figure>\n\n\n\n<p>W ramach inwestycji zrealizowano mi\u0119dzy innymi:<br>\u2022 now\u0105 jezdni\u0119 o d\u0142ugo\u015bci niespe\u0142na 1,2 km wraz z chodnikami po obu stronach drogi,<br>\u2022 odwodnienie drogi na ca\u0142ej jej d\u0142ugo\u015bci,<br>\u2022 \u015bcie\u017ck\u0119 rowerow\u0105 o d\u0142ugo\u015bci niespe\u0142na 1,2 km,<br>\u2022 modernizacj\u0119 o\u015bwietlenia na ca\u0142ej d\u0142ugo\u015bci drogi,<br>\u2022 przebudow\u0119 6 skrzy\u017cowa\u0144 (w tym 1 typu ronda) oraz 3 zatok autobusowych,<br>\u2022 zagospodarowanie terenu now\u0105 zieleni\u0105.<br><br>Przypomnijmy, \u017ce to wa\u017cna dla po\u0142udniowej cz\u0119\u015bci miasta inwestycja drogowa, kt\u00f3ra znacznie poprawi uk\u0142ad komunikacyjny funkcjonuj\u0105cy w tym rejonie.<br>Przed\u0142u\u017cenie Jesiennej i nowe po\u0142\u0105czenie mi\u0119dzydzielnicowe jest istotn\u0105 alternatyw\u0105 drogow\u0105 dla po\u0142udniowych dzielnic i ruchu mi\u0119dzydzielnicowego. Otwarcie ca\u0142o\u015bci Jesiennej jest tak\u017ce istotne w sytuacji trwaj\u0105cych miejskich inwestycji drogowych oraz prac na obwodnicy A1 zleconych przez Generaln\u0105 Dyrekcj\u0119 Dr\u00f3g Krajowych i Autostrad.<\/p>\n\n\n\n<figure class=\"wp-block-image size-large is-resized\"><img decoding=\"async\" data-src=\"https:\/\/gazetaregionalna.com\/wp-content\/uploads\/2023\/07\/68234-1024x682.jpg\" alt=\"Jesienna\" class=\"wp-image-110570 lazyload\" width=\"529\" height=\"352\" data-srcset=\"https:\/\/gazetaregionalna.com\/wp-content\/uploads\/2023\/07\/68234-1024x682.jpg 1024w, https:\/\/gazetaregionalna.com\/wp-content\/uploads\/2023\/07\/68234-300x200.jpg 300w, https:\/\/gazetaregionalna.com\/wp-content\/uploads\/2023\/07\/68234-768x511.jpg 768w, https:\/\/gazetaregionalna.com\/wp-content\/uploads\/2023\/07\/68234-1536x1022.jpg 1536w, https:\/\/gazetaregionalna.com\/wp-content\/uploads\/2023\/07\/68234-696x463.jpg 696w, https:\/\/gazetaregionalna.com\/wp-content\/uploads\/2023\/07\/68234-1068x711.jpg 1068w, https:\/\/gazetaregionalna.com\/wp-content\/uploads\/2023\/07\/68234-1920x1278.jpg 1920w, https:\/\/gazetaregionalna.com\/wp-content\/uploads\/2023\/07\/68234-631x420.jpg 631w, https:\/\/gazetaregionalna.com\/wp-content\/uploads\/2023\/07\/68234-scaled.jpg 1600w\" data-sizes=\"(max-width: 529px) 100vw, 529px\" src=\"data:image\/svg+xml;base64,PHN2ZyB3aWR0aD0iMSIgaGVpZ2h0PSIxIiB4bWxucz0iaHR0cDovL3d3dy53My5vcmcvMjAwMC9zdmciPjwvc3ZnPg==\" style=\"--smush-placeholder-width: 529px; --smush-placeholder-aspect-ratio: 529\/352;\" \/><figcaption>Ulica Jesienna oddana do u\u017cytku<\/figcaption><\/figure>\n\n\n\n<p>Koszt ca\u0142o\u015bci zadania wyni\u00f3s\u0142 ok. 15,5 mln z\u0142, z czego ponad 4,4 mln z\u0142 pochodzi z Rz\u0105dowego Funduszu Rozwoju Dr\u00f3g, a reszta to \u015brodki w\u0142asne z bud\u017cetu miasta Cz\u0119stochowy. Inwestycja poprawiaj\u0105ca uk\u0142ad komunikacyjny po\u0142udniowej cz\u0119\u015bci miasta zosta\u0142a zrealizowana w ramach programu \u201eLepsza Komunikacja w Cz\u0119stochowie\u201d.<\/p>\n\n\n\n<figure class=\"wp-block-gallery columns-3 is-cropped wp-block-gallery-1 is-layout-flex wp-block-gallery-is-layout-flex\"><ul class=\"blocks-gallery-grid\"><li class=\"blocks-gallery-item\"><figure><img decoding=\"async\" width=\"1024\" height=\"683\" data-src=\"https:\/\/gazetaregionalna.com\/wp-content\/uploads\/2023\/07\/68227-1024x683.jpg\" alt=\"\" data-id=\"110571\" data-full-url=\"https:\/\/gazetaregionalna.com\/wp-content\/uploads\/2023\/07\/68227-scaled.jpg\" data-link=\"https:\/\/gazetaregionalna.com\/?attachment_id=110571\" class=\"wp-image-110571 lazyload\" data-srcset=\"https:\/\/gazetaregionalna.com\/wp-content\/uploads\/2023\/07\/68227-1024x683.jpg 1024w, https:\/\/gazetaregionalna.com\/wp-content\/uploads\/2023\/07\/68227-300x200.jpg 300w, https:\/\/gazetaregionalna.com\/wp-content\/uploads\/2023\/07\/68227-768x512.jpg 768w, https:\/\/gazetaregionalna.com\/wp-content\/uploads\/2023\/07\/68227-1536x1024.jpg 1536w, https:\/\/gazetaregionalna.com\/wp-content\/uploads\/2023\/07\/68227-696x464.jpg 696w, https:\/\/gazetaregionalna.com\/wp-content\/uploads\/2023\/07\/68227-1068x712.jpg 1068w, https:\/\/gazetaregionalna.com\/wp-content\/uploads\/2023\/07\/68227-1920x1280.jpg 1920w, https:\/\/gazetaregionalna.com\/wp-content\/uploads\/2023\/07\/68227-630x420.jpg 630w, https:\/\/gazetaregionalna.com\/wp-content\/uploads\/2023\/07\/68227-scaled.jpg 1600w\" data-sizes=\"(max-width: 1024px) 100vw, 1024px\" src=\"data:image\/svg+xml;base64,PHN2ZyB3aWR0aD0iMSIgaGVpZ2h0PSIxIiB4bWxucz0iaHR0cDovL3d3dy53My5vcmcvMjAwMC9zdmciPjwvc3ZnPg==\" style=\"--smush-placeholder-width: 1024px; --smush-placeholder-aspect-ratio: 1024\/683;\" \/><\/figure><\/li><li class=\"blocks-gallery-item\"><figure><img decoding=\"async\" width=\"1024\" height=\"683\" data-src=\"https:\/\/gazetaregionalna.com\/wp-content\/uploads\/2023\/07\/68229-1024x683.jpg\" alt=\"\" data-id=\"110572\" data-full-url=\"https:\/\/gazetaregionalna.com\/wp-content\/uploads\/2023\/07\/68229-scaled.jpg\" data-link=\"https:\/\/gazetaregionalna.com\/?attachment_id=110572\" class=\"wp-image-110572 lazyload\" data-srcset=\"https:\/\/gazetaregionalna.com\/wp-content\/uploads\/2023\/07\/68229-1024x683.jpg 1024w, https:\/\/gazetaregionalna.com\/wp-content\/uploads\/2023\/07\/68229-300x200.jpg 300w, https:\/\/gazetaregionalna.com\/wp-content\/uploads\/2023\/07\/68229-768x512.jpg 768w, https:\/\/gazetaregionalna.com\/wp-content\/uploads\/2023\/07\/68229-1536x1024.jpg 1536w, https:\/\/gazetaregionalna.com\/wp-content\/uploads\/2023\/07\/68229-696x464.jpg 696w, https:\/\/gazetaregionalna.com\/wp-content\/uploads\/2023\/07\/68229-1068x712.jpg 1068w, https:\/\/gazetaregionalna.com\/wp-content\/uploads\/2023\/07\/68229-1920x1280.jpg 1920w, https:\/\/gazetaregionalna.com\/wp-content\/uploads\/2023\/07\/68229-630x420.jpg 630w, https:\/\/gazetaregionalna.com\/wp-content\/uploads\/2023\/07\/68229-scaled.jpg 1600w\" data-sizes=\"(max-width: 1024px) 100vw, 1024px\" src=\"data:image\/svg+xml;base64,PHN2ZyB3aWR0aD0iMSIgaGVpZ2h0PSIxIiB4bWxucz0iaHR0cDovL3d3dy53My5vcmcvMjAwMC9zdmciPjwvc3ZnPg==\" style=\"--smush-placeholder-width: 1024px; --smush-placeholder-aspect-ratio: 1024\/683;\" \/><\/figure><\/li><li class=\"blocks-gallery-item\"><figure><img decoding=\"async\" width=\"1024\" height=\"682\" data-src=\"https:\/\/gazetaregionalna.com\/wp-content\/uploads\/2023\/07\/68230-1024x682.jpg\" alt=\"\" data-id=\"110573\" data-full-url=\"https:\/\/gazetaregionalna.com\/wp-content\/uploads\/2023\/07\/68230-scaled.jpg\" data-link=\"https:\/\/gazetaregionalna.com\/?attachment_id=110573\" class=\"wp-image-110573 lazyload\" data-srcset=\"https:\/\/gazetaregionalna.com\/wp-content\/uploads\/2023\/07\/68230-1024x682.jpg 1024w, https:\/\/gazetaregionalna.com\/wp-content\/uploads\/2023\/07\/68230-300x200.jpg 300w, https:\/\/gazetaregionalna.com\/wp-content\/uploads\/2023\/07\/68230-768x511.jpg 768w, https:\/\/gazetaregionalna.com\/wp-content\/uploads\/2023\/07\/68230-1536x1022.jpg 1536w, https:\/\/gazetaregionalna.com\/wp-content\/uploads\/2023\/07\/68230-696x463.jpg 696w, https:\/\/gazetaregionalna.com\/wp-content\/uploads\/2023\/07\/68230-1068x711.jpg 1068w, https:\/\/gazetaregionalna.com\/wp-content\/uploads\/2023\/07\/68230-1920x1278.jpg 1920w, https:\/\/gazetaregionalna.com\/wp-content\/uploads\/2023\/07\/68230-631x420.jpg 631w, https:\/\/gazetaregionalna.com\/wp-content\/uploads\/2023\/07\/68230-scaled.jpg 1600w\" data-sizes=\"(max-width: 1024px) 100vw, 1024px\" src=\"data:image\/svg+xml;base64,PHN2ZyB3aWR0aD0iMSIgaGVpZ2h0PSIxIiB4bWxucz0iaHR0cDovL3d3dy53My5vcmcvMjAwMC9zdmciPjwvc3ZnPg==\" style=\"--smush-placeholder-width: 1024px; --smush-placeholder-aspect-ratio: 1024\/682;\" \/><\/figure><\/li><li class=\"blocks-gallery-item\"><figure><img decoding=\"async\" width=\"1024\" height=\"682\" data-src=\"https:\/\/gazetaregionalna.com\/wp-content\/uploads\/2023\/07\/68231-1024x682.jpg\" alt=\"\" data-id=\"110574\" data-full-url=\"https:\/\/gazetaregionalna.com\/wp-content\/uploads\/2023\/07\/68231-scaled.jpg\" data-link=\"https:\/\/gazetaregionalna.com\/?attachment_id=110574\" class=\"wp-image-110574 lazyload\" data-srcset=\"https:\/\/gazetaregionalna.com\/wp-content\/uploads\/2023\/07\/68231-1024x682.jpg 1024w, https:\/\/gazetaregionalna.com\/wp-content\/uploads\/2023\/07\/68231-300x200.jpg 300w, https:\/\/gazetaregionalna.com\/wp-content\/uploads\/2023\/07\/68231-768x511.jpg 768w, https:\/\/gazetaregionalna.com\/wp-content\/uploads\/2023\/07\/68231-1536x1022.jpg 1536w, https:\/\/gazetaregionalna.com\/wp-content\/uploads\/2023\/07\/68231-696x463.jpg 696w, https:\/\/gazetaregionalna.com\/wp-content\/uploads\/2023\/07\/68231-1068x711.jpg 1068w, https:\/\/gazetaregionalna.com\/wp-content\/uploads\/2023\/07\/68231-1920x1278.jpg 1920w, https:\/\/gazetaregionalna.com\/wp-content\/uploads\/2023\/07\/68231-631x420.jpg 631w, https:\/\/gazetaregionalna.com\/wp-content\/uploads\/2023\/07\/68231-scaled.jpg 1600w\" data-sizes=\"(max-width: 1024px) 100vw, 1024px\" src=\"data:image\/svg+xml;base64,PHN2ZyB3aWR0aD0iMSIgaGVpZ2h0PSIxIiB4bWxucz0iaHR0cDovL3d3dy53My5vcmcvMjAwMC9zdmciPjwvc3ZnPg==\" style=\"--smush-placeholder-width: 1024px; --smush-placeholder-aspect-ratio: 1024\/682;\" \/><\/figure><\/li><li class=\"blocks-gallery-item\"><figure><img decoding=\"async\" width=\"1024\" height=\"682\" data-src=\"https:\/\/gazetaregionalna.com\/wp-content\/uploads\/2023\/07\/68233-1024x682.jpg\" alt=\"\" data-id=\"110576\" data-full-url=\"https:\/\/gazetaregionalna.com\/wp-content\/uploads\/2023\/07\/68233-scaled.jpg\" data-link=\"https:\/\/gazetaregionalna.com\/?attachment_id=110576\" class=\"wp-image-110576 lazyload\" data-srcset=\"https:\/\/gazetaregionalna.com\/wp-content\/uploads\/2023\/07\/68233-1024x682.jpg 1024w, https:\/\/gazetaregionalna.com\/wp-content\/uploads\/2023\/07\/68233-300x200.jpg 300w, https:\/\/gazetaregionalna.com\/wp-content\/uploads\/2023\/07\/68233-768x511.jpg 768w, https:\/\/gazetaregionalna.com\/wp-content\/uploads\/2023\/07\/68233-1536x1022.jpg 1536w, https:\/\/gazetaregionalna.com\/wp-content\/uploads\/2023\/07\/68233-696x463.jpg 696w, https:\/\/gazetaregionalna.com\/wp-content\/uploads\/2023\/07\/68233-1068x711.jpg 1068w, https:\/\/gazetaregionalna.com\/wp-content\/uploads\/2023\/07\/68233-1920x1278.jpg 1920w, https:\/\/gazetaregionalna.com\/wp-content\/uploads\/2023\/07\/68233-631x420.jpg 631w, https:\/\/gazetaregionalna.com\/wp-content\/uploads\/2023\/07\/68233-scaled.jpg 1600w\" data-sizes=\"(max-width: 1024px) 100vw, 1024px\" src=\"data:image\/svg+xml;base64,PHN2ZyB3aWR0aD0iMSIgaGVpZ2h0PSIxIiB4bWxucz0iaHR0cDovL3d3dy53My5vcmcvMjAwMC9zdmciPjwvc3ZnPg==\" style=\"--smush-placeholder-width: 1024px; --smush-placeholder-aspect-ratio: 1024\/682;\" \/><\/figure><\/li><li class=\"blocks-gallery-item\"><figure><img decoding=\"async\" width=\"1024\" height=\"683\" data-src=\"https:\/\/gazetaregionalna.com\/wp-content\/uploads\/2023\/07\/68235-1024x683.jpg\" alt=\"\" data-id=\"110577\" data-full-url=\"https:\/\/gazetaregionalna.com\/wp-content\/uploads\/2023\/07\/68235-scaled.jpg\" data-link=\"https:\/\/gazetaregionalna.com\/?attachment_id=110577\" class=\"wp-image-110577 lazyload\" data-srcset=\"https:\/\/gazetaregionalna.com\/wp-content\/uploads\/2023\/07\/68235-1024x683.jpg 1024w, https:\/\/gazetaregionalna.com\/wp-content\/uploads\/2023\/07\/68235-300x200.jpg 300w, https:\/\/gazetaregionalna.com\/wp-content\/uploads\/2023\/07\/68235-768x512.jpg 768w, https:\/\/gazetaregionalna.com\/wp-content\/uploads\/2023\/07\/68235-1536x1024.jpg 1536w, https:\/\/gazetaregionalna.com\/wp-content\/uploads\/2023\/07\/68235-696x464.jpg 696w, https:\/\/gazetaregionalna.com\/wp-content\/uploads\/2023\/07\/68235-1068x712.jpg 1068w, https:\/\/gazetaregionalna.com\/wp-content\/uploads\/2023\/07\/68235-1920x1280.jpg 1920w, https:\/\/gazetaregionalna.com\/wp-content\/uploads\/2023\/07\/68235-630x420.jpg 630w, https:\/\/gazetaregionalna.com\/wp-content\/uploads\/2023\/07\/68235-scaled.jpg 1600w\" data-sizes=\"(max-width: 1024px) 100vw, 1024px\" src=\"data:image\/svg+xml;base64,PHN2ZyB3aWR0aD0iMSIgaGVpZ2h0PSIxIiB4bWxucz0iaHR0cDovL3d3dy53My5vcmcvMjAwMC9zdmciPjwvc3ZnPg==\" style=\"--smush-placeholder-width: 1024px; --smush-placeholder-aspect-ratio: 1024\/683;\" \/><\/figure><\/li><\/ul><figcaption class=\"blocks-gallery-caption\">Ulica Jesienna oddana do u\u017cytku<\/figcaption><\/figure>\n\n\n\n<p>red. mat. <a href=\"https:\/\/www.facebook.com\/czewa\" target=\"_blank\" rel=\"noopener\">UM Cz\u0119stochowy<\/a>, fot. \u0141ukasz Kolewi\u0144ski<\/p>\n\n\n\n<p>Czytaj tak\u017ce: <a href=\"https:\/\/gazetaregionalna.com\/wp-admin\/post.php?post=110520&amp;action=edit\">Prace na obwodnicy A1 &#8211; wniosek o kontrole ci\u0119\u017car\u00f3wek<\/a><\/p>\n","protected":false},"excerpt":{"rendered":"<p>We czwartek Jesienna zosta\u0142a oficjalnie otwarta, zako\u0144czy\u0142 si\u0119 bowiem d\u0142ugotrwa\u0142y remont ulicy. Koszt inwestycji wyni\u00f3s\u0142 ok. 15,5 mln z\u0142. Od 1 sierpnia na otwarty<\/p>\n","protected":false},"author":5,"featured_media":110568,"comment_status":"closed","ping_status":"open","sticky":false,"template":"","format":"standard","meta":{"_monsterinsights_skip_tracking":false,"_monsterinsights_sitenote_active":false,"_monsterinsights_sitenote_note":"","_monsterinsights_sitenote_category":0,"_uf_show_specific_survey":0,"_uf_disable_surveys":false,"footnotes":""},"categories":[3,33,94,2],"tags":[144,173,8132],"class_list":["post-110566","post","type-post","status-publish","format-standard","has-post-thumbnail","hentry","category-czestochowa-informacje","category-inwestycje","category-polecane","category-wiadomosci","tag-czestochowa","tag-drogi","tag-remont-ulicy"],"_links":{"self":[{"href":"https:\/\/gazetaregionalna.com\/index.php?rest_route=\/wp\/v2\/posts\/110566","targetHints":{"allow":["GET"]}}],"collection":[{"href":"https:\/\/gazetaregionalna.com\/index.php?rest_route=\/wp\/v2\/posts"}],"about":[{"href":"https:\/\/gazetaregionalna.com\/index.php?rest_route=\/wp\/v2\/types\/post"}],"author":[{"embeddable":true,"href":"https:\/\/gazetaregionalna.com\/index.php?rest_route=\/wp\/v2\/users\/5"}],"replies":[{"embeddable":true,"href":"https:\/\/gazetaregionalna.com\/index.php?rest_route=%2Fwp%2Fv2%2Fcomments&post=110566"}],"version-history":[{"count":3,"href":"https:\/\/gazetaregionalna.com\/index.php?rest_route=\/wp\/v2\/posts\/110566\/revisions"}],"predecessor-version":[{"id":110578,"href":"https:\/\/gazetaregionalna.com\/index.php?rest_route=\/wp\/v2\/posts\/110566\/revisions\/110578"}],"wp:featuredmedia":[{"embeddable":true,"href":"https:\/\/gazetaregionalna.com\/index.php?rest_route=\/wp\/v2\/media\/110568"}],"wp:attachment":[{"href":"https:\/\/gazetaregionalna.com\/index.php?rest_route=%2Fwp%2Fv2%2Fmedia&parent=110566"}],"wp:term":[{"taxonomy":"category","embeddable":true,"href":"https:\/\/gazetaregionalna.com\/index.php?rest_route=%2Fwp%2Fv2%2Fcategories&post=110566"},{"taxonomy":"post_tag","embeddable":true,"href":"https:\/\/gazetaregionalna.com\/index.php?rest_route=%2Fwp%2Fv2%2Ftags&post=110566"}],"curies":[{"name":"wp","href":"https:\/\/api.w.org\/{rel}","templated":true}]}}