{"id":11049,"date":"2020-03-25T10:15:59","date_gmt":"2020-03-25T10:15:59","guid":{"rendered":"https:\/\/gazetaregionalna.com\/?p=11049"},"modified":"2020-03-25T10:52:03","modified_gmt":"2020-03-25T10:52:03","slug":"swiatlo-do-nieba-dla-sluzby-zdrowia","status":"publish","type":"post","link":"https:\/\/gazetaregionalna.com\/?p=11049","title":{"rendered":"\u015awiat\u0142o do nieba dla s\u0142u\u017cby zdrowia"},"content":{"rendered":"\n<h2 class=\"wp-block-heading\">Jutro o godzinie 20 kilkaset firm zajmuj\u0105cych si\u0119 w ca\u0142ej Polsce obs\u0142ug\u0105 techniczn\u0105 imprez estradowych wy\u015ble do niego \u015bwiat\u0142o nadziei. B\u0119dzie to podzi\u0119kowanie dla s\u0142u\u017cby zdrowia, kt\u00f3ra walczy z koronawirusem, ale tak\u017ce znak wiary w to, \u017ce sytuacja z epidemi\u0105 zostanie szybko opanowana.<\/h2>\n\n\n\n<p><br> Polscy przedstawiciele bran\u017cy estradowej przy\u0142\u0105czaj\u0105 si\u0119 tym samym do og\u00f3lnoeuropejskiej akcji zorganizowanej w internecie pod has\u0142em: #LightTheSky.<br> \u015awiat\u0142o otuchy wy\u015ble w czwartek do nieba mi\u0119dzy innymi Wojciech Szejka, w\u0142a\u015bciciel firmy &#8222;Technika Estradowa Light&amp;Sound&#8221; dzia\u0142aj\u0105cej w powiecie radomszcza\u0144skim.<\/p>\n\n\n\n<ul class=\"wp-block-list\"><li><em>To jest takie nasze podzi\u0119kowanie dla wszystkich, kt\u00f3rzy walcz\u0105 z koronawirusem \u2014<\/em> powiedzia\u0142 nam Wojciech Szejka. \u2014  <em>W nich nadzieja na zwalczenie choroby. Je\u015bli oni dadz\u0105 rad\u0119, wszyscy na tym skorzystamy, wr\u00f3ci normalno\u015b\u0107.<\/em><br> Jak opowiada przedsi\u0119biorca z miejscowo\u015bci Wielgom\u0142yny, to w\u0142a\u015bnie jego bran\u017ca jako pierwsza ucierpia\u0142a z powodu epidemii. W pierwszej kolejno\u015bci bowiem odwo\u0142ano wszelkie imprezy masowe, na kt\u00f3rych obs\u0142uga techniczna, w tym w\u0142a\u015bnie o\u015bwietleniowcy, zarabiaj\u0105.<\/li><li><em>Mamy olbrzymie straty<\/em> \u2014 opowiada. \u2014 <em> Ja na przyk\u0142ad straci\u0142em a\u017c trzydzie\u015bci wydarze\u0144, kt\u00f3re mia\u0142em obs\u0142ugiwa\u0107. Nie zarabiam, a koszty utrzymania firmy musz\u0119 ponosi\u0107. Obawiam si\u0119, \u017ce ten rok mamy w naszej bran\u017cy stracony. Nie wiemy, jak przetrwamy ten trudny czas.<\/em><br> Wojciech Szejka t\u0142umaczy, \u017ce przyst\u0119puje do czwartkowego o\u015bwietlenia nieba tak\u017ce w ge\u015bcie solidarno\u015bci ze wszystkimi kolegami po fachu.<br> Idea jutrzejszej akcji nawi\u0105zuje do &#8222;\u015awiate\u0142ka do Nieba&#8221;, kt\u00f3re jest wysy\u0142ane na zako\u0144czenie ka\u017cdego fina\u0142u Wielkiej Orkiestry \u015awi\u0105tecznej Pomocy. O jednej godzinie &#8211; 20, firmy o\u015bwietleniowe uruchomi\u0105 na kwadrans swoje reflektory i skieruj\u0105 je w niebo.<\/li><li><em>Ca\u0142a akcja jest oficjalnie zg\u0142oszona, m.in. do s\u0142u\u017cb lotniczych<\/em> \u2014 opowiada Wojciech Szejka. \u2014 <em> Ka\u017cdy z nas musia\u0142 poda\u0107 dok\u0142adne wsp\u00f3\u0142rz\u0119dne geograficzne firmy, z kt\u00f3rej terenu b\u0119dzie wysy\u0142any sygna\u0142 \u015bwietlny, aby nie zaszkodzi\u0142o to na przyk\u0142ad lec\u0105cym samolotom. Zapraszam do ogl\u0105dania pokazu. Z oczywistych wzgl\u0119d\u00f3w widzowie musz\u0105 go ogl\u0105da\u0107 z okien swoich dom\u00f3w.<\/em><\/li><\/ul>\n\n\n\n<p><\/p>\n","protected":false},"excerpt":{"rendered":"<p>Jutro o godzinie 20 kilkaset firm zajmuj\u0105cych si\u0119 w ca\u0142ej Polsce obs\u0142ug\u0105 techniczn\u0105 imprez estradowych wy\u015ble do niego \u015bwiat\u0142o nadziei. B\u0119dzie to podzi\u0119kowanie dla<\/p>\n","protected":false},"author":7,"featured_media":0,"comment_status":"open","ping_status":"open","sticky":false,"template":"","format":"standard","meta":{"_monsterinsights_skip_tracking":false,"_monsterinsights_sitenote_active":false,"_monsterinsights_sitenote_note":"","_monsterinsights_sitenote_category":0,"_uf_show_specific_survey":0,"_uf_disable_surveys":false,"footnotes":""},"categories":[94,28,2],"tags":[],"class_list":["post-11049","post","type-post","status-publish","format-standard","hentry","category-polecane","category-radomsko","category-wiadomosci"],"_links":{"self":[{"href":"https:\/\/gazetaregionalna.com\/index.php?rest_route=\/wp\/v2\/posts\/11049","targetHints":{"allow":["GET"]}}],"collection":[{"href":"https:\/\/gazetaregionalna.com\/index.php?rest_route=\/wp\/v2\/posts"}],"about":[{"href":"https:\/\/gazetaregionalna.com\/index.php?rest_route=\/wp\/v2\/types\/post"}],"author":[{"embeddable":true,"href":"https:\/\/gazetaregionalna.com\/index.php?rest_route=\/wp\/v2\/users\/7"}],"replies":[{"embeddable":true,"href":"https:\/\/gazetaregionalna.com\/index.php?rest_route=%2Fwp%2Fv2%2Fcomments&post=11049"}],"version-history":[{"count":2,"href":"https:\/\/gazetaregionalna.com\/index.php?rest_route=\/wp\/v2\/posts\/11049\/revisions"}],"predecessor-version":[{"id":11052,"href":"https:\/\/gazetaregionalna.com\/index.php?rest_route=\/wp\/v2\/posts\/11049\/revisions\/11052"}],"wp:attachment":[{"href":"https:\/\/gazetaregionalna.com\/index.php?rest_route=%2Fwp%2Fv2%2Fmedia&parent=11049"}],"wp:term":[{"taxonomy":"category","embeddable":true,"href":"https:\/\/gazetaregionalna.com\/index.php?rest_route=%2Fwp%2Fv2%2Fcategories&post=11049"},{"taxonomy":"post_tag","embeddable":true,"href":"https:\/\/gazetaregionalna.com\/index.php?rest_route=%2Fwp%2Fv2%2Ftags&post=11049"}],"curies":[{"name":"wp","href":"https:\/\/api.w.org\/{rel}","templated":true}]}}