{"id":110463,"date":"2023-07-27T14:12:25","date_gmt":"2023-07-27T14:12:25","guid":{"rendered":"https:\/\/gazetaregionalna.com\/?p=110463"},"modified":"2023-07-27T14:12:27","modified_gmt":"2023-07-27T14:12:27","slug":"przedszkola-2","status":"publish","type":"post","link":"https:\/\/gazetaregionalna.com\/?p=110463","title":{"rendered":"Nowa siedziba Miejskiego Przedszkola nr 29 nabiera kolor\u00f3w"},"content":{"rendered":"\n<h3 class=\"wp-block-heading\"><strong>Trwaj\u0105 intensywne prace na placu budowy nowego obiektu gnaszy\u0144skiego przedszkola. Zako\u0144czenie rob\u00f3t zaplanowano na po\u0142ow\u0119 pa\u017adziernika br. Koszt inwestycji to<\/strong> <strong>9,8 mln z\u0142.<\/strong><\/h3>\n\n\n\n<p>Roboty na zewn\u0105trz budynku powoli dobiegaj\u0105 ko\u0144ca, przedszkole b\u0119dzie nie tylko niezwykle kolorowe, ale i ekologiczne. W nowoczesnym, dwukondygnacyjnym budynku przy ul. Osada M\u0142y\u0144ska w Gnaszynie znajdzie si\u0119 miejsce dla 125 przedszkolak\u00f3w.<\/p>\n\n\n\n<p>Dotychczasowa, bardzo wys\u0142u\u017cona siedziba Miejskiego Przedszkola nr 29 zostanie rozebrana, a w jej miejsce powstanie parking. W nowej siedzibie, kt\u00f3ra powstaje w s\u0105siedztwie poprzedniej, docelowo uruchomionych zostanie 5 oddzia\u0142\u00f3w przedszkolnych, przeznaczonych dla ponad stu dwudziestu maluch\u00f3w. Pierwsze \u015bciany, kt\u00f3re stan\u0119\u0142y p\u00f3\u017an\u0105 jesieni\u0105 zesz\u0142ego roku&nbsp;\u2013 s\u0105 ju\u017c otynkowane i r\u00f3\u017cnobarwnie pomalowane.<\/p>\n\n\n\n<p>Obiekt powstaje z u\u017cyciem ekologicznych rozwi\u0105za\u0144. Sale plac\u00f3wki b\u0119d\u0105 ogrzewane pomp\u0105 ciep\u0142a, na dachu zainstalowane zostan\u0105 panele fotowoltaiczne, pojawi si\u0119 te\u017c zielona \u015bciana. W budynku przewidziano nowoczesne zaplecze kuchenne i sportowe, a teren wok\u00f3\u0142 plac\u00f3wki zostanie uporz\u0105dkowany, pojawi\u0105 si\u0119 bowiem nowe doj\u015bcia i dojazdy oraz stanowiska postojowe. Zaprojektowano te\u017c nowy plac zabaw i du\u017co zieleni.<\/p>\n\n\n\n<p>Przedszkolaki b\u0119d\u0105 mog\u0142y przenie\u015b\u0107 si\u0119 i w pe\u0142ni korzysta\u0107 z nowego obiektu, kiedy b\u0119dzie ca\u0142kowicie gotowy do u\u017cytkowania. Zako\u0144czenie rob\u00f3t przewidziano na po\u0142ow\u0119 pa\u017adziernika tego roku. Koszt inwestycji to 9,8 mln z\u0142<strong>. <\/strong>Miasto ze swojego bud\u017cetu wyk\u0142ada 4,8 mln z\u0142, za\u015b 5 mln z\u0142 pochodzi z rz\u0105dowego Programu Inwestycji Strategiczny Polski \u0141ad. <\/p>\n\n\n\n<figure class=\"wp-block-gallery columns-3 is-cropped wp-block-gallery-1 is-layout-flex wp-block-gallery-is-layout-flex\"><ul class=\"blocks-gallery-grid\"><li class=\"blocks-gallery-item\"><figure><img decoding=\"async\" width=\"1024\" height=\"682\" data-src=\"https:\/\/gazetaregionalna.com\/wp-content\/uploads\/2023\/07\/68200-1024x682.jpg\" alt=\"\" data-id=\"110470\" data-full-url=\"https:\/\/gazetaregionalna.com\/wp-content\/uploads\/2023\/07\/68200-scaled.jpg\" data-link=\"https:\/\/gazetaregionalna.com\/?attachment_id=110470\" class=\"wp-image-110470 lazyload\" data-srcset=\"https:\/\/gazetaregionalna.com\/wp-content\/uploads\/2023\/07\/68200-1024x682.jpg 1024w, https:\/\/gazetaregionalna.com\/wp-content\/uploads\/2023\/07\/68200-300x200.jpg 300w, https:\/\/gazetaregionalna.com\/wp-content\/uploads\/2023\/07\/68200-768x511.jpg 768w, https:\/\/gazetaregionalna.com\/wp-content\/uploads\/2023\/07\/68200-1536x1022.jpg 1536w, https:\/\/gazetaregionalna.com\/wp-content\/uploads\/2023\/07\/68200-696x463.jpg 696w, https:\/\/gazetaregionalna.com\/wp-content\/uploads\/2023\/07\/68200-1068x711.jpg 1068w, https:\/\/gazetaregionalna.com\/wp-content\/uploads\/2023\/07\/68200-1920x1278.jpg 1920w, https:\/\/gazetaregionalna.com\/wp-content\/uploads\/2023\/07\/68200-631x420.jpg 631w, https:\/\/gazetaregionalna.com\/wp-content\/uploads\/2023\/07\/68200-scaled.jpg 1600w\" data-sizes=\"(max-width: 1024px) 100vw, 1024px\" src=\"data:image\/svg+xml;base64,PHN2ZyB3aWR0aD0iMSIgaGVpZ2h0PSIxIiB4bWxucz0iaHR0cDovL3d3dy53My5vcmcvMjAwMC9zdmciPjwvc3ZnPg==\" style=\"--smush-placeholder-width: 1024px; --smush-placeholder-aspect-ratio: 1024\/682;\" \/><\/figure><\/li><li class=\"blocks-gallery-item\"><figure><img decoding=\"async\" width=\"1024\" height=\"682\" data-src=\"https:\/\/gazetaregionalna.com\/wp-content\/uploads\/2023\/07\/68204-1024x682.jpg\" alt=\"\" data-id=\"110473\" data-full-url=\"https:\/\/gazetaregionalna.com\/wp-content\/uploads\/2023\/07\/68204-scaled.jpg\" data-link=\"https:\/\/gazetaregionalna.com\/?attachment_id=110473\" class=\"wp-image-110473 lazyload\" data-srcset=\"https:\/\/gazetaregionalna.com\/wp-content\/uploads\/2023\/07\/68204-1024x682.jpg 1024w, https:\/\/gazetaregionalna.com\/wp-content\/uploads\/2023\/07\/68204-300x200.jpg 300w, https:\/\/gazetaregionalna.com\/wp-content\/uploads\/2023\/07\/68204-768x511.jpg 768w, https:\/\/gazetaregionalna.com\/wp-content\/uploads\/2023\/07\/68204-1536x1022.jpg 1536w, https:\/\/gazetaregionalna.com\/wp-content\/uploads\/2023\/07\/68204-696x463.jpg 696w, https:\/\/gazetaregionalna.com\/wp-content\/uploads\/2023\/07\/68204-1068x711.jpg 1068w, https:\/\/gazetaregionalna.com\/wp-content\/uploads\/2023\/07\/68204-1920x1278.jpg 1920w, https:\/\/gazetaregionalna.com\/wp-content\/uploads\/2023\/07\/68204-631x420.jpg 631w, https:\/\/gazetaregionalna.com\/wp-content\/uploads\/2023\/07\/68204-scaled.jpg 1600w\" data-sizes=\"(max-width: 1024px) 100vw, 1024px\" src=\"data:image\/svg+xml;base64,PHN2ZyB3aWR0aD0iMSIgaGVpZ2h0PSIxIiB4bWxucz0iaHR0cDovL3d3dy53My5vcmcvMjAwMC9zdmciPjwvc3ZnPg==\" style=\"--smush-placeholder-width: 1024px; --smush-placeholder-aspect-ratio: 1024\/682;\" \/><\/figure><\/li><li class=\"blocks-gallery-item\"><figure><img decoding=\"async\" width=\"600\" height=\"399\" data-src=\"https:\/\/gazetaregionalna.com\/wp-content\/uploads\/2023\/07\/68198.jpg\" alt=\"\" data-id=\"110468\" data-full-url=\"https:\/\/gazetaregionalna.com\/wp-content\/uploads\/2023\/07\/68198.jpg\" data-link=\"https:\/\/gazetaregionalna.com\/?attachment_id=110468\" class=\"wp-image-110468 lazyload\" data-srcset=\"https:\/\/gazetaregionalna.com\/wp-content\/uploads\/2023\/07\/68198.jpg 600w, https:\/\/gazetaregionalna.com\/wp-content\/uploads\/2023\/07\/68198-300x200.jpg 300w\" data-sizes=\"(max-width: 600px) 100vw, 600px\" src=\"data:image\/svg+xml;base64,PHN2ZyB3aWR0aD0iMSIgaGVpZ2h0PSIxIiB4bWxucz0iaHR0cDovL3d3dy53My5vcmcvMjAwMC9zdmciPjwvc3ZnPg==\" style=\"--smush-placeholder-width: 600px; --smush-placeholder-aspect-ratio: 600\/399;\" \/><\/figure><\/li><li class=\"blocks-gallery-item\"><figure><img decoding=\"async\" width=\"1024\" height=\"682\" data-src=\"https:\/\/gazetaregionalna.com\/wp-content\/uploads\/2023\/07\/68203-1024x682.jpg\" alt=\"\" data-id=\"110472\" data-full-url=\"https:\/\/gazetaregionalna.com\/wp-content\/uploads\/2023\/07\/68203-scaled.jpg\" data-link=\"https:\/\/gazetaregionalna.com\/?attachment_id=110472\" class=\"wp-image-110472 lazyload\" data-srcset=\"https:\/\/gazetaregionalna.com\/wp-content\/uploads\/2023\/07\/68203-1024x682.jpg 1024w, https:\/\/gazetaregionalna.com\/wp-content\/uploads\/2023\/07\/68203-300x200.jpg 300w, https:\/\/gazetaregionalna.com\/wp-content\/uploads\/2023\/07\/68203-768x511.jpg 768w, https:\/\/gazetaregionalna.com\/wp-content\/uploads\/2023\/07\/68203-1536x1022.jpg 1536w, https:\/\/gazetaregionalna.com\/wp-content\/uploads\/2023\/07\/68203-696x463.jpg 696w, https:\/\/gazetaregionalna.com\/wp-content\/uploads\/2023\/07\/68203-1068x711.jpg 1068w, https:\/\/gazetaregionalna.com\/wp-content\/uploads\/2023\/07\/68203-1920x1278.jpg 1920w, https:\/\/gazetaregionalna.com\/wp-content\/uploads\/2023\/07\/68203-631x420.jpg 631w, https:\/\/gazetaregionalna.com\/wp-content\/uploads\/2023\/07\/68203-scaled.jpg 1600w\" data-sizes=\"(max-width: 1024px) 100vw, 1024px\" src=\"data:image\/svg+xml;base64,PHN2ZyB3aWR0aD0iMSIgaGVpZ2h0PSIxIiB4bWxucz0iaHR0cDovL3d3dy53My5vcmcvMjAwMC9zdmciPjwvc3ZnPg==\" style=\"--smush-placeholder-width: 1024px; --smush-placeholder-aspect-ratio: 1024\/682;\" \/><\/figure><\/li><li class=\"blocks-gallery-item\"><figure><img decoding=\"async\" width=\"1024\" height=\"682\" data-src=\"https:\/\/gazetaregionalna.com\/wp-content\/uploads\/2023\/07\/68199-1024x682.jpg\" alt=\"\" data-id=\"110469\" data-full-url=\"https:\/\/gazetaregionalna.com\/wp-content\/uploads\/2023\/07\/68199-scaled.jpg\" data-link=\"https:\/\/gazetaregionalna.com\/?attachment_id=110469\" class=\"wp-image-110469 lazyload\" data-srcset=\"https:\/\/gazetaregionalna.com\/wp-content\/uploads\/2023\/07\/68199-1024x682.jpg 1024w, https:\/\/gazetaregionalna.com\/wp-content\/uploads\/2023\/07\/68199-300x200.jpg 300w, https:\/\/gazetaregionalna.com\/wp-content\/uploads\/2023\/07\/68199-768x511.jpg 768w, https:\/\/gazetaregionalna.com\/wp-content\/uploads\/2023\/07\/68199-1536x1022.jpg 1536w, https:\/\/gazetaregionalna.com\/wp-content\/uploads\/2023\/07\/68199-696x463.jpg 696w, https:\/\/gazetaregionalna.com\/wp-content\/uploads\/2023\/07\/68199-1068x711.jpg 1068w, https:\/\/gazetaregionalna.com\/wp-content\/uploads\/2023\/07\/68199-1920x1278.jpg 1920w, https:\/\/gazetaregionalna.com\/wp-content\/uploads\/2023\/07\/68199-631x420.jpg 631w, https:\/\/gazetaregionalna.com\/wp-content\/uploads\/2023\/07\/68199-scaled.jpg 1600w\" data-sizes=\"(max-width: 1024px) 100vw, 1024px\" src=\"data:image\/svg+xml;base64,PHN2ZyB3aWR0aD0iMSIgaGVpZ2h0PSIxIiB4bWxucz0iaHR0cDovL3d3dy53My5vcmcvMjAwMC9zdmciPjwvc3ZnPg==\" style=\"--smush-placeholder-width: 1024px; --smush-placeholder-aspect-ratio: 1024\/682;\" \/><\/figure><\/li><li class=\"blocks-gallery-item\"><figure><img decoding=\"async\" width=\"1024\" height=\"682\" data-src=\"https:\/\/gazetaregionalna.com\/wp-content\/uploads\/2023\/07\/68202-1024x682.jpg\" alt=\"\" data-id=\"110471\" data-full-url=\"https:\/\/gazetaregionalna.com\/wp-content\/uploads\/2023\/07\/68202-scaled.jpg\" data-link=\"https:\/\/gazetaregionalna.com\/?attachment_id=110471\" class=\"wp-image-110471 lazyload\" data-srcset=\"https:\/\/gazetaregionalna.com\/wp-content\/uploads\/2023\/07\/68202-1024x682.jpg 1024w, https:\/\/gazetaregionalna.com\/wp-content\/uploads\/2023\/07\/68202-300x200.jpg 300w, https:\/\/gazetaregionalna.com\/wp-content\/uploads\/2023\/07\/68202-768x511.jpg 768w, https:\/\/gazetaregionalna.com\/wp-content\/uploads\/2023\/07\/68202-1536x1022.jpg 1536w, https:\/\/gazetaregionalna.com\/wp-content\/uploads\/2023\/07\/68202-696x463.jpg 696w, https:\/\/gazetaregionalna.com\/wp-content\/uploads\/2023\/07\/68202-1068x711.jpg 1068w, https:\/\/gazetaregionalna.com\/wp-content\/uploads\/2023\/07\/68202-1920x1278.jpg 1920w, https:\/\/gazetaregionalna.com\/wp-content\/uploads\/2023\/07\/68202-631x420.jpg 631w, https:\/\/gazetaregionalna.com\/wp-content\/uploads\/2023\/07\/68202-scaled.jpg 1600w\" data-sizes=\"(max-width: 1024px) 100vw, 1024px\" src=\"data:image\/svg+xml;base64,PHN2ZyB3aWR0aD0iMSIgaGVpZ2h0PSIxIiB4bWxucz0iaHR0cDovL3d3dy53My5vcmcvMjAwMC9zdmciPjwvc3ZnPg==\" style=\"--smush-placeholder-width: 1024px; --smush-placeholder-aspect-ratio: 1024\/682;\" \/><\/figure><\/li><\/ul><figcaption class=\"blocks-gallery-caption\">Nowa siedziba plac\u00f3wki w Gnaszynie<\/figcaption><\/figure>\n\n\n\n<p>red., mat. <a href=\"https:\/\/www.facebook.com\/czewa\" target=\"_blank\" rel=\"noopener\">UM Cz\u0119stochowy<\/a>, fot. \u0141ukasz Kolewi\u0144ski<\/p>\n\n\n\n<p>Czytaj tak\u017ce: <a href=\"https:\/\/gazetaregionalna.com\/wp-admin\/post.php?post=110103&amp;action=edit\">Modernizacja przedszkola nr 14 w dzielnicy P\u00f3\u0142noc<\/a><br><\/p>\n","protected":false},"excerpt":{"rendered":"<p>Trwaj\u0105 intensywne prace na placu budowy nowego obiektu gnaszy\u0144skiego przedszkola. Zako\u0144czenie rob\u00f3t zaplanowano na po\u0142ow\u0119 pa\u017adziernika br. Koszt inwestycji to 9,8 mln z\u0142. Roboty<\/p>\n","protected":false},"author":5,"featured_media":110464,"comment_status":"closed","ping_status":"open","sticky":false,"template":"","format":"standard","meta":{"_monsterinsights_skip_tracking":false,"_monsterinsights_sitenote_active":false,"_monsterinsights_sitenote_note":"","_monsterinsights_sitenote_category":0,"_uf_show_specific_survey":0,"_uf_disable_surveys":false,"footnotes":""},"categories":[33,3,94,2],"tags":[144,4566,3521,7939],"class_list":["post-110463","post","type-post","status-publish","format-standard","has-post-thumbnail","hentry","category-inwestycje","category-czestochowa-informacje","category-polecane","category-wiadomosci","tag-czestochowa","tag-gnaszyn","tag-miejskie-przedszkole","tag-placowka-oswiatowa"],"_links":{"self":[{"href":"https:\/\/gazetaregionalna.com\/index.php?rest_route=\/wp\/v2\/posts\/110463","targetHints":{"allow":["GET"]}}],"collection":[{"href":"https:\/\/gazetaregionalna.com\/index.php?rest_route=\/wp\/v2\/posts"}],"about":[{"href":"https:\/\/gazetaregionalna.com\/index.php?rest_route=\/wp\/v2\/types\/post"}],"author":[{"embeddable":true,"href":"https:\/\/gazetaregionalna.com\/index.php?rest_route=\/wp\/v2\/users\/5"}],"replies":[{"embeddable":true,"href":"https:\/\/gazetaregionalna.com\/index.php?rest_route=%2Fwp%2Fv2%2Fcomments&post=110463"}],"version-history":[{"count":4,"href":"https:\/\/gazetaregionalna.com\/index.php?rest_route=\/wp\/v2\/posts\/110463\/revisions"}],"predecessor-version":[{"id":110474,"href":"https:\/\/gazetaregionalna.com\/index.php?rest_route=\/wp\/v2\/posts\/110463\/revisions\/110474"}],"wp:featuredmedia":[{"embeddable":true,"href":"https:\/\/gazetaregionalna.com\/index.php?rest_route=\/wp\/v2\/media\/110464"}],"wp:attachment":[{"href":"https:\/\/gazetaregionalna.com\/index.php?rest_route=%2Fwp%2Fv2%2Fmedia&parent=110463"}],"wp:term":[{"taxonomy":"category","embeddable":true,"href":"https:\/\/gazetaregionalna.com\/index.php?rest_route=%2Fwp%2Fv2%2Fcategories&post=110463"},{"taxonomy":"post_tag","embeddable":true,"href":"https:\/\/gazetaregionalna.com\/index.php?rest_route=%2Fwp%2Fv2%2Ftags&post=110463"}],"curies":[{"name":"wp","href":"https:\/\/api.w.org\/{rel}","templated":true}]}}