{"id":11023,"date":"2020-03-24T08:05:43","date_gmt":"2020-03-24T08:05:43","guid":{"rendered":"https:\/\/gazetaregionalna.com\/?p=11023"},"modified":"2020-03-24T08:08:48","modified_gmt":"2020-03-24T08:08:48","slug":"trzy-przypadki-koronawirusa-w-powiecie-lublinieckim","status":"publish","type":"post","link":"https:\/\/gazetaregionalna.com\/?p=11023","title":{"rendered":"Trzy przypadki koronawirusa w powiecie lublinieckim"},"content":{"rendered":"\n<h2 class=\"wp-block-heading\">U trzech mieszka\u0144c\u00f3w powiatu lublinieckiego zdiagnozowano koronawiursa. Chorzy, to kilkuletnie dziecko oraz dwie osoby starsze. <\/h2>\n\n\n\n<p><br> Stan dziecka jest dobry. Jak ustalono, maluch zosta\u0142 zara\u017cony przez kogo\u015b ze swojego otoczenia.<br> W ci\u0119\u017ckim stanie natomiast jest leczona na oddziale zaka\u017anym  starsza kobieta, kt\u00f3ra zarazi\u0142a si\u0119 od osoby przyby\u0142ej z Niemiec.<br> Do cz\u0119stochowskiego szpitala trafi\u0142 r\u00f3wnie\u017c kolejny mieszkaniec powiatu lublinieckiego \u2014 niepe\u0142nosprawny m\u0119\u017cczyzna w podesz\u0142ym wieku.  W tym przypadku s\u0142u\u017cby sanitarne dopiero ustalaj\u0105 \u017ar\u00f3d\u0142o zaka\u017cenia.<\/p>\n","protected":false},"excerpt":{"rendered":"<p>U trzech mieszka\u0144c\u00f3w powiatu lublinieckiego zdiagnozowano koronawiursa. Chorzy, to kilkuletnie dziecko oraz dwie osoby starsze. Stan dziecka jest dobry. Jak ustalono, maluch zosta\u0142 zara\u017cony<\/p>\n","protected":false},"author":7,"featured_media":10768,"comment_status":"open","ping_status":"open","sticky":false,"template":"","format":"standard","meta":{"_monsterinsights_skip_tracking":false,"_monsterinsights_sitenote_active":false,"_monsterinsights_sitenote_note":"","_monsterinsights_sitenote_category":0,"_uf_show_specific_survey":0,"_uf_disable_surveys":false,"footnotes":""},"categories":[94,25,2],"tags":[],"class_list":["post-11023","post","type-post","status-publish","format-standard","has-post-thumbnail","hentry","category-polecane","category-lubliniec","category-wiadomosci"],"_links":{"self":[{"href":"https:\/\/gazetaregionalna.com\/index.php?rest_route=\/wp\/v2\/posts\/11023","targetHints":{"allow":["GET"]}}],"collection":[{"href":"https:\/\/gazetaregionalna.com\/index.php?rest_route=\/wp\/v2\/posts"}],"about":[{"href":"https:\/\/gazetaregionalna.com\/index.php?rest_route=\/wp\/v2\/types\/post"}],"author":[{"embeddable":true,"href":"https:\/\/gazetaregionalna.com\/index.php?rest_route=\/wp\/v2\/users\/7"}],"replies":[{"embeddable":true,"href":"https:\/\/gazetaregionalna.com\/index.php?rest_route=%2Fwp%2Fv2%2Fcomments&post=11023"}],"version-history":[{"count":2,"href":"https:\/\/gazetaregionalna.com\/index.php?rest_route=\/wp\/v2\/posts\/11023\/revisions"}],"predecessor-version":[{"id":11025,"href":"https:\/\/gazetaregionalna.com\/index.php?rest_route=\/wp\/v2\/posts\/11023\/revisions\/11025"}],"wp:featuredmedia":[{"embeddable":true,"href":"https:\/\/gazetaregionalna.com\/index.php?rest_route=\/wp\/v2\/media\/10768"}],"wp:attachment":[{"href":"https:\/\/gazetaregionalna.com\/index.php?rest_route=%2Fwp%2Fv2%2Fmedia&parent=11023"}],"wp:term":[{"taxonomy":"category","embeddable":true,"href":"https:\/\/gazetaregionalna.com\/index.php?rest_route=%2Fwp%2Fv2%2Fcategories&post=11023"},{"taxonomy":"post_tag","embeddable":true,"href":"https:\/\/gazetaregionalna.com\/index.php?rest_route=%2Fwp%2Fv2%2Ftags&post=11023"}],"curies":[{"name":"wp","href":"https:\/\/api.w.org\/{rel}","templated":true}]}}