{"id":110190,"date":"2023-07-23T19:13:15","date_gmt":"2023-07-23T19:13:15","guid":{"rendered":"https:\/\/gazetaregionalna.com\/?p=110190"},"modified":"2023-07-23T19:13:17","modified_gmt":"2023-07-23T19:13:17","slug":"wysoka-porazka-tauron-wlokniarz-z-mistrzem-polski-w-lublinie","status":"publish","type":"post","link":"https:\/\/gazetaregionalna.com\/?p=110190","title":{"rendered":"Wysoka pora\u017cka Tauron W\u0142\u00f3kniarz z mistrzem Polski w Lublinie&#8230;"},"content":{"rendered":"\n<p>Du\u017cy optymizm panowa\u0142 w\u015br\u00f3d cz\u0119stochowskich kibic\u00f3w przed niedzielnym meczem Tauron W\u0142\u00f3kniarz w Lublinie z Motorem. Tor jednak zweryfikowa\u0142 wszystko i cz\u0119stochowianie doznali do\u015b\u0107 wysokiej pora\u017cki. Spadli te\u017c na 4. miejsce w tabeli PGE Ekstraligi<\/p>\n\n\n\n<p>\u017bu\u017clowcy Tauron W\u0142\u00f3kniarz Cz\u0119stochowa przyst\u0119powali w niedziel\u0119 do meczu w Lublinie znaj\u0105c wynik meczu w Grudzi\u0105dzu, gdzie GKM przegra\u0142 ze Stal\u0105 Gorz\u00f3w i gorzowianie zepchn\u0119li cz\u0119stochowian z 3. na 4. miejsce w tabeli. Dlatego Tauron W\u0142\u00f3kniarz, aby odzyska\u0107 3. pozycj\u0119, musia\u0142 wygra\u0107 w Lublinie z aktualnym mistrzem Polski.<\/p>\n\n\n\n<p>Optymizm przed meczem by\u0142 du\u017cy, bo dw\u00f3ch \u017cu\u017clowc\u00f3w Tauron W\u0142\u00f3kniarza Mikkel Micheslen i Maksym Drabik w poprzednim sezonie byli zawodnikami Motoru i znaj\u0105 ten tor.<\/p>\n\n\n\n<p>Pierwsza seria wy\u015bcig\u00f3w nale\u017ca\u0142a do gospodarzy. Go\u015bcie nie wygrali indywidualnie ani jednego biegu, a po 4. wy\u015bcigach przegrywali 9:15, a po 5. ju\u017c 8 punktami (11:19).<\/p>\n\n\n\n<p>Pierwszy wy\u015bcigi indywidualnie i dru\u017cynowo \u201eLwy\u201d wygra\u0142y dopiero w 6. gonitwie dnia. Mikkel Michelsen pokona\u0142 nie byle kogo jak samego Bartosza Zmarzlika. Michelsen dobrze wystartowa\u0142 i z 4. toru zamkn\u0105\u0142 jad\u0105cego przy kraw\u0119\u017cniku Zmarzlika. Zmarzlik dwoi\u0142 si\u0119 i troi\u0142, ale Michelsen nie odda\u0142 pierwszego miejsca&#8230;<\/p>\n\n\n\n<p>Fenomenaln\u0105 walk\u0119 kibice widzieli w 8. biegu, kt\u00f3ry by\u0142 powtarzany. Za pierwszym podej\u015bcie w pierwszym \u0142uku upad\u0142 Mateusz Cierniak i s\u0119dzia powt\u00f3rzy\u0142 wy\u015bcig w 4-osobowym sk\u0142adzie. W powt\u00f3rce najlepiej wystartowa\u0142 Cierniak, a na ostatnim miejscu jecha\u0142&#8230; Zmarzlik. Mistrz \u015bwiata zaciekle atakowa\u0142 cz\u0119stochowian. Najpierw przeszed\u0142 na trzeci\u0105 pozycj\u0119, a na ostatnim okr\u0105\u017ceniu na drug\u0105 czym zapewni\u0142 lublinianom zwyci\u0119stwo 5:1. Sytuacja Tauron W\u0142\u00f3kniarz by\u0142a ju\u017c bardzo z\u0142a, bo traci\u0142 do Motoru 12 punkt\u00f3w.<\/p>\n\n\n\n<p>W 9. wy\u015bcigu niespodziewanie najlepiej ze startu wyszed\u0142 Jakub Mi\u015bkowiak, kt\u00f3ry przez praktycznie ca\u0142y wy\u015bcig jecha\u0142 przed niepokonanym Dominikiem Kuber\u0105. Kubera stale atakowa\u0142 Mi\u015bkowiaka i wygra\u0142 na ostatniej prostej o kilka milimetr\u00f3w. O zwyci\u0119stwie decydowa\u0142a fotokom\u00f3rka&#8230;. Ostatnie niespodziewanie przyjecha\u0142 Michelsen, kt\u00f3ry nie poradzi\u0142 sobie nawet z Hampelem&#8230;<\/p>\n\n\n\n<p>Na drugie indywidualne zwyci\u0119stwo kibice Tauron W\u0142\u00f3kniarza musieli poczeka\u0107 do 10. wy\u015bcigu, kiedy to Madsen pokona\u0142 Lindgrena, Holdera i Karczewskiego, a na trzecie do 11. Sw\u00f3j drugi wy\u015bcig wygra\u0142 Michelsen.<\/p>\n\n\n\n<p>Gospodarze ju\u017c przed biegami nominowanymi zapewnili sobie zwyci\u0119stwo. W 13. biegu najlepsi lublinianie Zmarzlik i Kubera pokonali Woryn\u0119 i Madsena 4:2. Motor prowadzi\u0142 47:31. W biegach nominowanych mistrzowie Polski z Lublina powi\u0119kszyli jeszcze przewag\u0119 i ostatecznie wygrali 54:36, cho\u0107 w 15. biegu w\u015br\u00f3d najlepszych zawodnik\u00f3w dnia Tauron W\u0142\u00f3kniarz wygra\u0142 4:2. Pierwszy przyjecha\u0142 Michelsen, przed Kuber\u0105, Madsenem i Zmarzlikiem. <\/p>\n\n\n\n<p>Po przedostatniej kolejce rundy zasadniczej w PGE Ekstralidze liderem jest nadal Betard Sparta Wroc\u0142aw, kt\u00f3ra dozna\u0142a pierwszej pora\u017cki w lidze w Lesznie z Fogo Uni\u0105. Sparta ma 30 punkt\u00f3w i 5 punkt\u00f3w wyprzedza wicelidera Motor Lublin (25 punkt\u00f3w). Na 3. miejsce awansowa\u0142a Stal Gorz\u00f3w (19 punkt\u00f3w), a 4. jest Tauron W\u0142\u00f3kniarz (17 punkt\u00f3w). Cz\u0119stochowianie o 4 punkty wyprzedzaj\u0105 5. Apator Toru\u0144. Na 6. pozycji jest Fogo Unia Leszno (11), a na 7. GKM Grudzi\u0105dz (9 punkt\u00f3w). Do 1. ligi spad\u0142 Cellfast Wilki Krosno (4 punkty).<\/p>\n\n\n\n<p><strong>AK<\/strong>, fot: <strong>Grzegorz Misiak<\/strong> (W\u0142\u00f3kniarz Cz\u0119stochowa), <strong>AK<\/strong><\/p>\n\n\n\n<p><strong>Motor Lublin \u2013 Tauron W\u0142\u00f3kniarz Cz\u0119stochowa<\/strong> <strong>54:36<\/strong><\/p>\n\n\n\n<p><strong>Motor:<\/strong> Hampel 4 (0,1,1,2), Kubera 12 (3,3,3,1,2), Holder 10 (3,1,1,3,2), Lindgren 10 (1,3,2,1,3), Zmarzlik 10 (3,2,2,3,0), Cierniak 8 (3,2,3), Grzelak 0 (0,0,-), Ba\u0144b\u00f3r 0 (0)<\/p>\n\n\n\n<p><strong>Tauron W\u0142\u00f3kniarz:<\/strong> Michelsen 11 (2,3,0,3,3), Mi\u015bkowiak 4 (0,1,2,1,0), Woryna 5 (1,0,1,2,1), Drabik 3 (1,2,0,0), Madsen 8 (2,2,3,0,1), Karczewski 1 (1,0,0), Halkiewicz 4 (2,0,2).<\/p>\n\n\n\n<p><strong>Bieg po biegu:<\/strong><\/p>\n\n\n\n<p>1. Holder, Michelsen, Woryna, Hampel 3:3<\/p>\n\n\n\n<p>2. Cierniak, Karczewski, Halkiewicz, Grzelak 3:3\/6:6<\/p>\n\n\n\n<p>3. Zmarzlik, Madsen, Lindgren, Mi\u015bkowiak 4:2\/10:8<\/p>\n\n\n\n<p>4. Kubera, Cierniak, Drabik, Karczewski 5:1\/15:9<\/p>\n\n\n\n<p>5. Lindgren, Drabik, Holder, Woryna 4:2,19:11<\/p>\n\n\n\n<p>6. Michelsen, Zmarzlik, Mi\u015bkowiak, Grzelak, 2:4\/21:15<\/p>\n\n\n\n<p>7. Kubera, Madsen, Hampel, Halkiewicz 4:2\/25:17<\/p>\n\n\n\n<p>8. Cierniak, Zmarzlik, Woryna, Drabik 5:1\/30:18<\/p>\n\n\n\n<p>9. Kubera, Mi\u015bkowiak, Hampel, Michelsen 4:2\/34:20<\/p>\n\n\n\n<p>10. Madsen, Lindgren, Holder, Karczewski 3:3\/37:23<\/p>\n\n\n\n<p>11. Michelsen, Hampel, Lindgren, Drabik 3:3\/40:26<\/p>\n\n\n\n<p>12. Holder, Halkiewicz, Mi\u015bkowiak, Ba\u0144b\u00f3r 3:3\/43:29<\/p>\n\n\n\n<p>13. Zmarzlik, Woryna, Kubera, Madsen 4:2\/47:31<\/p>\n\n\n\n<p>14. Lindgren, Holder, Woryna, Mi\u015bkowiak 5:1\/52:32<\/p>\n\n\n\n<p>15. Michelsen, Kubera, Madsen, Zmarzlik 2:4\/54:36<\/p>\n\n\n\n<figure class=\"wp-block-image size-large\"><img decoding=\"async\" width=\"843\" height=\"846\" data-src=\"https:\/\/gazetaregionalna.com\/wp-content\/uploads\/2023\/07\/Motor-Wlokniarz-fot-Grzegorz-Misiak-Wlokniarz.jpg\" alt=\"\" class=\"wp-image-110191 lazyload\" data-srcset=\"https:\/\/gazetaregionalna.com\/wp-content\/uploads\/2023\/07\/Motor-Wlokniarz-fot-Grzegorz-Misiak-Wlokniarz.jpg 843w, https:\/\/gazetaregionalna.com\/wp-content\/uploads\/2023\/07\/Motor-Wlokniarz-fot-Grzegorz-Misiak-Wlokniarz-300x300.jpg 300w, https:\/\/gazetaregionalna.com\/wp-content\/uploads\/2023\/07\/Motor-Wlokniarz-fot-Grzegorz-Misiak-Wlokniarz-150x150.jpg 150w, https:\/\/gazetaregionalna.com\/wp-content\/uploads\/2023\/07\/Motor-Wlokniarz-fot-Grzegorz-Misiak-Wlokniarz-768x771.jpg 768w, https:\/\/gazetaregionalna.com\/wp-content\/uploads\/2023\/07\/Motor-Wlokniarz-fot-Grzegorz-Misiak-Wlokniarz-696x698.jpg 696w, https:\/\/gazetaregionalna.com\/wp-content\/uploads\/2023\/07\/Motor-Wlokniarz-fot-Grzegorz-Misiak-Wlokniarz-419x420.jpg 419w\" data-sizes=\"(max-width: 843px) 100vw, 843px\" src=\"data:image\/svg+xml;base64,PHN2ZyB3aWR0aD0iMSIgaGVpZ2h0PSIxIiB4bWxucz0iaHR0cDovL3d3dy53My5vcmcvMjAwMC9zdmciPjwvc3ZnPg==\" style=\"--smush-placeholder-width: 843px; --smush-placeholder-aspect-ratio: 843\/846;\" \/><\/figure>\n\n\n\n<figure class=\"wp-block-image size-large\"><img decoding=\"async\" width=\"1024\" height=\"683\" data-src=\"https:\/\/gazetaregionalna.com\/wp-content\/uploads\/2023\/04\/CKM-Motor-41-2-1024x683.jpg\" alt=\"\" class=\"wp-image-104592 lazyload\" data-srcset=\"https:\/\/gazetaregionalna.com\/wp-content\/uploads\/2023\/04\/CKM-Motor-41-2-1024x683.jpg 1024w, https:\/\/gazetaregionalna.com\/wp-content\/uploads\/2023\/04\/CKM-Motor-41-2-300x200.jpg 300w, https:\/\/gazetaregionalna.com\/wp-content\/uploads\/2023\/04\/CKM-Motor-41-2-768x512.jpg 768w, https:\/\/gazetaregionalna.com\/wp-content\/uploads\/2023\/04\/CKM-Motor-41-2-1536x1024.jpg 1536w, https:\/\/gazetaregionalna.com\/wp-content\/uploads\/2023\/04\/CKM-Motor-41-2-696x464.jpg 696w, https:\/\/gazetaregionalna.com\/wp-content\/uploads\/2023\/04\/CKM-Motor-41-2-1068x712.jpg 1068w, https:\/\/gazetaregionalna.com\/wp-content\/uploads\/2023\/04\/CKM-Motor-41-2-1920x1280.jpg 1920w, https:\/\/gazetaregionalna.com\/wp-content\/uploads\/2023\/04\/CKM-Motor-41-2-630x420.jpg 630w, https:\/\/gazetaregionalna.com\/wp-content\/uploads\/2023\/04\/CKM-Motor-41-2-scaled.jpg 1600w\" data-sizes=\"(max-width: 1024px) 100vw, 1024px\" src=\"data:image\/svg+xml;base64,PHN2ZyB3aWR0aD0iMSIgaGVpZ2h0PSIxIiB4bWxucz0iaHR0cDovL3d3dy53My5vcmcvMjAwMC9zdmciPjwvc3ZnPg==\" style=\"--smush-placeholder-width: 1024px; --smush-placeholder-aspect-ratio: 1024\/683;\" \/><\/figure>\n\n\n\n<figure class=\"wp-block-image size-large\"><img decoding=\"async\" width=\"300\" height=\"250\" data-src=\"https:\/\/gazetaregionalna.com\/wp-content\/uploads\/2022\/04\/DMK-5.jpg\" alt=\"\" class=\"wp-image-77213 lazyload\" src=\"data:image\/svg+xml;base64,PHN2ZyB3aWR0aD0iMSIgaGVpZ2h0PSIxIiB4bWxucz0iaHR0cDovL3d3dy53My5vcmcvMjAwMC9zdmciPjwvc3ZnPg==\" style=\"--smush-placeholder-width: 300px; --smush-placeholder-aspect-ratio: 300\/250;\"><\/figure>\n\n\n\n<figure class=\"wp-block-image size-large\"><img decoding=\"async\" width=\"1024\" height=\"683\" data-src=\"https:\/\/gazetaregionalna.com\/wp-content\/uploads\/2023\/04\/CKM-Motor-33-1024x683.jpg\" alt=\"\" class=\"wp-image-104515 lazyload\" data-srcset=\"https:\/\/gazetaregionalna.com\/wp-content\/uploads\/2023\/04\/CKM-Motor-33-1024x683.jpg 1024w, https:\/\/gazetaregionalna.com\/wp-content\/uploads\/2023\/04\/CKM-Motor-33-300x200.jpg 300w, https:\/\/gazetaregionalna.com\/wp-content\/uploads\/2023\/04\/CKM-Motor-33-768x512.jpg 768w, https:\/\/gazetaregionalna.com\/wp-content\/uploads\/2023\/04\/CKM-Motor-33-1536x1025.jpg 1536w, https:\/\/gazetaregionalna.com\/wp-content\/uploads\/2023\/04\/CKM-Motor-33-696x464.jpg 696w, https:\/\/gazetaregionalna.com\/wp-content\/uploads\/2023\/04\/CKM-Motor-33-1068x712.jpg 1068w, https:\/\/gazetaregionalna.com\/wp-content\/uploads\/2023\/04\/CKM-Motor-33-1920x1281.jpg 1920w, https:\/\/gazetaregionalna.com\/wp-content\/uploads\/2023\/04\/CKM-Motor-33-630x420.jpg 630w, https:\/\/gazetaregionalna.com\/wp-content\/uploads\/2023\/04\/CKM-Motor-33-scaled.jpg 1600w\" data-sizes=\"(max-width: 1024px) 100vw, 1024px\" src=\"data:image\/svg+xml;base64,PHN2ZyB3aWR0aD0iMSIgaGVpZ2h0PSIxIiB4bWxucz0iaHR0cDovL3d3dy53My5vcmcvMjAwMC9zdmciPjwvc3ZnPg==\" style=\"--smush-placeholder-width: 1024px; --smush-placeholder-aspect-ratio: 1024\/683;\" \/><\/figure>\n","protected":false},"excerpt":{"rendered":"<p>Du\u017cy optymizm panowa\u0142 w\u015br\u00f3d cz\u0119stochowskich kibic\u00f3w przed niedzielnym meczem Tauron W\u0142\u00f3kniarz w Lublinie z Motorem. Tor jednak zweryfikowa\u0142 wszystko i cz\u0119stochowianie doznali do\u015b\u0107 wysokiej<\/p>\n","protected":false},"author":15,"featured_media":110191,"comment_status":"closed","ping_status":"open","sticky":false,"template":"","format":"standard","meta":{"_monsterinsights_skip_tracking":false,"_monsterinsights_sitenote_active":false,"_monsterinsights_sitenote_note":"","_monsterinsights_sitenote_category":0,"_uf_show_specific_survey":0,"_uf_disable_surveys":false,"footnotes":""},"categories":[94,5,7],"tags":[],"class_list":["post-110190","post","type-post","status-publish","format-standard","has-post-thumbnail","hentry","category-polecane","category-sport","category-zuzel"],"_links":{"self":[{"href":"https:\/\/gazetaregionalna.com\/index.php?rest_route=\/wp\/v2\/posts\/110190","targetHints":{"allow":["GET"]}}],"collection":[{"href":"https:\/\/gazetaregionalna.com\/index.php?rest_route=\/wp\/v2\/posts"}],"about":[{"href":"https:\/\/gazetaregionalna.com\/index.php?rest_route=\/wp\/v2\/types\/post"}],"author":[{"embeddable":true,"href":"https:\/\/gazetaregionalna.com\/index.php?rest_route=\/wp\/v2\/users\/15"}],"replies":[{"embeddable":true,"href":"https:\/\/gazetaregionalna.com\/index.php?rest_route=%2Fwp%2Fv2%2Fcomments&post=110190"}],"version-history":[{"count":1,"href":"https:\/\/gazetaregionalna.com\/index.php?rest_route=\/wp\/v2\/posts\/110190\/revisions"}],"predecessor-version":[{"id":110192,"href":"https:\/\/gazetaregionalna.com\/index.php?rest_route=\/wp\/v2\/posts\/110190\/revisions\/110192"}],"wp:featuredmedia":[{"embeddable":true,"href":"https:\/\/gazetaregionalna.com\/index.php?rest_route=\/wp\/v2\/media\/110191"}],"wp:attachment":[{"href":"https:\/\/gazetaregionalna.com\/index.php?rest_route=%2Fwp%2Fv2%2Fmedia&parent=110190"}],"wp:term":[{"taxonomy":"category","embeddable":true,"href":"https:\/\/gazetaregionalna.com\/index.php?rest_route=%2Fwp%2Fv2%2Fcategories&post=110190"},{"taxonomy":"post_tag","embeddable":true,"href":"https:\/\/gazetaregionalna.com\/index.php?rest_route=%2Fwp%2Fv2%2Ftags&post=110190"}],"curies":[{"name":"wp","href":"https:\/\/api.w.org\/{rel}","templated":true}]}}