{"id":11007,"date":"2020-03-23T14:48:27","date_gmt":"2020-03-23T14:48:27","guid":{"rendered":"https:\/\/gazetaregionalna.com\/?p=11007"},"modified":"2020-03-23T14:48:30","modified_gmt":"2020-03-23T14:48:30","slug":"kardiologia-w-myszkowie-zamknieta","status":"publish","type":"post","link":"https:\/\/gazetaregionalna.com\/?p=11007","title":{"rendered":"Kardiologia w Myszkowie zamkni\u0119ta"},"content":{"rendered":"\n<p>Oddzia\u0142 kardiologiczny Szpitala Powiatowe w Myszkowie zawiesi\u0142 dzia\u0142alno\u015b\u0107. Personel oraz przebywaj\u0105cy tam pacjenci zostali poddani kwarantannie.<br>\nDecyzja o zamkni\u0119ty oddzia\u0142u zosta\u0142a podj\u0119ta, poniewa\u017c u jednego z dy\u017curuj\u0105cych tam lekarzy wykryto koronawirus. Teraz zgodnie z procedurami personel medyczny na siedem dni zostanie wy\u0142\u0105czony z pracy szpitala.<\/p>\n","protected":false},"excerpt":{"rendered":"<p>Oddzia\u0142 kardiologiczny Szpitala Powiatowe w Myszkowie zawiesi\u0142 dzia\u0142alno\u015b\u0107. Personel oraz przebywaj\u0105cy tam pacjenci zostali poddani kwarantannie. Decyzja o zamkni\u0119ty oddzia\u0142u zosta\u0142a podj\u0119ta, poniewa\u017c u<\/p>\n","protected":false},"author":7,"featured_media":11008,"comment_status":"open","ping_status":"open","sticky":false,"template":"","format":"standard","meta":{"_monsterinsights_skip_tracking":false,"_monsterinsights_sitenote_active":false,"_monsterinsights_sitenote_note":"","_monsterinsights_sitenote_category":0,"_uf_show_specific_survey":0,"_uf_disable_surveys":false,"footnotes":""},"categories":[94,26,2],"tags":[],"class_list":["post-11007","post","type-post","status-publish","format-standard","has-post-thumbnail","hentry","category-polecane","category-myszkow","category-wiadomosci"],"_links":{"self":[{"href":"https:\/\/gazetaregionalna.com\/index.php?rest_route=\/wp\/v2\/posts\/11007","targetHints":{"allow":["GET"]}}],"collection":[{"href":"https:\/\/gazetaregionalna.com\/index.php?rest_route=\/wp\/v2\/posts"}],"about":[{"href":"https:\/\/gazetaregionalna.com\/index.php?rest_route=\/wp\/v2\/types\/post"}],"author":[{"embeddable":true,"href":"https:\/\/gazetaregionalna.com\/index.php?rest_route=\/wp\/v2\/users\/7"}],"replies":[{"embeddable":true,"href":"https:\/\/gazetaregionalna.com\/index.php?rest_route=%2Fwp%2Fv2%2Fcomments&post=11007"}],"version-history":[{"count":2,"href":"https:\/\/gazetaregionalna.com\/index.php?rest_route=\/wp\/v2\/posts\/11007\/revisions"}],"predecessor-version":[{"id":11010,"href":"https:\/\/gazetaregionalna.com\/index.php?rest_route=\/wp\/v2\/posts\/11007\/revisions\/11010"}],"wp:featuredmedia":[{"embeddable":true,"href":"https:\/\/gazetaregionalna.com\/index.php?rest_route=\/wp\/v2\/media\/11008"}],"wp:attachment":[{"href":"https:\/\/gazetaregionalna.com\/index.php?rest_route=%2Fwp%2Fv2%2Fmedia&parent=11007"}],"wp:term":[{"taxonomy":"category","embeddable":true,"href":"https:\/\/gazetaregionalna.com\/index.php?rest_route=%2Fwp%2Fv2%2Fcategories&post=11007"},{"taxonomy":"post_tag","embeddable":true,"href":"https:\/\/gazetaregionalna.com\/index.php?rest_route=%2Fwp%2Fv2%2Ftags&post=11007"}],"curies":[{"name":"wp","href":"https:\/\/api.w.org\/{rel}","templated":true}]}}