{"id":10994,"date":"2020-03-23T12:53:26","date_gmt":"2020-03-23T12:53:26","guid":{"rendered":"https:\/\/gazetaregionalna.com\/?p=10994"},"modified":"2020-03-23T12:53:28","modified_gmt":"2020-03-23T12:53:28","slug":"przedsiebiorcy-z-promenady-szyja-maseczki-dla-pielegniarek","status":"publish","type":"post","link":"https:\/\/gazetaregionalna.com\/?p=10994","title":{"rendered":"Przedsi\u0119biorcy z &#8222;Promenady&#8221; szyj\u0105 maseczki dla piel\u0119gniarek"},"content":{"rendered":"\n<p>Zamiast siedzie\u0107, narzeka\u0107 i popada\u0107 w panik\u0119, w\u0142a\u015bciciele kilku firm znajduj\u0105cych si\u0119 w Centrum Handlowym &#8222;Promenada&#8221; w Cz\u0119stochowie zacz\u0119li szy\u0107 maseczki ochronne dla piel\u0119gniarek. Wykorzystuj\u0105c zmniejszony ruch klient\u00f3w, postanowili wspom\u00f3c piel\u0119gniarki ze szpitala w Blachowni.<\/p>\n\n\n\n<figure class=\"wp-block-image size-large\"><img decoding=\"async\" width=\"540\" height=\"960\" data-src=\"https:\/\/gazetaregionalna.com\/wp-content\/uploads\/2020\/03\/szyja1.jpg\" alt=\"\" class=\"wp-image-10995 lazyload\" data-srcset=\"https:\/\/gazetaregionalna.com\/wp-content\/uploads\/2020\/03\/szyja1.jpg 540w, https:\/\/gazetaregionalna.com\/wp-content\/uploads\/2020\/03\/szyja1-169x300.jpg 169w, https:\/\/gazetaregionalna.com\/wp-content\/uploads\/2020\/03\/szyja1-236x420.jpg 236w\" data-sizes=\"(max-width: 540px) 100vw, 540px\" src=\"data:image\/svg+xml;base64,PHN2ZyB3aWR0aD0iMSIgaGVpZ2h0PSIxIiB4bWxucz0iaHR0cDovL3d3dy53My5vcmcvMjAwMC9zdmciPjwvc3ZnPg==\" style=\"--smush-placeholder-width: 540px; --smush-placeholder-aspect-ratio: 540\/960;\" \/><\/figure>\n\n\n\n<p><br> Pomys\u0142odawczyni\u0105 akcji jest w\u0142a\u015bcicielka tamtejszego zak\u0142adu krawieckiego, pani Magdalena Zyzik. Do\u0142\u0105czy\u0142y do niej trzy kolejne osoby i wszyscy zasiedli do maszyn krawieckich.<\/p>\n\n\n\n<figure class=\"wp-block-image size-large\"><img decoding=\"async\" width=\"576\" height=\"1024\" data-src=\"https:\/\/gazetaregionalna.com\/wp-content\/uploads\/2020\/03\/90786879_496982147642852_5648158079032754176_n-576x1024.jpg\" alt=\"\" class=\"wp-image-10996 lazyload\" data-srcset=\"https:\/\/gazetaregionalna.com\/wp-content\/uploads\/2020\/03\/90786879_496982147642852_5648158079032754176_n-576x1024.jpg 576w, https:\/\/gazetaregionalna.com\/wp-content\/uploads\/2020\/03\/90786879_496982147642852_5648158079032754176_n-169x300.jpg 169w, https:\/\/gazetaregionalna.com\/wp-content\/uploads\/2020\/03\/90786879_496982147642852_5648158079032754176_n-768x1365.jpg 768w, https:\/\/gazetaregionalna.com\/wp-content\/uploads\/2020\/03\/90786879_496982147642852_5648158079032754176_n-864x1536.jpg 864w, https:\/\/gazetaregionalna.com\/wp-content\/uploads\/2020\/03\/90786879_496982147642852_5648158079032754176_n-696x1237.jpg 696w, https:\/\/gazetaregionalna.com\/wp-content\/uploads\/2020\/03\/90786879_496982147642852_5648158079032754176_n-1068x1899.jpg 1068w, https:\/\/gazetaregionalna.com\/wp-content\/uploads\/2020\/03\/90786879_496982147642852_5648158079032754176_n-236x420.jpg 236w, https:\/\/gazetaregionalna.com\/wp-content\/uploads\/2020\/03\/90786879_496982147642852_5648158079032754176_n.jpg 900w\" data-sizes=\"(max-width: 576px) 100vw, 576px\" src=\"data:image\/svg+xml;base64,PHN2ZyB3aWR0aD0iMSIgaGVpZ2h0PSIxIiB4bWxucz0iaHR0cDovL3d3dy53My5vcmcvMjAwMC9zdmciPjwvc3ZnPg==\" style=\"--smush-placeholder-width: 576px; --smush-placeholder-aspect-ratio: 576\/1024;\" \/><\/figure>\n\n\n\n<ul class=\"wp-block-list\"><li><em>Ja dopiero nauczy\u0142am si\u0119 szy\u0107. To nie takie trudne, zach\u0119cam, aby inni przy\u0142\u0105czyli si\u0119 do nas <\/em>\u2014 powiedzia\u0142a nam Sylwia Grz\u0105ba, kt\u00f3ra w centrum prowadzi gabinet masa\u017cu, a teraz z powodu epidemii nie ma praktycznie klient\u00f3w. &#8211; <em>Trzeba co\u015b robi\u0107. Nie mo\u017cemy tak, tylko siedzie\u0107 i zamartwia\u0107 si\u0119, co b\u0119dzie<\/em> \u2014 przekonuje.<br> Chocia\u017c akcja dopiero ruszy\u0142a, ch\u0119tnych przybywa. W swoim domu b\u0119dzie tak\u017ce szy\u0107 maseczki starsza cz\u0119stochowianka, kt\u00f3ra z racji wieku woli teraz nie wychodzi\u0107 na zewn\u0105trz.<\/li><li><em>Pomagaj\u0105 nie tylko panie <\/em>\u2014 opowiada Sylwia Grz\u0105ba. &#8211; <em>Jeden pan z Cz\u0119stochowy zaoferowa\u0142, \u017ce b\u0119dzie mam robi\u0142 wykroje w domu i dowozi\u0142 do zak\u0142adu. Materia\u0142 na maseczki mamy od pana Marcina, kt\u00f3ry w naszym centrum prowadzi stoisko z pasmanteri\u0105.<\/em><br> Wolontariusze z &#8222;Promenady&#8221; szyj\u0105 maseczki wielokrotnego u\u017cytku, wykonane z materia\u0142u. Kto chce, mo\u017ce si\u0119 przy\u0142\u0105czy\u0107 do akcji. Wystarczy zadzwoni\u0107 do pani Sylwii pod numer 603 11 57 41.<\/li><\/ul>\n","protected":false},"excerpt":{"rendered":"<p>Zamiast siedzie\u0107, narzeka\u0107 i popada\u0107 w panik\u0119, w\u0142a\u015bciciele kilku firm znajduj\u0105cych si\u0119 w Centrum Handlowym &#8222;Promenada&#8221; w Cz\u0119stochowie zacz\u0119li szy\u0107 maseczki ochronne dla piel\u0119gniarek.<\/p>\n","protected":false},"author":7,"featured_media":10997,"comment_status":"open","ping_status":"open","sticky":false,"template":"","format":"standard","meta":{"_monsterinsights_skip_tracking":false,"_monsterinsights_sitenote_active":false,"_monsterinsights_sitenote_note":"","_monsterinsights_sitenote_category":0,"_uf_show_specific_survey":0,"_uf_disable_surveys":false,"footnotes":""},"categories":[94,3,2],"tags":[],"class_list":["post-10994","post","type-post","status-publish","format-standard","has-post-thumbnail","hentry","category-polecane","category-czestochowa-informacje","category-wiadomosci"],"_links":{"self":[{"href":"https:\/\/gazetaregionalna.com\/index.php?rest_route=\/wp\/v2\/posts\/10994","targetHints":{"allow":["GET"]}}],"collection":[{"href":"https:\/\/gazetaregionalna.com\/index.php?rest_route=\/wp\/v2\/posts"}],"about":[{"href":"https:\/\/gazetaregionalna.com\/index.php?rest_route=\/wp\/v2\/types\/post"}],"author":[{"embeddable":true,"href":"https:\/\/gazetaregionalna.com\/index.php?rest_route=\/wp\/v2\/users\/7"}],"replies":[{"embeddable":true,"href":"https:\/\/gazetaregionalna.com\/index.php?rest_route=%2Fwp%2Fv2%2Fcomments&post=10994"}],"version-history":[{"count":1,"href":"https:\/\/gazetaregionalna.com\/index.php?rest_route=\/wp\/v2\/posts\/10994\/revisions"}],"predecessor-version":[{"id":10998,"href":"https:\/\/gazetaregionalna.com\/index.php?rest_route=\/wp\/v2\/posts\/10994\/revisions\/10998"}],"wp:featuredmedia":[{"embeddable":true,"href":"https:\/\/gazetaregionalna.com\/index.php?rest_route=\/wp\/v2\/media\/10997"}],"wp:attachment":[{"href":"https:\/\/gazetaregionalna.com\/index.php?rest_route=%2Fwp%2Fv2%2Fmedia&parent=10994"}],"wp:term":[{"taxonomy":"category","embeddable":true,"href":"https:\/\/gazetaregionalna.com\/index.php?rest_route=%2Fwp%2Fv2%2Fcategories&post=10994"},{"taxonomy":"post_tag","embeddable":true,"href":"https:\/\/gazetaregionalna.com\/index.php?rest_route=%2Fwp%2Fv2%2Ftags&post=10994"}],"curies":[{"name":"wp","href":"https:\/\/api.w.org\/{rel}","templated":true}]}}