{"id":109894,"date":"2023-07-18T20:05:08","date_gmt":"2023-07-18T20:05:08","guid":{"rendered":"https:\/\/gazetaregionalna.com\/?p=109894"},"modified":"2023-07-18T20:05:10","modified_gmt":"2023-07-18T20:05:10","slug":"kartkowanie-rak-nie-brudzi-premiera-podcastu","status":"publish","type":"post","link":"https:\/\/gazetaregionalna.com\/?p=109894","title":{"rendered":"Kartkowanie r\u0105k nie brudzi. Premiera podcastu, kt\u00f3rego go\u015bciem jest S\u0142awek Gortych"},"content":{"rendered":"\n<h2 class=\"wp-block-heading\">W pi\u0105tek, 21 lipca odb\u0119dzie si\u0119 premiera kolejnego podcastu Kartkowanie r\u0105k nie brudzi. Go\u015bciem Roberta Jasiaka b\u0119dzie S\u0142awek Gortych.<\/h2>\n\n\n\n<p>Kolejnym go\u015bciem autorskiego podcastu Kartkowanie r\u0105k nie brudzi b\u0119dzie S\u0142awek Gortych. Robert Jasiak (tw\u00f3rca marki Wspieraj Kultur\u0119) porozmawia z autorem bestsellerowego \u201eSchroniska, kt\u00f3re przesta\u0142o istnie\u0107\u201d i wielkim mi\u0142o\u015bnikiem Karkonoszy. <\/p>\n\n\n\n<p>Od najm\u0142odszych lat Gortych zg\u0142\u0119bia karkonoskie sekrety, zwi\u0105zane z nimi legendy i historie. Autor z wykszta\u0142cenia i pasji jest stomatologiem. W wolnych chwilach prowadzi blog \u201eZagubiony w Karkonoszach\u201d. Inspiracj\u0119 do swojej tw\u00f3rczo\u015bci czerpie z w\u0119dr\u00f3wek po g\u00f3rach, a tak\u017ce rozm\u00f3w z ich mieszka\u0144cami.<\/p>\n\n\n\n<p>Wspomniana powie\u015b\u0107 \u201eSchronisko, kt\u00f3re przesta\u0142o istnie\u0107\u201d zdoby\u0142a tytu\u0142 Ksi\u0105\u017cki Roku 2022 w plebiscycie portalu Lubimy Czyta\u0107 w kategorii Debiut. \u201eSchronisko, kt\u00f3re przetrwa\u0142o\u201d to kontynuacja serii kryminalnej po\u015bwi\u0119conej burzliwym dziejom Karkonoszy w minionym wieku.<\/p>\n\n\n\n<p>Premiera podcastu odb\u0119dzie si\u0119 w pi\u0105tek, 21 lipca. Szczeg\u00f3\u0142y mo\u017cna znale\u017a\u0107 <a href=\"https:\/\/www.facebook.com\/events\/179625464941129\" target=\"_blank\" rel=\"noopener\">TUTAJ<\/a>.<\/p>\n\n\n\n<figure class=\"wp-block-embed is-type-video is-provider-youtube wp-block-embed-youtube wp-embed-aspect-16-9 wp-has-aspect-ratio\"><div class=\"wp-block-embed__wrapper\">\n<div class=\"fitvids-video\"><iframe title=\"Robert Ma\u0142ecki \u2022 Kartkowanie r\u0105k nie brudzi \u2022 s01e01\" width=\"715\" height=\"402\" data-src=\"https:\/\/www.youtube.com\/embed\/SFx52rgthNg?feature=oembed\" frameborder=\"0\" allow=\"accelerometer; autoplay; clipboard-write; encrypted-media; gyroscope; picture-in-picture; web-share\" allowfullscreen src=\"data:image\/svg+xml;base64,PHN2ZyB3aWR0aD0iMSIgaGVpZ2h0PSIxIiB4bWxucz0iaHR0cDovL3d3dy53My5vcmcvMjAwMC9zdmciPjwvc3ZnPg==\" class=\"lazyload\" data-load-mode=\"1\"><\/iframe><\/div>\n<\/div><\/figure>\n\n\n\n<p>W ramach serii mo\u017cna r\u00f3wnie\u017c pods\u0142ucha\u0107 podcast\u00f3w z udzia\u0142em Roberta Ma\u0142eckiego i Tomasza \u017baka. Szczeg\u00f3\u0142y na <a href=\"https:\/\/www.youtube.com\/watch?v=S4ttBUceHyA\" target=\"_blank\" rel=\"noopener\">www.youtube.com<\/a><\/p>\n\n\n\n<p><strong>red.<\/strong><\/p>\n","protected":false},"excerpt":{"rendered":"<p>W pi\u0105tek, 21 lipca odb\u0119dzie si\u0119 premiera kolejnego podcastu Kartkowanie r\u0105k nie brudzi. Go\u015bciem Roberta Jasiaka b\u0119dzie S\u0142awek Gortych. Kolejnym go\u015bciem autorskiego podcastu Kartkowanie<\/p>\n","protected":false},"author":11,"featured_media":109897,"comment_status":"closed","ping_status":"open","sticky":false,"template":"","format":"standard","meta":{"_monsterinsights_skip_tracking":false,"_monsterinsights_sitenote_active":false,"_monsterinsights_sitenote_note":"","_monsterinsights_sitenote_category":0,"_uf_show_specific_survey":0,"_uf_disable_surveys":false,"footnotes":""},"categories":[12,3,2],"tags":[8071,8072,1750],"class_list":["post-109894","post","type-post","status-publish","format-standard","has-post-thumbnail","hentry","category-kultura-i-rozrywka","category-czestochowa-informacje","category-wiadomosci","tag-kartkowanie-rak-nie-brudzi","tag-podcast","tag-premiera"],"_links":{"self":[{"href":"https:\/\/gazetaregionalna.com\/index.php?rest_route=\/wp\/v2\/posts\/109894","targetHints":{"allow":["GET"]}}],"collection":[{"href":"https:\/\/gazetaregionalna.com\/index.php?rest_route=\/wp\/v2\/posts"}],"about":[{"href":"https:\/\/gazetaregionalna.com\/index.php?rest_route=\/wp\/v2\/types\/post"}],"author":[{"embeddable":true,"href":"https:\/\/gazetaregionalna.com\/index.php?rest_route=\/wp\/v2\/users\/11"}],"replies":[{"embeddable":true,"href":"https:\/\/gazetaregionalna.com\/index.php?rest_route=%2Fwp%2Fv2%2Fcomments&post=109894"}],"version-history":[{"count":1,"href":"https:\/\/gazetaregionalna.com\/index.php?rest_route=\/wp\/v2\/posts\/109894\/revisions"}],"predecessor-version":[{"id":109896,"href":"https:\/\/gazetaregionalna.com\/index.php?rest_route=\/wp\/v2\/posts\/109894\/revisions\/109896"}],"wp:featuredmedia":[{"embeddable":true,"href":"https:\/\/gazetaregionalna.com\/index.php?rest_route=\/wp\/v2\/media\/109897"}],"wp:attachment":[{"href":"https:\/\/gazetaregionalna.com\/index.php?rest_route=%2Fwp%2Fv2%2Fmedia&parent=109894"}],"wp:term":[{"taxonomy":"category","embeddable":true,"href":"https:\/\/gazetaregionalna.com\/index.php?rest_route=%2Fwp%2Fv2%2Fcategories&post=109894"},{"taxonomy":"post_tag","embeddable":true,"href":"https:\/\/gazetaregionalna.com\/index.php?rest_route=%2Fwp%2Fv2%2Ftags&post=109894"}],"curies":[{"name":"wp","href":"https:\/\/api.w.org\/{rel}","templated":true}]}}