{"id":10980,"date":"2020-03-23T11:12:44","date_gmt":"2020-03-23T11:12:44","guid":{"rendered":"https:\/\/gazetaregionalna.com\/?p=10980"},"modified":"2020-03-23T11:12:46","modified_gmt":"2020-03-23T11:12:46","slug":"pracownicy-pomocy-spolecznej-robia-zakupy-potrzebujacych","status":"publish","type":"post","link":"https:\/\/gazetaregionalna.com\/?p=10980","title":{"rendered":"Pracownicy pomocy spo\u0142ecznej robi\u0105 zakupy potrzebuj\u0105cych"},"content":{"rendered":"\n<p>Miejsko-Gminny O\u015brodek Pomocy w \u017barkach robi zakupy seniorom oraz osobom, kt\u00f3re z powodu obecnej sytuacji epidemicznej nie mog\u0105 wychodzi\u0107 z dom\u00f3w. Zwr\u00f3ci\u0142 si\u0119 r\u00f3wnie\u017c do mieszka\u0144c\u00f3w gminy, aby zg\u0142aszali przypadki starszych, samotnych i niepe\u0142nosprawnych os\u00f3b, kt\u00f3re nie mog\u0105 liczy\u0107 na pomoc rodzin czy znajomych.<br> \u2013 <em>Pracownicy \u017careckiego O\u015brodka zrobi\u0105 zakupy sk\u0142adaj\u0105ce si\u0119 z podstawowych artyku\u0142\u00f3w spo\u017cywczych i higienicznych oraz \u015brodk\u00f3w czysto\u015bci \u2013 w ilo\u015bciach niezb\u0119dnych do samodzielnego funkcjonowania <\/em>\u2014 powiedzia\u0142a nam Katarzyna Kuli\u0144ska-Pluta z \u017careckiego samorz\u0105du. \u2013  <em>\u017beby umo\u017cliwi\u0107 pomoc jak najwi\u0119kszej liczbie os\u00f3b, zakupy powinny by\u0107 ograniczone do niezb\u0119dnych artyku\u0142\u00f3w, a ich warto\u015b\u0107 nie powinien przekracza\u0107 150 z\u0142otych. Koszt zakup\u00f3w pokrywa zainteresowana osoba<\/em>.<br> Zg\u0142oszenia o osobach, kt\u00f3re potrzebuj\u0105 pomocy pracownik\u00f3w opieki spo\u0142ecznej mo\u017cna przekazywa\u0107 pod numer telefonu 34 313 00 85, e-mail: opszarki@wp.pl od poniedzia\u0142ku do pi\u0105tku od godz. 8 do 13. Zakupy b\u0119d\u0105 dostarczane w dni robocze \u2013 od godz. 10 w nast\u0119pnym dniu po zg\u0142oszeniu.<\/p>\n\n\n\n<ul class=\"wp-block-list\"><li><em>Wszyscy znajdujemy si\u0119 obecnej w niecodziennej i trudnej sytuacji, dlatego zach\u0119camy mieszka\u0144c\u00f3w gminy, aby w miar\u0119 swoich mo\u017cliwo\u015bci pomagali osobom starszym, niepe\u0142nosprawnym i samotnym, kt\u00f3re na czas zagro\u017cenia koronawirusem powinny pozosta\u0107 w domu <\/em>\u2014 apeluje \u017carecki samorz\u0105d.<\/li><\/ul>\n","protected":false},"excerpt":{"rendered":"<p>Miejsko-Gminny O\u015brodek Pomocy w \u017barkach robi zakupy seniorom oraz osobom, kt\u00f3re z powodu obecnej sytuacji epidemicznej nie mog\u0105 wychodzi\u0107 z dom\u00f3w. Zwr\u00f3ci\u0142 si\u0119 r\u00f3wnie\u017c<\/p>\n","protected":false},"author":7,"featured_media":0,"comment_status":"open","ping_status":"open","sticky":false,"template":"","format":"standard","meta":{"_monsterinsights_skip_tracking":false,"_monsterinsights_sitenote_active":false,"_monsterinsights_sitenote_note":"","_monsterinsights_sitenote_category":0,"_uf_show_specific_survey":0,"_uf_disable_surveys":false,"footnotes":""},"categories":[94,26,2],"tags":[],"class_list":["post-10980","post","type-post","status-publish","format-standard","hentry","category-polecane","category-myszkow","category-wiadomosci"],"_links":{"self":[{"href":"https:\/\/gazetaregionalna.com\/index.php?rest_route=\/wp\/v2\/posts\/10980","targetHints":{"allow":["GET"]}}],"collection":[{"href":"https:\/\/gazetaregionalna.com\/index.php?rest_route=\/wp\/v2\/posts"}],"about":[{"href":"https:\/\/gazetaregionalna.com\/index.php?rest_route=\/wp\/v2\/types\/post"}],"author":[{"embeddable":true,"href":"https:\/\/gazetaregionalna.com\/index.php?rest_route=\/wp\/v2\/users\/7"}],"replies":[{"embeddable":true,"href":"https:\/\/gazetaregionalna.com\/index.php?rest_route=%2Fwp%2Fv2%2Fcomments&post=10980"}],"version-history":[{"count":1,"href":"https:\/\/gazetaregionalna.com\/index.php?rest_route=\/wp\/v2\/posts\/10980\/revisions"}],"predecessor-version":[{"id":10982,"href":"https:\/\/gazetaregionalna.com\/index.php?rest_route=\/wp\/v2\/posts\/10980\/revisions\/10982"}],"wp:attachment":[{"href":"https:\/\/gazetaregionalna.com\/index.php?rest_route=%2Fwp%2Fv2%2Fmedia&parent=10980"}],"wp:term":[{"taxonomy":"category","embeddable":true,"href":"https:\/\/gazetaregionalna.com\/index.php?rest_route=%2Fwp%2Fv2%2Fcategories&post=10980"},{"taxonomy":"post_tag","embeddable":true,"href":"https:\/\/gazetaregionalna.com\/index.php?rest_route=%2Fwp%2Fv2%2Ftags&post=10980"}],"curies":[{"name":"wp","href":"https:\/\/api.w.org\/{rel}","templated":true}]}}