{"id":109211,"date":"2023-07-09T19:26:51","date_gmt":"2023-07-09T19:26:51","guid":{"rendered":"https:\/\/gazetaregionalna.com\/?p=109211"},"modified":"2023-07-10T06:27:40","modified_gmt":"2023-07-10T06:27:40","slug":"z-gorzowa-tauron-wlokniarz-wraca-bez-punktow","status":"publish","type":"post","link":"https:\/\/gazetaregionalna.com\/?p=109211","title":{"rendered":"Z Gorzowa Tauron W\u0142\u00f3kniarz wraca bez punkt\u00f3w&#8230;"},"content":{"rendered":"\n<p>Nie uda\u0142 si\u0119 \u017cuzlowcom Tauron W\u0142\u00f3kniarz Cz\u0119stochowa wyjazd na niedzielny mecz do Gorzowa ze Stal\u0105. Po remisie w Cz\u0119stochowie 45:45 cz\u0119stochowianie przegrali 38:51 przez co Stal zdoby\u0142a 3 punkty i zbli\u017cy\u0142a si\u0119 w tabeli PGE Ekstraligi do 3. Tauron W\u0142\u00f3kniarz na 1 punkt&#8230;<\/p>\n\n\n\n<p>Pocz\u0105tek spotkania nale\u017ca\u0142 do gorzowian. Cz\u0119stochowianie po 4. wy\u015bcigu przegrywali ju\u017c 6:18. \u017bu\u017clowcy Tauron W\u0142\u00f3kniarz opr\u00f3cz Kacpra Woryny nie byli w og\u00f3le spasowanie z gorzowskim torem. Zanosi\u0142o si\u0119 na wysok\u0105 pora\u017ck\u0119. Tymczasem w kolejnych biegach cz\u0119stochowianie zacz\u0119li wygrywa\u0107 i odrabia\u0107 straty. W 8. i 9. biegu cz\u0119stochowianie wygrali po 5:1 i zmniejszyli strat\u0119 do gospodarzy do 2 punkt\u00f3w (28:26). A to oznacza\u0142o, \u017ce Tauron W\u0142\u00f3kniarz wr\u00f3ci\u0142 do gry i w dalszej cz\u0119\u015bci meczu powalczy w Gorzowie o zwyci\u0119stwo i punkt bonusowy&#8230;<\/p>\n\n\n\n<p>Stal prze\u0142ama\u0142a si\u0119 w 10. biegu. Gorzowianie wygrali 4:2 i odskoczyli na 4 punkty przewagi (32:28).<\/p>\n\n\n\n<p>Przed biegami nominowanymi Tauron W\u0142\u00f3kniarz traci\u0142 do Stali 8 punkt\u00f3w i nie mia\u0142 ju\u017c praktycznie szans na zwyci\u0119stwo. Niestety, ale w 13. biegu mocna cz\u0119stochowska para przegra\u0142a 1:5 i Tauron W\u0142\u00f3kniarz straci\u0142 szans\u0119 na wygran\u0105&#8230;<\/p>\n\n\n\n<p>W 14. biegu Kacper Woryna zanotowa\u0142 gro\u017any upadek, ale zawodnik wsta\u0142 i wygl\u0105da na to, \u017ce nic powa\u017cnego si\u0119 nie sta\u0142o.<\/p>\n\n\n\n<p>W powt\u00f3rce gospodarze wygrali 4:2, bo po upadku do mety dobieg\u0142 Thomsen. S\u0119dzia wykluczy\u0142 jednak Thomsena, bo dotkn\u0105\u0142 go jeden z ratownik\u00f3w&#8230; i bieg zako\u0144czy\u0142 si\u0119 wynikiem 3:2.<\/p>\n\n\n\n<p>W ostatnim wy\u015bcigu Stal wygra\u0142a 5:1 i w meczu 51:38.<\/p>\n\n\n\n<p>Na dwie kolejki przed zako\u0144czeniem rundy zasadniczej Tauron W\u0142\u00f3kniarz jest na 3. miejscu, ale na 4. Stal\u0105 ma tylko 1 punkt przewagi&#8230;<\/p>\n\n\n\n<p>AK, fot: AK<\/p>\n\n\n\n<p>Stal Gorz\u00f3w \u2013 Tauron W\u0142\u00f3kniarz Cz\u0119stochowa 51:38<\/p>\n\n\n\n<p>Stal: Wo\u017aniak 10 (2,2,1,3,2), Fajfer 10 (3,1,0,3,3), Vaculik 12 (1,2,3,3,3), Jasi\u0144ski 5 (3,1,1,0), Thomsen 7 (2,2,1,2,w), Paluch 5 (3,2,0), Bartkowiak 2 (2,0,0).<\/p>\n\n\n\n<p>Tauron W\u0142\u00f3kniarz: Madsen 10 (0,3,3,2,2), Drabik 5 (0,1,2,2), Woryna 10 (3,3,3,0,u,1), Mi\u015bkowiak 2 (1,0,-1), Michelsen 9 (1,3,2,2,1,d), Kupiec 0 (w,0,0), Halkiewicz 2 (1,0,1).<\/p>\n\n\n\n<p>Bieg po biegu:<\/p>\n\n\n\n<ol class=\"wp-block-list\"><li>Woryna, Wo\u017aniak, Vaculik, Madsen 3:3<\/li><li>Paluch, Bartkowiak, Halkiewicz, Kupiec (w) 5:1\/8:4<\/li><li>Jasi\u0144ski, Thomsen, Michelsen, Drabik 5:1\/13:5<\/li><li>Fajfer, Paluch, Mi\u015bkowiak, Kupiec 5:1\/18:6<\/li><li>Woryna, Vaculik, Jasi\u0144ski, Mi\u015bkowiak 3:3\/21:9<\/li><li>Madsen, Thomsen, Drabik, Bartkowiak 2:4\/23:13<\/li><li>Michelsen, Wo\u017aniak, Fajfer, Halkiewicz 3:3\/26:16<\/li><li>Woryna, Michelsen, Thomsen, Paluch 1:5\/27:21<\/li><li>Madsen, Drabik, Wo\u017aniak, Fajfer1:5\/28:26<\/li><li>Vaculik, Michelsen, Jasi\u0144ski, Kupiec 4:2\/32:28<\/li><li>Wo\u017aniak, Madsen, Mi\u015bkowiak, Jasi\u0144ski 3:3\/35:31<\/li><li>Vaculik, Drabik, Halkiewicz, Bartkowiak, 3:3\/38:34<\/li><li>Fajfer, Thomsen, Michelsen, Woryna 5:1\/43:35<\/li><li>Fajfer, Madsen, Thomsen (w), Woryna (u)3:2\/46:37<\/li><li>Vaculik, Wo\u017aniak, Woryna, Michelsen 5:1\/51:38<\/li><\/ol>\n\n\n\n<figure class=\"wp-block-image size-large\"><img decoding=\"async\" width=\"1024\" height=\"683\" data-src=\"https:\/\/gazetaregionalna.com\/wp-content\/uploads\/2023\/04\/Wlokniarz-Stal-4-2-1024x683.jpg\" alt=\"\" class=\"wp-image-105012 lazyload\" data-srcset=\"https:\/\/gazetaregionalna.com\/wp-content\/uploads\/2023\/04\/Wlokniarz-Stal-4-2-1024x683.jpg 1024w, https:\/\/gazetaregionalna.com\/wp-content\/uploads\/2023\/04\/Wlokniarz-Stal-4-2-300x200.jpg 300w, https:\/\/gazetaregionalna.com\/wp-content\/uploads\/2023\/04\/Wlokniarz-Stal-4-2-768x512.jpg 768w, https:\/\/gazetaregionalna.com\/wp-content\/uploads\/2023\/04\/Wlokniarz-Stal-4-2-1536x1024.jpg 1536w, https:\/\/gazetaregionalna.com\/wp-content\/uploads\/2023\/04\/Wlokniarz-Stal-4-2-696x464.jpg 696w, https:\/\/gazetaregionalna.com\/wp-content\/uploads\/2023\/04\/Wlokniarz-Stal-4-2-1068x712.jpg 1068w, https:\/\/gazetaregionalna.com\/wp-content\/uploads\/2023\/04\/Wlokniarz-Stal-4-2-1920x1280.jpg 1920w, https:\/\/gazetaregionalna.com\/wp-content\/uploads\/2023\/04\/Wlokniarz-Stal-4-2-630x420.jpg 630w, https:\/\/gazetaregionalna.com\/wp-content\/uploads\/2023\/04\/Wlokniarz-Stal-4-2-scaled.jpg 1600w\" data-sizes=\"(max-width: 1024px) 100vw, 1024px\" src=\"data:image\/svg+xml;base64,PHN2ZyB3aWR0aD0iMSIgaGVpZ2h0PSIxIiB4bWxucz0iaHR0cDovL3d3dy53My5vcmcvMjAwMC9zdmciPjwvc3ZnPg==\" style=\"--smush-placeholder-width: 1024px; --smush-placeholder-aspect-ratio: 1024\/683;\" \/><\/figure>\n\n\n\n<figure class=\"wp-block-image size-large\"><img decoding=\"async\" width=\"300\" height=\"250\" data-src=\"https:\/\/gazetaregionalna.com\/wp-content\/uploads\/2022\/04\/DMK-3.jpg\" alt=\"\" class=\"wp-image-77211 lazyload\" src=\"data:image\/svg+xml;base64,PHN2ZyB3aWR0aD0iMSIgaGVpZ2h0PSIxIiB4bWxucz0iaHR0cDovL3d3dy53My5vcmcvMjAwMC9zdmciPjwvc3ZnPg==\" style=\"--smush-placeholder-width: 300px; --smush-placeholder-aspect-ratio: 300\/250;\"><\/figure>\n","protected":false},"excerpt":{"rendered":"<p>Nie uda\u0142 si\u0119 \u017cuzlowcom Tauron W\u0142\u00f3kniarz Cz\u0119stochowa wyjazd na niedzielny mecz do Gorzowa ze Stal\u0105. Po remisie w Cz\u0119stochowie 45:45 cz\u0119stochowianie przegrali 38:51 przez<\/p>\n","protected":false},"author":15,"featured_media":105012,"comment_status":"closed","ping_status":"open","sticky":false,"template":"","format":"standard","meta":{"_monsterinsights_skip_tracking":false,"_monsterinsights_sitenote_active":false,"_monsterinsights_sitenote_note":"","_monsterinsights_sitenote_category":0,"_uf_show_specific_survey":0,"_uf_disable_surveys":false,"footnotes":""},"categories":[5,7],"tags":[],"class_list":["post-109211","post","type-post","status-publish","format-standard","has-post-thumbnail","hentry","category-sport","category-zuzel"],"_links":{"self":[{"href":"https:\/\/gazetaregionalna.com\/index.php?rest_route=\/wp\/v2\/posts\/109211","targetHints":{"allow":["GET"]}}],"collection":[{"href":"https:\/\/gazetaregionalna.com\/index.php?rest_route=\/wp\/v2\/posts"}],"about":[{"href":"https:\/\/gazetaregionalna.com\/index.php?rest_route=\/wp\/v2\/types\/post"}],"author":[{"embeddable":true,"href":"https:\/\/gazetaregionalna.com\/index.php?rest_route=\/wp\/v2\/users\/15"}],"replies":[{"embeddable":true,"href":"https:\/\/gazetaregionalna.com\/index.php?rest_route=%2Fwp%2Fv2%2Fcomments&post=109211"}],"version-history":[{"count":2,"href":"https:\/\/gazetaregionalna.com\/index.php?rest_route=\/wp\/v2\/posts\/109211\/revisions"}],"predecessor-version":[{"id":109223,"href":"https:\/\/gazetaregionalna.com\/index.php?rest_route=\/wp\/v2\/posts\/109211\/revisions\/109223"}],"wp:featuredmedia":[{"embeddable":true,"href":"https:\/\/gazetaregionalna.com\/index.php?rest_route=\/wp\/v2\/media\/105012"}],"wp:attachment":[{"href":"https:\/\/gazetaregionalna.com\/index.php?rest_route=%2Fwp%2Fv2%2Fmedia&parent=109211"}],"wp:term":[{"taxonomy":"category","embeddable":true,"href":"https:\/\/gazetaregionalna.com\/index.php?rest_route=%2Fwp%2Fv2%2Fcategories&post=109211"},{"taxonomy":"post_tag","embeddable":true,"href":"https:\/\/gazetaregionalna.com\/index.php?rest_route=%2Fwp%2Fv2%2Ftags&post=109211"}],"curies":[{"name":"wp","href":"https:\/\/api.w.org\/{rel}","templated":true}]}}