{"id":108930,"date":"2023-07-03T19:24:33","date_gmt":"2023-07-03T19:24:33","guid":{"rendered":"https:\/\/gazetaregionalna.com\/?p=108930"},"modified":"2023-07-03T19:24:45","modified_gmt":"2023-07-03T19:24:45","slug":"jura-rok-festiwal-2023","status":"publish","type":"post","link":"https:\/\/gazetaregionalna.com\/?p=108930","title":{"rendered":"Konopiska. Za nami Jura ROK Festiwal 2023"},"content":{"rendered":"\n<h2 class=\"wp-block-heading\">Gmina Konopiska by\u0142a Gospodarzem 7. edycji Jura ROK Festiwalu. Za organizacj\u0119 wydarzenia odpowiada\u0142 Regionalny O\u015brodek Kultury w Cz\u0119stochowie. Festiwal odby\u0142 si\u0119 24 czerwca na stadionie im. Ireny Szewi\u0144skiej.<\/h2>\n\n\n\n<p>Jura ROK Festiwal ju\u017c za nami! Wydarzenie organizowane przez <a href=\"https:\/\/rok.czestochowa.pl\/\" target=\"_blank\" rel=\"noopener\">Regionalny O\u015brodek Kultury w Cz\u0119stochowie <\/a>odby\u0142o si\u0119 24 czerwca na stadionie im. Ireny Szewi\u0144skiej w Konopiskach. Do realizacji tegorocznej edycji na zasadzie partnerstwa przyst\u0105pi\u0142y r\u00f3wnie\u017c gminy: Kamienica Polska, K\u0142obuck, K\u0142omnice, Mst\u00f3w, Olsztyn, Poczesna i Przyr\u00f3w.<\/p>\n\n\n\n<figure class=\"wp-block-image size-large\"><img decoding=\"async\" width=\"1024\" height=\"604\" data-src=\"https:\/\/gazetaregionalna.com\/wp-content\/uploads\/2023\/07\/Jura_ROK_2-1024x604.jpg\" alt=\"\" class=\"wp-image-108934 lazyload\" data-srcset=\"https:\/\/gazetaregionalna.com\/wp-content\/uploads\/2023\/07\/Jura_ROK_2-1024x604.jpg 1024w, https:\/\/gazetaregionalna.com\/wp-content\/uploads\/2023\/07\/Jura_ROK_2-300x177.jpg 300w, https:\/\/gazetaregionalna.com\/wp-content\/uploads\/2023\/07\/Jura_ROK_2-768x453.jpg 768w, https:\/\/gazetaregionalna.com\/wp-content\/uploads\/2023\/07\/Jura_ROK_2-1536x906.jpg 1536w, https:\/\/gazetaregionalna.com\/wp-content\/uploads\/2023\/07\/Jura_ROK_2-696x411.jpg 696w, https:\/\/gazetaregionalna.com\/wp-content\/uploads\/2023\/07\/Jura_ROK_2-1068x630.jpg 1068w, https:\/\/gazetaregionalna.com\/wp-content\/uploads\/2023\/07\/Jura_ROK_2-1920x1133.jpg 1920w, https:\/\/gazetaregionalna.com\/wp-content\/uploads\/2023\/07\/Jura_ROK_2-712x420.jpg 712w, https:\/\/gazetaregionalna.com\/wp-content\/uploads\/2023\/07\/Jura_ROK_2-scaled.jpg 1600w\" data-sizes=\"(max-width: 1024px) 100vw, 1024px\" src=\"data:image\/svg+xml;base64,PHN2ZyB3aWR0aD0iMSIgaGVpZ2h0PSIxIiB4bWxucz0iaHR0cDovL3d3dy53My5vcmcvMjAwMC9zdmciPjwvc3ZnPg==\" style=\"--smush-placeholder-width: 1024px; --smush-placeholder-aspect-ratio: 1024\/604;\" \/><figcaption>Jura ROK Festiwal 2023 (mat. ROK)<\/figcaption><\/figure>\n\n\n\n<p>Na festiwalowej scenie wyst\u0105pili: Zesp\u00f3\u0142 Ludowy &#8222;Cyganeczki&#8221; z Sygontki gm. Przyr\u00f3w, Zesp\u00f3\u0142 Folklorystyczny &#8222;Turowianie&#8221; reprezentuj\u0105cy gmin\u0119 Olsztyn, Zesp\u00f3\u0142 Pie\u015bni i Ta\u0144ca &#8222;Ziemia K\u0142obucka&#8221;, Zesp\u00f3\u0142 Folklorystyczny &#8222;Kamienica&#8221; z gminy Kamienica Polska, Zesp\u00f3\u0142 \u015apiewaczy &#8222;Mstowianki&#8221;, Zesp\u00f3\u0142 Folklorystyczny &#8222;Wrzosowianie&#8221; z Poczesnej oraz Zesp\u00f3\u0142 \u015apiewaczy &#8222;Kumosie&#8221;z gminy K\u0142omnice. Gmin\u0119 Konopiska reprezentowali Zesp\u00f3\u0142 Ludowy &#8222;Konopielki&#8221; i Zesp\u00f3\u0142 &#8222;KGW Wiosenne Kwiaty&#8221;.<\/p>\n\n\n\n<p>Po raz pierwszy na Jura ROK Festiwalu odby\u0142 si\u0119 pokaz obrz\u0119d\u00f3w sob\u00f3tkowych.<br>\u00a0<br>Wydarzenie by\u0142o okazj\u0105 do podsumowania i wr\u0119czenia nagr\u00f3d laureatom Konkursu Legend, Ba\u015bni, Poda\u0144 &#8222;Legend Jury&#8221;, a tak\u017ce dw\u00f3ch konkurs\u00f3w plastycznych, dla dzieci \u201eJura oczami dziecka w ods\u0142onach czterech p\u00f3r roku\u201d oraz Jurajskiego Konkursu Plastycznego dla m\u0142odzie\u017cy i doros\u0142ych \u201eIlustracja do bajek, legend, poda\u0144&#8221;.<\/p>\n\n\n\n<figure class=\"wp-block-image size-large\"><img decoding=\"async\" width=\"1024\" height=\"594\" data-src=\"https:\/\/gazetaregionalna.com\/wp-content\/uploads\/2023\/07\/Jura_ROK_3-1024x594.jpg\" alt=\"\" class=\"wp-image-108935 lazyload\" data-srcset=\"https:\/\/gazetaregionalna.com\/wp-content\/uploads\/2023\/07\/Jura_ROK_3-1024x594.jpg 1024w, https:\/\/gazetaregionalna.com\/wp-content\/uploads\/2023\/07\/Jura_ROK_3-300x174.jpg 300w, https:\/\/gazetaregionalna.com\/wp-content\/uploads\/2023\/07\/Jura_ROK_3-768x445.jpg 768w, https:\/\/gazetaregionalna.com\/wp-content\/uploads\/2023\/07\/Jura_ROK_3-1536x890.jpg 1536w, https:\/\/gazetaregionalna.com\/wp-content\/uploads\/2023\/07\/Jura_ROK_3-696x403.jpg 696w, https:\/\/gazetaregionalna.com\/wp-content\/uploads\/2023\/07\/Jura_ROK_3-1068x619.jpg 1068w, https:\/\/gazetaregionalna.com\/wp-content\/uploads\/2023\/07\/Jura_ROK_3-1920x1113.jpg 1920w, https:\/\/gazetaregionalna.com\/wp-content\/uploads\/2023\/07\/Jura_ROK_3-725x420.jpg 725w, https:\/\/gazetaregionalna.com\/wp-content\/uploads\/2023\/07\/Jura_ROK_3-scaled.jpg 1600w\" data-sizes=\"(max-width: 1024px) 100vw, 1024px\" src=\"data:image\/svg+xml;base64,PHN2ZyB3aWR0aD0iMSIgaGVpZ2h0PSIxIiB4bWxucz0iaHR0cDovL3d3dy53My5vcmcvMjAwMC9zdmciPjwvc3ZnPg==\" style=\"--smush-placeholder-width: 1024px; --smush-placeholder-aspect-ratio: 1024\/594;\" \/><figcaption>Jura ROK Festiwal 2023 (mat. ROK)<\/figcaption><\/figure>\n\n\n\n<p>Festiwal u\u015bwietni\u0142a &#8222;Muzyczna podr\u00f3\u017c od palanta do belcanta&#8221;, czyli piosenki retro w wykonaniu Krzysztofa Dryndy. Wokali\u015bcie akompaniowali Micha\u0142 Rorat i Sebastian Janik.\u00a0<br><br>Nie zabrak\u0142o produkt\u00f3w regionalnych, r\u0119kodzie\u0142a, wystaw i warsztat\u00f3w artystycznych, a tak\u017ce atrakcji dla najm\u0142odszych.<\/p>\n\n\n\n<p><strong>red., mat. ROK<\/strong><\/p>\n\n\n\n<figure class=\"wp-block-gallery columns-3 is-cropped wp-block-gallery-1 is-layout-flex wp-block-gallery-is-layout-flex\"><ul class=\"blocks-gallery-grid\"><li class=\"blocks-gallery-item\"><figure><a href=\"https:\/\/gazetaregionalna.com\/wp-content\/uploads\/2023\/07\/Jura_ROK_13-scaled.jpg\"><img decoding=\"async\" width=\"1024\" height=\"683\" data-src=\"https:\/\/gazetaregionalna.com\/wp-content\/uploads\/2023\/07\/Jura_ROK_13-1024x683.jpg\" alt=\"\" data-id=\"108945\" data-full-url=\"https:\/\/gazetaregionalna.com\/wp-content\/uploads\/2023\/07\/Jura_ROK_13-scaled.jpg\" data-link=\"https:\/\/gazetaregionalna.com\/?attachment_id=108945\" class=\"wp-image-108945 lazyload\" data-srcset=\"https:\/\/gazetaregionalna.com\/wp-content\/uploads\/2023\/07\/Jura_ROK_13-1024x683.jpg 1024w, https:\/\/gazetaregionalna.com\/wp-content\/uploads\/2023\/07\/Jura_ROK_13-300x200.jpg 300w, https:\/\/gazetaregionalna.com\/wp-content\/uploads\/2023\/07\/Jura_ROK_13-768x512.jpg 768w, https:\/\/gazetaregionalna.com\/wp-content\/uploads\/2023\/07\/Jura_ROK_13-1536x1024.jpg 1536w, https:\/\/gazetaregionalna.com\/wp-content\/uploads\/2023\/07\/Jura_ROK_13-696x464.jpg 696w, https:\/\/gazetaregionalna.com\/wp-content\/uploads\/2023\/07\/Jura_ROK_13-1068x712.jpg 1068w, https:\/\/gazetaregionalna.com\/wp-content\/uploads\/2023\/07\/Jura_ROK_13-1920x1280.jpg 1920w, https:\/\/gazetaregionalna.com\/wp-content\/uploads\/2023\/07\/Jura_ROK_13-630x420.jpg 630w, https:\/\/gazetaregionalna.com\/wp-content\/uploads\/2023\/07\/Jura_ROK_13-scaled.jpg 1600w\" data-sizes=\"(max-width: 1024px) 100vw, 1024px\" src=\"data:image\/svg+xml;base64,PHN2ZyB3aWR0aD0iMSIgaGVpZ2h0PSIxIiB4bWxucz0iaHR0cDovL3d3dy53My5vcmcvMjAwMC9zdmciPjwvc3ZnPg==\" style=\"--smush-placeholder-width: 1024px; --smush-placeholder-aspect-ratio: 1024\/683;\" \/><\/a><\/figure><\/li><li class=\"blocks-gallery-item\"><figure><a href=\"https:\/\/gazetaregionalna.com\/wp-content\/uploads\/2023\/07\/Jura_ROK_12-scaled.jpg\"><img decoding=\"async\" width=\"1024\" height=\"547\" data-src=\"https:\/\/gazetaregionalna.com\/wp-content\/uploads\/2023\/07\/Jura_ROK_12-1024x547.jpg\" alt=\"\" data-id=\"108944\" data-full-url=\"https:\/\/gazetaregionalna.com\/wp-content\/uploads\/2023\/07\/Jura_ROK_12-scaled.jpg\" data-link=\"https:\/\/gazetaregionalna.com\/?attachment_id=108944\" class=\"wp-image-108944 lazyload\" data-srcset=\"https:\/\/gazetaregionalna.com\/wp-content\/uploads\/2023\/07\/Jura_ROK_12-1024x547.jpg 1024w, https:\/\/gazetaregionalna.com\/wp-content\/uploads\/2023\/07\/Jura_ROK_12-300x160.jpg 300w, https:\/\/gazetaregionalna.com\/wp-content\/uploads\/2023\/07\/Jura_ROK_12-768x410.jpg 768w, https:\/\/gazetaregionalna.com\/wp-content\/uploads\/2023\/07\/Jura_ROK_12-1536x820.jpg 1536w, https:\/\/gazetaregionalna.com\/wp-content\/uploads\/2023\/07\/Jura_ROK_12-696x371.jpg 696w, https:\/\/gazetaregionalna.com\/wp-content\/uploads\/2023\/07\/Jura_ROK_12-1068x570.jpg 1068w, https:\/\/gazetaregionalna.com\/wp-content\/uploads\/2023\/07\/Jura_ROK_12-1920x1025.jpg 1920w, https:\/\/gazetaregionalna.com\/wp-content\/uploads\/2023\/07\/Jura_ROK_12-787x420.jpg 787w, https:\/\/gazetaregionalna.com\/wp-content\/uploads\/2023\/07\/Jura_ROK_12-scaled.jpg 1600w\" data-sizes=\"(max-width: 1024px) 100vw, 1024px\" src=\"data:image\/svg+xml;base64,PHN2ZyB3aWR0aD0iMSIgaGVpZ2h0PSIxIiB4bWxucz0iaHR0cDovL3d3dy53My5vcmcvMjAwMC9zdmciPjwvc3ZnPg==\" style=\"--smush-placeholder-width: 1024px; --smush-placeholder-aspect-ratio: 1024\/547;\" \/><\/a><\/figure><\/li><li class=\"blocks-gallery-item\"><figure><a href=\"https:\/\/gazetaregionalna.com\/wp-content\/uploads\/2023\/07\/Jura_ROK_11-scaled.jpg\"><img decoding=\"async\" width=\"1024\" height=\"553\" data-src=\"https:\/\/gazetaregionalna.com\/wp-content\/uploads\/2023\/07\/Jura_ROK_11-1024x553.jpg\" alt=\"\" data-id=\"108943\" data-full-url=\"https:\/\/gazetaregionalna.com\/wp-content\/uploads\/2023\/07\/Jura_ROK_11-scaled.jpg\" data-link=\"https:\/\/gazetaregionalna.com\/?attachment_id=108943\" class=\"wp-image-108943 lazyload\" data-srcset=\"https:\/\/gazetaregionalna.com\/wp-content\/uploads\/2023\/07\/Jura_ROK_11-1024x553.jpg 1024w, https:\/\/gazetaregionalna.com\/wp-content\/uploads\/2023\/07\/Jura_ROK_11-300x162.jpg 300w, https:\/\/gazetaregionalna.com\/wp-content\/uploads\/2023\/07\/Jura_ROK_11-768x415.jpg 768w, https:\/\/gazetaregionalna.com\/wp-content\/uploads\/2023\/07\/Jura_ROK_11-1536x830.jpg 1536w, https:\/\/gazetaregionalna.com\/wp-content\/uploads\/2023\/07\/Jura_ROK_11-696x376.jpg 696w, https:\/\/gazetaregionalna.com\/wp-content\/uploads\/2023\/07\/Jura_ROK_11-1068x577.jpg 1068w, https:\/\/gazetaregionalna.com\/wp-content\/uploads\/2023\/07\/Jura_ROK_11-1920x1037.jpg 1920w, https:\/\/gazetaregionalna.com\/wp-content\/uploads\/2023\/07\/Jura_ROK_11-778x420.jpg 778w, https:\/\/gazetaregionalna.com\/wp-content\/uploads\/2023\/07\/Jura_ROK_11-scaled.jpg 1600w\" data-sizes=\"(max-width: 1024px) 100vw, 1024px\" src=\"data:image\/svg+xml;base64,PHN2ZyB3aWR0aD0iMSIgaGVpZ2h0PSIxIiB4bWxucz0iaHR0cDovL3d3dy53My5vcmcvMjAwMC9zdmciPjwvc3ZnPg==\" style=\"--smush-placeholder-width: 1024px; --smush-placeholder-aspect-ratio: 1024\/553;\" \/><\/a><\/figure><\/li><li class=\"blocks-gallery-item\"><figure><a href=\"https:\/\/gazetaregionalna.com\/wp-content\/uploads\/2023\/07\/Jura_ROK_10-scaled.jpg\"><img decoding=\"async\" width=\"1024\" height=\"589\" data-src=\"https:\/\/gazetaregionalna.com\/wp-content\/uploads\/2023\/07\/Jura_ROK_10-1024x589.jpg\" alt=\"\" data-id=\"108942\" data-full-url=\"https:\/\/gazetaregionalna.com\/wp-content\/uploads\/2023\/07\/Jura_ROK_10-scaled.jpg\" data-link=\"https:\/\/gazetaregionalna.com\/?attachment_id=108942\" class=\"wp-image-108942 lazyload\" data-srcset=\"https:\/\/gazetaregionalna.com\/wp-content\/uploads\/2023\/07\/Jura_ROK_10-1024x589.jpg 1024w, https:\/\/gazetaregionalna.com\/wp-content\/uploads\/2023\/07\/Jura_ROK_10-300x172.jpg 300w, https:\/\/gazetaregionalna.com\/wp-content\/uploads\/2023\/07\/Jura_ROK_10-768x441.jpg 768w, https:\/\/gazetaregionalna.com\/wp-content\/uploads\/2023\/07\/Jura_ROK_10-1536x883.jpg 1536w, https:\/\/gazetaregionalna.com\/wp-content\/uploads\/2023\/07\/Jura_ROK_10-696x400.jpg 696w, https:\/\/gazetaregionalna.com\/wp-content\/uploads\/2023\/07\/Jura_ROK_10-1068x614.jpg 1068w, https:\/\/gazetaregionalna.com\/wp-content\/uploads\/2023\/07\/Jura_ROK_10-1920x1103.jpg 1920w, https:\/\/gazetaregionalna.com\/wp-content\/uploads\/2023\/07\/Jura_ROK_10-731x420.jpg 731w, https:\/\/gazetaregionalna.com\/wp-content\/uploads\/2023\/07\/Jura_ROK_10-scaled.jpg 1600w\" data-sizes=\"(max-width: 1024px) 100vw, 1024px\" src=\"data:image\/svg+xml;base64,PHN2ZyB3aWR0aD0iMSIgaGVpZ2h0PSIxIiB4bWxucz0iaHR0cDovL3d3dy53My5vcmcvMjAwMC9zdmciPjwvc3ZnPg==\" style=\"--smush-placeholder-width: 1024px; --smush-placeholder-aspect-ratio: 1024\/589;\" \/><\/a><\/figure><\/li><li class=\"blocks-gallery-item\"><figure><a href=\"https:\/\/gazetaregionalna.com\/wp-content\/uploads\/2023\/07\/Jura_ROK_9-scaled.jpg\"><img decoding=\"async\" width=\"1024\" height=\"623\" data-src=\"https:\/\/gazetaregionalna.com\/wp-content\/uploads\/2023\/07\/Jura_ROK_9-1024x623.jpg\" alt=\"\" data-id=\"108941\" data-full-url=\"https:\/\/gazetaregionalna.com\/wp-content\/uploads\/2023\/07\/Jura_ROK_9-scaled.jpg\" data-link=\"https:\/\/gazetaregionalna.com\/?attachment_id=108941\" class=\"wp-image-108941 lazyload\" data-srcset=\"https:\/\/gazetaregionalna.com\/wp-content\/uploads\/2023\/07\/Jura_ROK_9-1024x623.jpg 1024w, https:\/\/gazetaregionalna.com\/wp-content\/uploads\/2023\/07\/Jura_ROK_9-300x183.jpg 300w, https:\/\/gazetaregionalna.com\/wp-content\/uploads\/2023\/07\/Jura_ROK_9-768x467.jpg 768w, https:\/\/gazetaregionalna.com\/wp-content\/uploads\/2023\/07\/Jura_ROK_9-1536x935.jpg 1536w, https:\/\/gazetaregionalna.com\/wp-content\/uploads\/2023\/07\/Jura_ROK_9-696x423.jpg 696w, https:\/\/gazetaregionalna.com\/wp-content\/uploads\/2023\/07\/Jura_ROK_9-1068x650.jpg 1068w, https:\/\/gazetaregionalna.com\/wp-content\/uploads\/2023\/07\/Jura_ROK_9-1920x1168.jpg 1920w, https:\/\/gazetaregionalna.com\/wp-content\/uploads\/2023\/07\/Jura_ROK_9-690x420.jpg 690w, https:\/\/gazetaregionalna.com\/wp-content\/uploads\/2023\/07\/Jura_ROK_9-scaled.jpg 1600w\" data-sizes=\"(max-width: 1024px) 100vw, 1024px\" src=\"data:image\/svg+xml;base64,PHN2ZyB3aWR0aD0iMSIgaGVpZ2h0PSIxIiB4bWxucz0iaHR0cDovL3d3dy53My5vcmcvMjAwMC9zdmciPjwvc3ZnPg==\" style=\"--smush-placeholder-width: 1024px; --smush-placeholder-aspect-ratio: 1024\/623;\" \/><\/a><\/figure><\/li><li class=\"blocks-gallery-item\"><figure><a href=\"https:\/\/gazetaregionalna.com\/wp-content\/uploads\/2023\/07\/Jura_ROK_8-scaled.jpg\"><img decoding=\"async\" width=\"1024\" height=\"605\" data-src=\"https:\/\/gazetaregionalna.com\/wp-content\/uploads\/2023\/07\/Jura_ROK_8-1024x605.jpg\" alt=\"\" data-id=\"108940\" data-full-url=\"https:\/\/gazetaregionalna.com\/wp-content\/uploads\/2023\/07\/Jura_ROK_8-scaled.jpg\" data-link=\"https:\/\/gazetaregionalna.com\/?attachment_id=108940\" class=\"wp-image-108940 lazyload\" data-srcset=\"https:\/\/gazetaregionalna.com\/wp-content\/uploads\/2023\/07\/Jura_ROK_8-1024x605.jpg 1024w, https:\/\/gazetaregionalna.com\/wp-content\/uploads\/2023\/07\/Jura_ROK_8-300x177.jpg 300w, https:\/\/gazetaregionalna.com\/wp-content\/uploads\/2023\/07\/Jura_ROK_8-768x453.jpg 768w, https:\/\/gazetaregionalna.com\/wp-content\/uploads\/2023\/07\/Jura_ROK_8-1536x907.jpg 1536w, https:\/\/gazetaregionalna.com\/wp-content\/uploads\/2023\/07\/Jura_ROK_8-696x411.jpg 696w, https:\/\/gazetaregionalna.com\/wp-content\/uploads\/2023\/07\/Jura_ROK_8-1068x630.jpg 1068w, https:\/\/gazetaregionalna.com\/wp-content\/uploads\/2023\/07\/Jura_ROK_8-1920x1133.jpg 1920w, https:\/\/gazetaregionalna.com\/wp-content\/uploads\/2023\/07\/Jura_ROK_8-711x420.jpg 711w, https:\/\/gazetaregionalna.com\/wp-content\/uploads\/2023\/07\/Jura_ROK_8-scaled.jpg 1600w\" data-sizes=\"(max-width: 1024px) 100vw, 1024px\" src=\"data:image\/svg+xml;base64,PHN2ZyB3aWR0aD0iMSIgaGVpZ2h0PSIxIiB4bWxucz0iaHR0cDovL3d3dy53My5vcmcvMjAwMC9zdmciPjwvc3ZnPg==\" style=\"--smush-placeholder-width: 1024px; --smush-placeholder-aspect-ratio: 1024\/605;\" \/><\/a><\/figure><\/li><li class=\"blocks-gallery-item\"><figure><a href=\"https:\/\/gazetaregionalna.com\/wp-content\/uploads\/2023\/07\/Jura_ROK_7-scaled.jpg\"><img decoding=\"async\" width=\"1024\" height=\"552\" data-src=\"https:\/\/gazetaregionalna.com\/wp-content\/uploads\/2023\/07\/Jura_ROK_7-1024x552.jpg\" alt=\"\" data-id=\"108939\" data-full-url=\"https:\/\/gazetaregionalna.com\/wp-content\/uploads\/2023\/07\/Jura_ROK_7-scaled.jpg\" data-link=\"https:\/\/gazetaregionalna.com\/?attachment_id=108939\" class=\"wp-image-108939 lazyload\" data-srcset=\"https:\/\/gazetaregionalna.com\/wp-content\/uploads\/2023\/07\/Jura_ROK_7-1024x552.jpg 1024w, https:\/\/gazetaregionalna.com\/wp-content\/uploads\/2023\/07\/Jura_ROK_7-300x162.jpg 300w, https:\/\/gazetaregionalna.com\/wp-content\/uploads\/2023\/07\/Jura_ROK_7-768x414.jpg 768w, https:\/\/gazetaregionalna.com\/wp-content\/uploads\/2023\/07\/Jura_ROK_7-1536x827.jpg 1536w, https:\/\/gazetaregionalna.com\/wp-content\/uploads\/2023\/07\/Jura_ROK_7-696x375.jpg 696w, https:\/\/gazetaregionalna.com\/wp-content\/uploads\/2023\/07\/Jura_ROK_7-1068x575.jpg 1068w, https:\/\/gazetaregionalna.com\/wp-content\/uploads\/2023\/07\/Jura_ROK_7-1920x1034.jpg 1920w, https:\/\/gazetaregionalna.com\/wp-content\/uploads\/2023\/07\/Jura_ROK_7-780x420.jpg 780w, https:\/\/gazetaregionalna.com\/wp-content\/uploads\/2023\/07\/Jura_ROK_7-scaled.jpg 1600w\" data-sizes=\"(max-width: 1024px) 100vw, 1024px\" src=\"data:image\/svg+xml;base64,PHN2ZyB3aWR0aD0iMSIgaGVpZ2h0PSIxIiB4bWxucz0iaHR0cDovL3d3dy53My5vcmcvMjAwMC9zdmciPjwvc3ZnPg==\" style=\"--smush-placeholder-width: 1024px; --smush-placeholder-aspect-ratio: 1024\/552;\" \/><\/a><\/figure><\/li><li class=\"blocks-gallery-item\"><figure><a href=\"https:\/\/gazetaregionalna.com\/wp-content\/uploads\/2023\/07\/Jura_ROK_6-scaled.jpg\"><img decoding=\"async\" width=\"1024\" height=\"643\" data-src=\"https:\/\/gazetaregionalna.com\/wp-content\/uploads\/2023\/07\/Jura_ROK_6-1024x643.jpg\" alt=\"\" data-id=\"108938\" data-full-url=\"https:\/\/gazetaregionalna.com\/wp-content\/uploads\/2023\/07\/Jura_ROK_6-scaled.jpg\" data-link=\"https:\/\/gazetaregionalna.com\/?attachment_id=108938\" class=\"wp-image-108938 lazyload\" data-srcset=\"https:\/\/gazetaregionalna.com\/wp-content\/uploads\/2023\/07\/Jura_ROK_6-1024x643.jpg 1024w, https:\/\/gazetaregionalna.com\/wp-content\/uploads\/2023\/07\/Jura_ROK_6-300x188.jpg 300w, https:\/\/gazetaregionalna.com\/wp-content\/uploads\/2023\/07\/Jura_ROK_6-768x482.jpg 768w, https:\/\/gazetaregionalna.com\/wp-content\/uploads\/2023\/07\/Jura_ROK_6-1536x965.jpg 1536w, https:\/\/gazetaregionalna.com\/wp-content\/uploads\/2023\/07\/Jura_ROK_6-696x437.jpg 696w, https:\/\/gazetaregionalna.com\/wp-content\/uploads\/2023\/07\/Jura_ROK_6-1068x671.jpg 1068w, https:\/\/gazetaregionalna.com\/wp-content\/uploads\/2023\/07\/Jura_ROK_6-1920x1206.jpg 1920w, https:\/\/gazetaregionalna.com\/wp-content\/uploads\/2023\/07\/Jura_ROK_6-669x420.jpg 669w, https:\/\/gazetaregionalna.com\/wp-content\/uploads\/2023\/07\/Jura_ROK_6-scaled.jpg 1600w\" data-sizes=\"(max-width: 1024px) 100vw, 1024px\" src=\"data:image\/svg+xml;base64,PHN2ZyB3aWR0aD0iMSIgaGVpZ2h0PSIxIiB4bWxucz0iaHR0cDovL3d3dy53My5vcmcvMjAwMC9zdmciPjwvc3ZnPg==\" style=\"--smush-placeholder-width: 1024px; --smush-placeholder-aspect-ratio: 1024\/643;\" \/><\/a><\/figure><\/li><li class=\"blocks-gallery-item\"><figure><a href=\"https:\/\/gazetaregionalna.com\/wp-content\/uploads\/2023\/07\/Jura_ROK_5-scaled.jpg\"><img decoding=\"async\" width=\"1024\" height=\"525\" data-src=\"https:\/\/gazetaregionalna.com\/wp-content\/uploads\/2023\/07\/Jura_ROK_5-1024x525.jpg\" alt=\"\" data-id=\"108937\" data-full-url=\"https:\/\/gazetaregionalna.com\/wp-content\/uploads\/2023\/07\/Jura_ROK_5-scaled.jpg\" data-link=\"https:\/\/gazetaregionalna.com\/?attachment_id=108937\" class=\"wp-image-108937 lazyload\" data-srcset=\"https:\/\/gazetaregionalna.com\/wp-content\/uploads\/2023\/07\/Jura_ROK_5-1024x525.jpg 1024w, https:\/\/gazetaregionalna.com\/wp-content\/uploads\/2023\/07\/Jura_ROK_5-300x154.jpg 300w, https:\/\/gazetaregionalna.com\/wp-content\/uploads\/2023\/07\/Jura_ROK_5-768x393.jpg 768w, https:\/\/gazetaregionalna.com\/wp-content\/uploads\/2023\/07\/Jura_ROK_5-1536x787.jpg 1536w, https:\/\/gazetaregionalna.com\/wp-content\/uploads\/2023\/07\/Jura_ROK_5-696x356.jpg 696w, https:\/\/gazetaregionalna.com\/wp-content\/uploads\/2023\/07\/Jura_ROK_5-1068x547.jpg 1068w, https:\/\/gazetaregionalna.com\/wp-content\/uploads\/2023\/07\/Jura_ROK_5-1920x983.jpg 1920w, https:\/\/gazetaregionalna.com\/wp-content\/uploads\/2023\/07\/Jura_ROK_5-820x420.jpg 820w, https:\/\/gazetaregionalna.com\/wp-content\/uploads\/2023\/07\/Jura_ROK_5-scaled.jpg 1600w\" data-sizes=\"(max-width: 1024px) 100vw, 1024px\" src=\"data:image\/svg+xml;base64,PHN2ZyB3aWR0aD0iMSIgaGVpZ2h0PSIxIiB4bWxucz0iaHR0cDovL3d3dy53My5vcmcvMjAwMC9zdmciPjwvc3ZnPg==\" style=\"--smush-placeholder-width: 1024px; --smush-placeholder-aspect-ratio: 1024\/525;\" \/><\/a><\/figure><\/li><li class=\"blocks-gallery-item\"><figure><a href=\"https:\/\/gazetaregionalna.com\/wp-content\/uploads\/2023\/07\/Jura_ROK_4-scaled.jpg\"><img decoding=\"async\" width=\"1024\" height=\"665\" data-src=\"https:\/\/gazetaregionalna.com\/wp-content\/uploads\/2023\/07\/Jura_ROK_4-1024x665.jpg\" alt=\"\" data-id=\"108936\" data-full-url=\"https:\/\/gazetaregionalna.com\/wp-content\/uploads\/2023\/07\/Jura_ROK_4-scaled.jpg\" data-link=\"https:\/\/gazetaregionalna.com\/?attachment_id=108936\" class=\"wp-image-108936 lazyload\" data-srcset=\"https:\/\/gazetaregionalna.com\/wp-content\/uploads\/2023\/07\/Jura_ROK_4-1024x665.jpg 1024w, https:\/\/gazetaregionalna.com\/wp-content\/uploads\/2023\/07\/Jura_ROK_4-300x195.jpg 300w, https:\/\/gazetaregionalna.com\/wp-content\/uploads\/2023\/07\/Jura_ROK_4-768x498.jpg 768w, https:\/\/gazetaregionalna.com\/wp-content\/uploads\/2023\/07\/Jura_ROK_4-1536x997.jpg 1536w, https:\/\/gazetaregionalna.com\/wp-content\/uploads\/2023\/07\/Jura_ROK_4-696x452.jpg 696w, https:\/\/gazetaregionalna.com\/wp-content\/uploads\/2023\/07\/Jura_ROK_4-1068x693.jpg 1068w, https:\/\/gazetaregionalna.com\/wp-content\/uploads\/2023\/07\/Jura_ROK_4-1920x1246.jpg 1920w, https:\/\/gazetaregionalna.com\/wp-content\/uploads\/2023\/07\/Jura_ROK_4-647x420.jpg 647w, https:\/\/gazetaregionalna.com\/wp-content\/uploads\/2023\/07\/Jura_ROK_4-scaled.jpg 1600w\" data-sizes=\"(max-width: 1024px) 100vw, 1024px\" src=\"data:image\/svg+xml;base64,PHN2ZyB3aWR0aD0iMSIgaGVpZ2h0PSIxIiB4bWxucz0iaHR0cDovL3d3dy53My5vcmcvMjAwMC9zdmciPjwvc3ZnPg==\" style=\"--smush-placeholder-width: 1024px; --smush-placeholder-aspect-ratio: 1024\/665;\" \/><\/a><\/figure><\/li><\/ul><figcaption class=\"blocks-gallery-caption\">Jura ROK Festiwal 2023 (mat. ROK)<\/figcaption><\/figure>\n","protected":false},"excerpt":{"rendered":"<p>Gmina Konopiska by\u0142a Gospodarzem 7. edycji Jura ROK Festiwalu. Za organizacj\u0119 wydarzenia odpowiada\u0142 Regionalny O\u015brodek Kultury w Cz\u0119stochowie. Festiwal odby\u0142 si\u0119 24 czerwca na<\/p>\n","protected":false},"author":11,"featured_media":108933,"comment_status":"closed","ping_status":"open","sticky":false,"template":"","format":"standard","meta":{"_monsterinsights_skip_tracking":false,"_monsterinsights_sitenote_active":false,"_monsterinsights_sitenote_note":"","_monsterinsights_sitenote_category":0,"_uf_show_specific_survey":0,"_uf_disable_surveys":false,"footnotes":""},"categories":[12,4,2],"tags":[],"class_list":["post-108930","post","type-post","status-publish","format-standard","has-post-thumbnail","hentry","category-kultura-i-rozrywka","category-region","category-wiadomosci"],"_links":{"self":[{"href":"https:\/\/gazetaregionalna.com\/index.php?rest_route=\/wp\/v2\/posts\/108930","targetHints":{"allow":["GET"]}}],"collection":[{"href":"https:\/\/gazetaregionalna.com\/index.php?rest_route=\/wp\/v2\/posts"}],"about":[{"href":"https:\/\/gazetaregionalna.com\/index.php?rest_route=\/wp\/v2\/types\/post"}],"author":[{"embeddable":true,"href":"https:\/\/gazetaregionalna.com\/index.php?rest_route=\/wp\/v2\/users\/11"}],"replies":[{"embeddable":true,"href":"https:\/\/gazetaregionalna.com\/index.php?rest_route=%2Fwp%2Fv2%2Fcomments&post=108930"}],"version-history":[{"count":2,"href":"https:\/\/gazetaregionalna.com\/index.php?rest_route=\/wp\/v2\/posts\/108930\/revisions"}],"predecessor-version":[{"id":108946,"href":"https:\/\/gazetaregionalna.com\/index.php?rest_route=\/wp\/v2\/posts\/108930\/revisions\/108946"}],"wp:featuredmedia":[{"embeddable":true,"href":"https:\/\/gazetaregionalna.com\/index.php?rest_route=\/wp\/v2\/media\/108933"}],"wp:attachment":[{"href":"https:\/\/gazetaregionalna.com\/index.php?rest_route=%2Fwp%2Fv2%2Fmedia&parent=108930"}],"wp:term":[{"taxonomy":"category","embeddable":true,"href":"https:\/\/gazetaregionalna.com\/index.php?rest_route=%2Fwp%2Fv2%2Fcategories&post=108930"},{"taxonomy":"post_tag","embeddable":true,"href":"https:\/\/gazetaregionalna.com\/index.php?rest_route=%2Fwp%2Fv2%2Ftags&post=108930"}],"curies":[{"name":"wp","href":"https:\/\/api.w.org\/{rel}","templated":true}]}}