{"id":108395,"date":"2023-06-18T12:41:35","date_gmt":"2023-06-18T12:41:35","guid":{"rendered":"https:\/\/gazetaregionalna.com\/?p=108395"},"modified":"2023-06-19T20:08:19","modified_gmt":"2023-06-19T20:08:19","slug":"prawda-konkurs","status":"publish","type":"post","link":"https:\/\/gazetaregionalna.com\/?p=108395","title":{"rendered":"&#8222;Prawda&#8221; w re\u017cyserii Wojciecha Malajkata debiutuje w Cz\u0119stochowie. Mamy podw\u00f3jne zaproszenie [KONKURS]"},"content":{"rendered":"\n<h2 class=\"wp-block-heading\">W sobot\u0119, 24 czerwca na scenie Filharmonii Cz\u0119stochowskiej rozegra si\u0119 &#8222;Prawda&#8221;. Ten tytu\u0142 zago\u015bci w naszym mie\u015bcie po raz pierwszy. Sprowadzi go Impresariat Adria Art, kt\u00f3ry ufundowa\u0142 dla Czytelnik\u00f3w jedno podw\u00f3jne zaproszenie. Mo\u017cna je wygra\u0107 w konkursie.<\/h2>\n\n\n\n<p>&#8222;Prawda&#8221; to najnowszy spektakl w re\u017cyserii Wojciecha Malajkata. Ten ceniony tw\u00f3rca ma na swoim koncie takie realizacje jak &#8222;K\u0142amstwo&#8221;, &#8222;Wstyd&#8221; czy &#8222;Inteligenci&#8221; &#8211; ostatni tytu\u0142 Impresariat <a href=\"https:\/\/gazetaregionalna.com\/trzy-teatralne-przeboje-adria-art\/\">Adria Art<\/a> prezentowa\u0142 ju\u017c w Cz\u0119stochowie. Teraz ponownie si\u0119gn\u0105\u0142 po tekst Floriana Zellera, a premiera &#8222;Prawdy&#8221; odby\u0142a si\u0119 w Warszawie w drugiej po\u0142owie maja. <\/p>\n\n\n\n<p>Teatraln\u0105 nowo\u015b\u0107 zobaczymy w Cz\u0119stochowie w sobot\u0119, 24 czerwca o godz. 19. G\u0142\u00f3wnym bohaterem komedii granej na scenie filharmonii jest Michel &#8211; mistrz manipulacji. Swoje wszystkie s\u0142abo\u015bci i b\u0142\u0119dy potrafi ukry\u0107 pomi\u0119dzy k\u0142amstwami a niedopowiedzeniami, kt\u00f3re bawi\u0105 do \u0142ez. Ale czy tak mo\u017cna \u017cy\u0107 bez ko\u0144ca?<\/p>\n\n\n\n<figure class=\"wp-block-image size-large\"><img decoding=\"async\" width=\"597\" height=\"842\" data-src=\"https:\/\/gazetaregionalna.com\/wp-content\/uploads\/2023\/06\/middle-prawda.jpg\" alt=\"\" class=\"wp-image-108407 lazyload\" data-srcset=\"https:\/\/gazetaregionalna.com\/wp-content\/uploads\/2023\/06\/middle-prawda.jpg 597w, https:\/\/gazetaregionalna.com\/wp-content\/uploads\/2023\/06\/middle-prawda-213x300.jpg 213w, https:\/\/gazetaregionalna.com\/wp-content\/uploads\/2023\/06\/middle-prawda-298x420.jpg 298w\" data-sizes=\"(max-width: 597px) 100vw, 597px\" src=\"data:image\/svg+xml;base64,PHN2ZyB3aWR0aD0iMSIgaGVpZ2h0PSIxIiB4bWxucz0iaHR0cDovL3d3dy53My5vcmcvMjAwMC9zdmciPjwvc3ZnPg==\" style=\"--smush-placeholder-width: 597px; --smush-placeholder-aspect-ratio: 597\/842;\" \/><figcaption>&#8222;Prawda&#8221; (Impresariat Adria Art)<\/figcaption><\/figure>\n\n\n\n<p>&#8211; Podczas siedmiu wyj\u0105tkowych scen czw\u00f3rka przyjaci\u00f3\u0142 zmierzy si\u0119 z abstrakcyjn\u0105 i niewiarygodn\u0105 histori\u0105, kt\u00f3ra zmieni ich wszystkich &#8211; zapowiada organizator.<\/p>\n\n\n\n<p>\u201ePrawda\u201d to brawurowa komedia o historii pewnego k\u0142amstwa. Cho\u0107 w spektaklu nie pada cho\u0107 jedno szczere s\u0142owo, to bohaterowie naucz\u0105 si\u0119 o prawdzie naprawd\u0119 wiele!<\/p>\n\n\n\n<p>W roli g\u0142\u00f3wnej zobaczymy Andrzeja Zieli\u0144skiego, a obsad\u0119 wsp\u00f3\u0142tworz\u0105: Beata \u015acibak\u00f3wna, Marta \u017bmuda-Trzebiatowska i Tomasz Sapryk.<\/p>\n\n\n\n<figure class=\"wp-block-embed is-type-video is-provider-youtube wp-block-embed-youtube wp-embed-aspect-16-9 wp-has-aspect-ratio\"><div class=\"wp-block-embed__wrapper\">\n<div class=\"fitvids-video\"><iframe title=\"Garnizon Sztuki. Prawda - Pr\u00f3ba. Marta \u017bmuda Trzebiatowska, Andrzej Zieli\u0144ski.\" width=\"715\" height=\"402\" data-src=\"https:\/\/www.youtube.com\/embed\/Vq9k6AokyZk?feature=oembed\" frameborder=\"0\" allow=\"accelerometer; autoplay; clipboard-write; encrypted-media; gyroscope; picture-in-picture; web-share\" allowfullscreen src=\"data:image\/svg+xml;base64,PHN2ZyB3aWR0aD0iMSIgaGVpZ2h0PSIxIiB4bWxucz0iaHR0cDovL3d3dy53My5vcmcvMjAwMC9zdmciPjwvc3ZnPg==\" class=\"lazyload\" data-load-mode=\"1\"><\/iframe><\/div>\n<\/div><\/figure>\n\n\n\n<p>Bilety kosztuj\u0105: 70, 90, 120 i 150 z\u0142. Mo\u017cna je kupi\u0107 na stronie <a href=\"https:\/\/bilety.adria-art.pl\/event\/view\/id\/316647\/teatr-prawda-komedia-w-rezyserii-wojciecha-malajkata\" target=\"_blank\" rel=\"noopener\">bilety.adria-art.pl<\/a>.<\/p>\n\n\n\n<p>Tytu\u0142 ten w czerwcu mogli obejrze\u0107 m.in. widzowie pozna\u0144skiej Auli Artis. Oto jedna z recenzji: <\/p>\n\n\n\n<blockquote class=\"wp-block-quote is-layout-flow wp-block-quote-is-layout-flow\"><p>Bardzo dobra gra aktor\u00f3w. Ciekawy temat &#8211; pokazany w zabawny spos\u00f3b. Bawili\u015bmy si\u0119 wy\u015bmienicie! Nie mo\u017cna by\u0142o powstrzyma\u0107 si\u0119 od \u015bmiechu. Polecamy!<\/p><\/blockquote>\n\n\n\n<h4 class=\"wp-block-heading\">Wygraj zaproszenie na ten spektakl!<\/h4>\n\n\n\n<p>Mamy dla czytelnik\u00f3w jedno podw\u00f3jne zaproszenia na ten spektakl. Nagrod\u0119 ufundowa\u0142 Impresariat Adria Art. By o ni\u0105 zagra\u0107 nale\u017cy wykona\u0107 nast\u0119puj\u0105ce zadanie:<\/p>\n\n\n\n<p><strong>Kt\u00f3r\u0105 rol\u0119 z dorobku Andrzeja Zieli\u0144skiego cenisz najbardziej i dlaczego?<\/strong><\/p>\n\n\n\n<p>Odpowied\u017a nale\u017cy wys\u0142a\u0107 mailowo na adres <strong>konkursy@gazetaregionalna.com<\/strong>, w tytule podaj\u0105c \u201ePrawda\u201d,a w tre\u015bci tak\u017ce swoje imi\u0119 i nazwisko. <strong>Zadanie nale\u017cy wykona\u0107 w terminie od 18 czerwca od godz. 18 do 19 czerwca do godz. 18.<\/strong><\/p>\n\n\n\n<p>Zwyci\u0119zcy Konkursu zostan\u0105 powiadomieni o wygranej i o formie jej odbioru w wiadomo\u015bci mailowej wys\u0142anej najp\u00f3\u017aniej do 20 czerwca do godz. 22.<\/p>\n\n\n\n<figure class=\"wp-block-image size-large\"><img decoding=\"async\" width=\"604\" height=\"464\" data-src=\"https:\/\/gazetaregionalna.com\/wp-content\/uploads\/2023\/06\/Prawda2.jpg\" alt=\"\" class=\"wp-image-108409 lazyload\" data-srcset=\"https:\/\/gazetaregionalna.com\/wp-content\/uploads\/2023\/06\/Prawda2.jpg 604w, https:\/\/gazetaregionalna.com\/wp-content\/uploads\/2023\/06\/Prawda2-300x230.jpg 300w, https:\/\/gazetaregionalna.com\/wp-content\/uploads\/2023\/06\/Prawda2-547x420.jpg 547w, https:\/\/gazetaregionalna.com\/wp-content\/uploads\/2023\/06\/Prawda2-80x60.jpg 80w\" data-sizes=\"(max-width: 604px) 100vw, 604px\" src=\"data:image\/svg+xml;base64,PHN2ZyB3aWR0aD0iMSIgaGVpZ2h0PSIxIiB4bWxucz0iaHR0cDovL3d3dy53My5vcmcvMjAwMC9zdmciPjwvc3ZnPg==\" style=\"--smush-placeholder-width: 604px; --smush-placeholder-aspect-ratio: 604\/464;\" \/><figcaption>Pr\u00f3ba spektaklu &#8222;Prawda&#8221; (Impresariat Adria Art)<\/figcaption><\/figure>\n\n\n\n<h4 class=\"wp-block-heading\">Regulamin konkursu \u201cPrawda\u201d<\/h4>\n\n\n\n<p><strong>\u00a7 1. POSTANOWIENIA OG\u00d3LNE<\/strong><\/p>\n\n\n\n<p>1. Organizatorem konkurs\u00f3w jest GazetaRegionalna.com, al. Ko\u015bciuszki 13, lok. 6, 42-202 Cz\u0119stochowa, (zwana dalej \u201eOrganizatorem\u201d).<br>2. Fundatorem nagrody jest Impresariat Adria Art.<br>3. Niniejszy regulamin (dalej \u201eRegulamin\u201d) stanowi podstaw\u0119 organizacji oraz okre\u015bla warunki Konkursu.<br>4. Konkurs nie jest stworzony, administrowany, wspierany ani sponsorowany przez Facebook.<br>5. Konkurs jest prowadzony na stronie <a href=\"https:\/\/www.gazetaregionalna.com\">www.gazetaregionalna.com<\/a>.<\/p>\n\n\n\n<p>6. Administratorem danych osobowych udost\u0119pnianych przez Uczestnik\u00f3w Konkursu jest Organizator. Podanie danych osobowych ma charakter dowolny, lecz niezb\u0119dny do przyst\u0105pienia przez Uczestnika do Konkursu. Osobom udost\u0119pniaj\u0105cym dane przys\u0142uguje prawo dost\u0119pu do tych danych, ich zmian b\u0105d\u017a usuni\u0119cia.<\/p>\n\n\n\n<p><strong>\u00a7 2. MIEJSCE, CZAS I ZASADY KONKURSU<\/strong><\/p>\n\n\n\n<p>1. Konkurs jest dost\u0119pny w formie tekstu konkursowego na portalu organizatora gazetaregionalna.com<br><strong>2. Konkurs trwa od dnia 18 czerwca od godz. 18 do 19 czerwca do godz. 18.<\/strong><\/p>\n\n\n\n<p>W wyj\u0105tkowych sytuacjach Organizator konkursu mo\u017ce przed\u0142u\u017cy\u0107 lub przerwa\u0107 trwanie konkursu, w&nbsp;okre\u015blonym przez siebie zakresie, o czym poinformuje uczestnik\u00f3w konkursu na profilu wskazanym w \u00a71 pkt.6 Regulaminu.<\/p>\n\n\n\n<p><strong>\u00a7 3. UCZESTNICY KONKURSU<\/strong><\/p>\n\n\n\n<p>1. Uczestnikami Konkursu mog\u0105 by\u0107 wy\u0142\u0105cznie osoby fizyczne, konsumenci w rozumieniu art. 221 kodeksu cywilnego, posiadaj\u0105ce pe\u0142n\u0105 zdolno\u015bci do czynno\u015bci prawnych, kt\u00f3re zaakceptowa\u0142y niniejszy Regulamin (dalej: \u201eUczestnik\u201d).<br>2. Uczestnik o\u015bwiadcza, \u017ce:<br>a. jest osob\u0105 fizyczn\u0105, posiadaj\u0105c\u0105 pe\u0142n\u0105 zdolno\u015b\u0107 do czynno\u015bci prawnych;<\/p>\n\n\n\n<p>b. jest osob\u0105 pe\u0142noletni\u0105;<br>c. zapozna\u0142 si\u0119 z tre\u015bci\u0105 niniejszego Regulaminu i w spos\u00f3b dobrowolny przyst\u0119puje do Konkursu;<br>d. wyra\u017ca zgod\u0119 i akceptuje warunki Regulaminu, w tym zapozna\u0142 si\u0119 z tre\u015bci\u0105 dotycz\u0105c\u0105 procedury odbioru nagrody i j\u0105 w pe\u0142ni akceptuje;<br>e. zobowi\u0105zuje si\u0119 do przestrzegania postanowie\u0144 Regulaminu;<br>f. wyrazi\u0142 zgod\u0119 na przetwarzanie danych osobowych dla cel\u00f3w zwi\u0105zanych z uczestnictwem w Konkursie;<br>3. Uczestnik zobowi\u0105zuje si\u0119 do przestrzegania okre\u015blonych w Regulaminie zasad, jak r\u00f3wnie\u017c potwierdza, i\u017c spe\u0142nia wszystkie warunki, kt\u00f3re uprawniaj\u0105 go do udzia\u0142u w Konkursie.<\/p>\n\n\n\n<p>4. W Konkursie nie mog\u0105 uczestniczy\u0107 pracownicy i wsp\u00f3\u0142pracownicy Organizatora.<\/p>\n\n\n\n<p><strong>\u00a7 4. NAGRODA<\/strong><\/p>\n\n\n\n<p><strong>1. Nagrod\u0105 w Konkursie jest jedno podw\u00f3jne zaproszenie na spektakl &#8222;Prawda&#8221;, kt\u00f3ry odb\u0119dzie si\u0119 24 czerwca o godz. 19 w Filharmonii Cz\u0119stochowskiej, dla jednej osoby wy\u0142onionej w&nbsp;spos\u00f3b wskazany w \u00a76.<br><\/strong>2. Informacja o Nagrodzie b\u0119dzie zawarta w tre\u015bci og\u0142oszenia o Konkursie opublikowanego na stronie gazeta regionalna.com.&nbsp;&nbsp;&nbsp;&nbsp;<br>3. Laureatowi nie przys\u0142uguje prawo wymiany Nagrody na got\u00f3wk\u0119 ani nagrod\u0119 innego rodzaju.<br>4. Zwyci\u0119zca mo\u017ce zrzec si\u0119 Nagrody, ale w zamian nie przys\u0142uguje mu ekwiwalent pieni\u0119\u017cny ani jakakolwiek inna nagroda.<\/p>\n\n\n\n<p><strong>\u00a7 5. ZASADY UCZESTNICTWA W KONKURSIE<\/strong><\/p>\n\n\n\n<p><strong>1. Zadaniem Uczestnika Konkursu jest:<\/strong><br>odpowied\u017a na zadanie\/pytanie konkursowe przedstawione na stronie gazetaregionalna.com. Jest ono nast\u0119puj\u0105ce:<strong>Kt\u00f3r\u0105 rol\u0119 z dorobku Andrzeja Zieli\u0144skiego cenisz najbardziej i dlaczego?<\/strong><\/p>\n\n\n\n<p>Odpowied\u017a nale\u017cy wys\u0142a\u0107 mailowo na adres <a href=\"mailto:konkursy@gazetaregionalna.com\">konkursy@gazetaregionalna.com<\/a>, w tytule podaj\u0105c \u201ePrawda\u201d, a w tre\u015bci swoje imi\u0119 i nazwisko. Zadanie nale\u017cy wykona\u0107 w terminie od 18 czerwca od godz. 18 do 19 czerwca do godz. 18.<\/p>\n\n\n\n<p>1. Warunkiem uczestnictwa w Konkursie jest poprawne wykonanie wszystkich zada\u0144 opisanych w \u00a7 5. ust. 1 Regulaminu.<br>2. O przyznaniu nagrody decyduje Organizator w drodze analizy poprawno\u015bci wykonania zada\u0144 opisanych w \u00a7 5. ust. 1 Regulaminu przez Uczestnik\u00f3w Konkursu<br><strong>3. Spo\u015br\u00f3d nades\u0142anych odpowiedzi Organizator wy\u0142oni jednego zwyci\u0119zc\u0119.<br>4. Zwyci\u0119zca Konkursu zostanie powiadomiony o wygranej i o formie jej odbioru w wiadomo\u015bci mailowej wys\u0142anej z adresu <a href=\"mailto:konkursy@gazetaregionalna.com\">konkursy@gazetaregionalna.com<\/a> najp\u00f3\u017aniej do 20 czerwca do godz. 22.<\/strong><\/p>\n\n\n\n<p><strong>\u00a7 7. ZAKRES ODPOWIEDZIALNO\u015aCI ORGANIZATORA<\/strong><\/p>\n\n\n\n<p>1. Organizator nie ponosi odpowiedzialno\u015bci za rzetelno\u015b\u0107 i prawdziwo\u015b\u0107 danych Uczestnik\u00f3w Konkursu, w tym za brak mo\u017cliwo\u015bci przekazania nagr\u00f3d, z przyczyny le\u017c\u0105cych po stronie Uczestnika, w szczeg\u00f3lno\u015bci, je\u015bli ten nie poda\u0142 prawdziwego adresu do korespondencji lub podane dane s\u0105 niepe\u0142ne lub nieaktualne.<br>2. Organizator o\u015bwiadcza, \u017ce nie prowadzi kontroli, ani monitoringu tre\u015bci umieszczanych przez Uczestnik\u00f3w w&nbsp;zakresie rzetelno\u015bci i prawdziwo\u015bci, z zastrze\u017ceniem dzia\u0142a\u0144 zwi\u0105zanych z usuni\u0119ciem narusze\u0144 Regulaminu lub przepis\u00f3w powszechnie obowi\u0105zuj\u0105cych.<br>3. Organizator zastrzega sobie prawo do wykluczenia z udzia\u0142u w Konkursie Uczestnik\u00f3w, kt\u00f3rych dzia\u0142ania s\u0105 sprzeczne z prawem lub Regulaminem.<br>4. Organizator nie ponosi odpowiedzialno\u015bci za jakiekolwiek zak\u0142\u00f3cenia w dzia\u0142aniu \u0142\u0105cz teleinformatycznych, serwer\u00f3w, interfejs\u00f3w oraz przegl\u0105darek.<br><br><strong>\u00a7 8. PRZETWARZANIE DANYCH OSOBOWYCH<\/strong><\/p>\n\n\n\n<p>1. Dane osobowe Uczestnik\u00f3w Konkursu b\u0119d\u0105 przetwarzane przez Organizatora wy\u0142\u0105cznie w celu dokonania czynno\u015bci niezb\u0119dnych do prawid\u0142owego przeprowadzenia Konkursu.<br>2. Dane osobowe Uczestnik\u00f3w Konkursu b\u0119d\u0105 przechowywane przez Organizatora tylko przez okres niezb\u0119dny do przeprowadzenia Konkursu i wydania nagr\u00f3d wyr\u00f3\u017cnionym Uczestnikom.<br>3. Uczestnicy maj\u0105 prawo wgl\u0105du do przetwarzanych danych i ich poprawiania oraz usuwania. Dane s\u0105 podawane na zasadach dobrowolno\u015bci.<\/p>\n\n\n\n<p>4. W momencie usuni\u0119cia danych U\u017cytkownik traci mo\u017cliwo\u015b\u0107 Uczestnictwa w Konkursie.<\/p>\n\n\n\n<p><strong>\u00a7 9. PRAWA AUTORSKIE<\/strong><\/p>\n\n\n\n<p>1. Wszelkie prawa w\u0142asno\u015bci intelektualnej do Konkursu przys\u0142uguj\u0105 Organizatorowi. Uczestnictwo w&nbsp;Konkursie nie skutkuje w \u017cadnym zakresie nabyciem przez Uczestnik\u00f3w jakichkolwiek praw w\u0142asno\u015bci intelektualnej. Zabronione jest naruszanie w jakikolwiek spos\u00f3b praw w\u0142asno\u015bci intelektualnej w Konkursie, w&nbsp;szczeg\u00f3lno\u015bci:<br>a) kopiowanie, modyfikowanie oraz transmitowanie elektronicznie lub rozpowszechnianie w inny spos\u00f3b mechanizmu Konkursu lub jego cz\u0119\u015bci, a tak\u017ce poszczeg\u00f3lnych utwor\u00f3w<br>i baz danych, bez wyra\u017anej pisemnej zgody Administratora;<br>b) korzystanie z Konkursu w spos\u00f3b niezgodny z Regulaminem lub powszechnie obowi\u0105zuj\u0105cymi przepisami.<\/p>\n\n\n\n<p><strong>\u00a7 10. REKLAMACJE I ZG\u0141OSZENIA NARUSZE\u0143<\/strong><\/p>\n\n\n\n<p>1. Wszelkie reklamacje dotycz\u0105ce sposobu przeprowadzania Konkursu, Uczestnicy winni zg\u0142asza\u0107 na pi\u015bmie w&nbsp;czasie trwania Konkursu, jednak nie p\u00f3\u017aniej ni\u017c w terminie 7 (siedmiu) dni od dnia wydania Nagr\u00f3d.<br>2. Reklamacja zg\u0142oszona po wyznaczonym terminie nie wywo\u0142uje skutk\u00f3w prawnych.<br>3. Pisemna reklamacja powinna zawiera\u0107 imi\u0119, nazwisko, dok\u0142adny adres Uczestnika oraz dok\u0142adny opis i&nbsp;uzasadnienie reklamacji.<br><strong>4. Reklamacja powinna by\u0107 przes\u0142ana listem poleconym na adres Organizatora z dopiskiem \u201eKonkurs z dnia 18 czerwca 2023 r.\u201d.<br><\/strong>5. Reklamacje rozpatrywane b\u0119d\u0105 pisemnie w terminie 30 dni.<br><br><strong>\u00a7 11. POSTANOWIENIA KO\u0143COWE<\/strong><\/p>\n\n\n\n<p>1. Regulamin wchodzi w \u017cycie z dniem 18 czerwca 2023r. i obowi\u0105zuje do 19 czerwca 2023 r.<\/p>\n\n\n\n<p>2. W kwestiach nieuregulowanych niniejszym Regulaminem stosuje si\u0119 przepisy Kodeksu cywilnego i inne przepisy prawa.<br>3. Spory odnosz\u0105ce si\u0119 i wynikaj\u0105ce z Konkursu b\u0119d\u0105 rozwi\u0105zywane przez s\u0105d powszechny w\u0142a\u015bciwy miejscowo dla siedziby Organizatora.<br>4. Organizator zastrzega sobie prawo do zmiany zasad Konkursu w trakcie jego trwania. Informacja o zmianach b\u0119dzie zamieszczona na stronie gazeta regionalna.com.<\/p>\n","protected":false},"excerpt":{"rendered":"<p>W sobot\u0119, 24 czerwca na scenie Filharmonii Cz\u0119stochowskiej rozegra si\u0119 &#8222;Prawda&#8221;. Ten tytu\u0142 zago\u015bci w naszym mie\u015bcie po raz pierwszy. Sprowadzi go Impresariat Adria<\/p>\n","protected":false},"author":11,"featured_media":108408,"comment_status":"closed","ping_status":"open","sticky":false,"template":"","format":"standard","meta":{"_monsterinsights_skip_tracking":false,"_monsterinsights_sitenote_active":false,"_monsterinsights_sitenote_note":"","_monsterinsights_sitenote_category":0,"_uf_show_specific_survey":0,"_uf_disable_surveys":false,"footnotes":""},"categories":[12,3,2],"tags":[2071,352,7995,3584],"class_list":["post-108395","post","type-post","status-publish","format-standard","has-post-thumbnail","hentry","category-kultura-i-rozrywka","category-czestochowa-informacje","category-wiadomosci","tag-adria-art","tag-filharmonia-czestochowska","tag-prawda","tag-wojciech-malajkat"],"_links":{"self":[{"href":"https:\/\/gazetaregionalna.com\/index.php?rest_route=\/wp\/v2\/posts\/108395","targetHints":{"allow":["GET"]}}],"collection":[{"href":"https:\/\/gazetaregionalna.com\/index.php?rest_route=\/wp\/v2\/posts"}],"about":[{"href":"https:\/\/gazetaregionalna.com\/index.php?rest_route=\/wp\/v2\/types\/post"}],"author":[{"embeddable":true,"href":"https:\/\/gazetaregionalna.com\/index.php?rest_route=\/wp\/v2\/users\/11"}],"replies":[{"embeddable":true,"href":"https:\/\/gazetaregionalna.com\/index.php?rest_route=%2Fwp%2Fv2%2Fcomments&post=108395"}],"version-history":[{"count":6,"href":"https:\/\/gazetaregionalna.com\/index.php?rest_route=\/wp\/v2\/posts\/108395\/revisions"}],"predecessor-version":[{"id":108467,"href":"https:\/\/gazetaregionalna.com\/index.php?rest_route=\/wp\/v2\/posts\/108395\/revisions\/108467"}],"wp:featuredmedia":[{"embeddable":true,"href":"https:\/\/gazetaregionalna.com\/index.php?rest_route=\/wp\/v2\/media\/108408"}],"wp:attachment":[{"href":"https:\/\/gazetaregionalna.com\/index.php?rest_route=%2Fwp%2Fv2%2Fmedia&parent=108395"}],"wp:term":[{"taxonomy":"category","embeddable":true,"href":"https:\/\/gazetaregionalna.com\/index.php?rest_route=%2Fwp%2Fv2%2Fcategories&post=108395"},{"taxonomy":"post_tag","embeddable":true,"href":"https:\/\/gazetaregionalna.com\/index.php?rest_route=%2Fwp%2Fv2%2Ftags&post=108395"}],"curies":[{"name":"wp","href":"https:\/\/api.w.org\/{rel}","templated":true}]}}