{"id":108367,"date":"2023-06-17T20:22:01","date_gmt":"2023-06-17T20:22:01","guid":{"rendered":"https:\/\/gazetaregionalna.com\/?p=108367"},"modified":"2023-06-17T20:22:02","modified_gmt":"2023-06-17T20:22:02","slug":"az-trzech-zuzlowcow-tauron-wlokniarz-w-finale-sec-na-torze-w-czestochowie","status":"publish","type":"post","link":"https:\/\/gazetaregionalna.com\/?p=108367","title":{"rendered":"A\u017c trzech \u017cu\u017clowc\u00f3w Tauron W\u0142\u00f3kniarz w finale SEC na torze w Cz\u0119stochowie"},"content":{"rendered":"\n<p>Z bardzo dobrej strony zaprezentowali si\u0119 \u017cu\u017clowcy Tauron W\u0142\u00f3kniarz w pierwszej z czterech rund SEC czyli Indywidualny Mistrzostw Europy. Wygra\u0142 Du\u0144czyk Leon Madsen, drugi by\u0142 jego rodak Mikkel Michelsen, trzeci reprezentant Polski Szymon Wo\u017aniak, a czwarty drugi z Polak\u00f3w Kacper Woryna.<\/p>\n\n\n\n<p>Madsen i Mikkelsen w rundzie zasadniczej zdobyli po 13 punkt\u00f3w i zapewnili sobie od razu miejsce w finale. Kacper Woryna rund\u0119 zasadnicz\u0105 zako\u0144czy\u0142 z 11 punktami i o miejsce w finale musia\u0142 jecha\u0107 w bara\u017cu. W nim przyjecha\u0142 na drugiej pozycji, za plecami Szymona Wo\u017aniaka, podobnie jak p\u00f3\u017aniej w finale.<\/p>\n\n\n\n<p>O ma\u0142y w\u0142os, a w biegu bara\u017cowym pojecha\u0142by te\u017c Maksym Drabik, kt\u00f3ry w turnieju otrzyma\u0142 dzik\u0105 kart\u0119. Drabik zdoby\u0142 9 punkt\u00f3w. Gdyby mia\u0142 oczkowi wi\u0119cej to pojecha\u0142by w bara\u017cu i mia\u0142by szans\u0119 na fina\u0142.<\/p>\n\n\n\n<p>Ostatecznie zawody w wielkim finale wygra\u0142 Leona Madsen. Drugi by\u0142 Mikkel Michelsen, a trzeci Szymon Wo\u017aniak. Miejsca na podium zabrak\u0142o dla Kacpra Woryny.<\/p>\n\n\n\n<p>MR-K, fot: AK<\/p>\n\n\n\n<p>1. Leon Madsen (Dania) \u2013 16 (1,3,3,3,3,3) \u2013 1. miejsce w finale<\/p>\n\n\n\n<p>2. Mikkel Michelsen (Dania) \u2013 15 (3,3,3,3,1,2) \u2013 2. miejsce w finale<\/p>\n\n\n\n<p>3. Szymon Wo\u017aniak (Polska) \u2013 12+3 (2,3,2,2,2,1) \u2013 3. miejsce w finale<\/p>\n\n\n\n<p>4. Kacper Woryna (Polska) \u2013 11+2 (3,1,1,3,3,0) \u2013 4. miejsce w finale<\/p>\n\n\n\n<p>5. Dimitri Berge (Francja) \u2013 10+1 (2,2,2,2,2)<\/p>\n\n\n\n<p>6. Niels Kristian Iversen (Dania) \u2013 9+0 (2,2,1,1,3)<\/p>\n\n\n\n<p>7. Maksym Drabik (Polska) \u2013 9 (1,1,3,2,2)<\/p>\n\n\n\n<p>8. Andrzej Lebiediew (\u0141otwa) \u2013 8 (3,3,2,0,0)<\/p>\n\n\n\n<p>9. Patryk Dudek (Polska) \u2013 8 (2,2,1,3,0)<\/p>\n\n\n\n<p>10. Jan Kvech (Czechy) \u2013 7 (0,2,2,1,2)<\/p>\n\n\n\n<p>11. Kai Huckenbeck (Niemcy) \u2013 6 (1,w,3,2,0)<\/p>\n\n\n\n<p>12. Adam Ellis (Wielka Brytania) \u2013 5 (3,1,0,0,1)<\/p>\n\n\n\n<p>13. Timo Lahti (Finlandia) \u2013 5 (1,1,1,1,1)<\/p>\n\n\n\n<p>14. Vaclav Milik (Czechy) \u2013 3 (0,0,0,0,3)<\/p>\n\n\n\n<p>15. Antonio Lindbaeck (Szwecja) \u2013 2 (0,w,0,1,1)<\/p>\n\n\n\n<p>16. Kacper Halkiewicz (Polska) \u2013 0 (0,0,0,0,0)<\/p>\n\n\n\n<p>17. Andreas Lyager (Dania) \u2013 ns<\/p>\n\n\n\n<p>18. Franciszek Karczewski (Polska) \u2013 ns<\/p>\n\n\n\n<p>Bieg po biegu:<\/p>\n\n\n\n<p>1. Ellis, Iversen, Drabik, Milik<\/p>\n\n\n\n<p>2. Woryna, Berge, Madsen, Kvech<\/p>\n\n\n\n<p>3. Lebiediew, Wo\u017aniak, Lahti, Lindbaeck<\/p>\n\n\n\n<p>4. Michelsen, Dudek, Huckenbeck, Halkiewicz<\/p>\n\n\n\n<p>5. Michelsen, Iversen, Woryna, Lindbaeck (w\/u)<\/p>\n\n\n\n<p>6. Madsen, Dudek, Lahti, Milik<\/p>\n\n\n\n<p>7. Wo\u017aniak, Berge, Drabik, Huckenbeck (w\/su)<\/p>\n\n\n\n<p>8. Lebiediew, Kvech, Ellis, Halkiewicz<\/p>\n\n\n\n<p>9. Madsen, Wo\u017aniak, Iversen, Halkiewicz<\/p>\n\n\n\n<p>10. Huckenbeck, Lebiediew, Woryna, Milik<\/p>\n\n\n\n<p>11. Drabik, Kvech, Dudek, Lindbaeck<\/p>\n\n\n\n<p>12. Michelsen, Berge, Lahti, Ellis<\/p>\n\n\n\n<p>13. Dudek, Berge, Iversen, Lebiediew<\/p>\n\n\n\n<p>14. Michelsen, Wo\u017aniak, Kvech, Milik<\/p>\n\n\n\n<p>15. Woryna, Drabik, Lahti, Halkiewicz<\/p>\n\n\n\n<p>16. Madsen, Huckenbeck, Lindbaeck, Ellis<\/p>\n\n\n\n<p>17. Iversen, Kvech, Lahti, Huckenbeck<\/p>\n\n\n\n<p>18. Milik, Berge, Lindbaeck, Halkiewicz<\/p>\n\n\n\n<p>19. Madsen, Drabik, Michelsen, Lebiediew<\/p>\n\n\n\n<p>20. Woryna, Wo\u017aniak, Ellis, Dudek<\/p>\n\n\n\n<p>Bara\u017c:<\/p>\n\n\n\n<p>21. Wo\u017aniak, Woryna, Berge, Iversen<\/p>\n\n\n\n<p>Fina\u0142:<\/p>\n\n\n\n<p>22. Madsen, Michelsen, Wo\u017aniak, Woryna<\/p>\n\n\n\n<figure class=\"wp-block-image size-large\"><img decoding=\"async\" width=\"1024\" height=\"683\" data-src=\"https:\/\/gazetaregionalna.com\/wp-content\/uploads\/2023\/06\/SEC-1-2-1024x683.jpg\" alt=\"\" class=\"wp-image-108369 lazyload\" data-srcset=\"https:\/\/gazetaregionalna.com\/wp-content\/uploads\/2023\/06\/SEC-1-2-1024x683.jpg 1024w, https:\/\/gazetaregionalna.com\/wp-content\/uploads\/2023\/06\/SEC-1-2-300x200.jpg 300w, https:\/\/gazetaregionalna.com\/wp-content\/uploads\/2023\/06\/SEC-1-2-768x512.jpg 768w, https:\/\/gazetaregionalna.com\/wp-content\/uploads\/2023\/06\/SEC-1-2-1536x1024.jpg 1536w, https:\/\/gazetaregionalna.com\/wp-content\/uploads\/2023\/06\/SEC-1-2-696x464.jpg 696w, https:\/\/gazetaregionalna.com\/wp-content\/uploads\/2023\/06\/SEC-1-2-1068x712.jpg 1068w, https:\/\/gazetaregionalna.com\/wp-content\/uploads\/2023\/06\/SEC-1-2-1920x1280.jpg 1920w, https:\/\/gazetaregionalna.com\/wp-content\/uploads\/2023\/06\/SEC-1-2-630x420.jpg 630w, https:\/\/gazetaregionalna.com\/wp-content\/uploads\/2023\/06\/SEC-1-2-scaled.jpg 1600w\" data-sizes=\"(max-width: 1024px) 100vw, 1024px\" src=\"data:image\/svg+xml;base64,PHN2ZyB3aWR0aD0iMSIgaGVpZ2h0PSIxIiB4bWxucz0iaHR0cDovL3d3dy53My5vcmcvMjAwMC9zdmciPjwvc3ZnPg==\" style=\"--smush-placeholder-width: 1024px; --smush-placeholder-aspect-ratio: 1024\/683;\" \/><\/figure>\n\n\n\n<figure class=\"wp-block-image size-large\"><img decoding=\"async\" width=\"1024\" height=\"683\" data-src=\"https:\/\/gazetaregionalna.com\/wp-content\/uploads\/2023\/06\/SEC-0-2-1024x683.jpg\" alt=\"\" class=\"wp-image-108368 lazyload\" data-srcset=\"https:\/\/gazetaregionalna.com\/wp-content\/uploads\/2023\/06\/SEC-0-2-1024x683.jpg 1024w, https:\/\/gazetaregionalna.com\/wp-content\/uploads\/2023\/06\/SEC-0-2-300x200.jpg 300w, https:\/\/gazetaregionalna.com\/wp-content\/uploads\/2023\/06\/SEC-0-2-768x512.jpg 768w, https:\/\/gazetaregionalna.com\/wp-content\/uploads\/2023\/06\/SEC-0-2-1536x1024.jpg 1536w, https:\/\/gazetaregionalna.com\/wp-content\/uploads\/2023\/06\/SEC-0-2-696x464.jpg 696w, https:\/\/gazetaregionalna.com\/wp-content\/uploads\/2023\/06\/SEC-0-2-1068x712.jpg 1068w, https:\/\/gazetaregionalna.com\/wp-content\/uploads\/2023\/06\/SEC-0-2-1920x1280.jpg 1920w, https:\/\/gazetaregionalna.com\/wp-content\/uploads\/2023\/06\/SEC-0-2-630x420.jpg 630w, https:\/\/gazetaregionalna.com\/wp-content\/uploads\/2023\/06\/SEC-0-2-scaled.jpg 1600w\" data-sizes=\"(max-width: 1024px) 100vw, 1024px\" src=\"data:image\/svg+xml;base64,PHN2ZyB3aWR0aD0iMSIgaGVpZ2h0PSIxIiB4bWxucz0iaHR0cDovL3d3dy53My5vcmcvMjAwMC9zdmciPjwvc3ZnPg==\" style=\"--smush-placeholder-width: 1024px; --smush-placeholder-aspect-ratio: 1024\/683;\" \/><\/figure>\n\n\n\n<figure class=\"wp-block-image size-large\"><img decoding=\"async\" width=\"1024\" height=\"683\" data-src=\"https:\/\/gazetaregionalna.com\/wp-content\/uploads\/2023\/06\/SEC-2-2-1024x683.jpg\" alt=\"\" class=\"wp-image-108370 lazyload\" data-srcset=\"https:\/\/gazetaregionalna.com\/wp-content\/uploads\/2023\/06\/SEC-2-2-1024x683.jpg 1024w, https:\/\/gazetaregionalna.com\/wp-content\/uploads\/2023\/06\/SEC-2-2-300x200.jpg 300w, https:\/\/gazetaregionalna.com\/wp-content\/uploads\/2023\/06\/SEC-2-2-768x512.jpg 768w, https:\/\/gazetaregionalna.com\/wp-content\/uploads\/2023\/06\/SEC-2-2-1536x1024.jpg 1536w, https:\/\/gazetaregionalna.com\/wp-content\/uploads\/2023\/06\/SEC-2-2-696x464.jpg 696w, https:\/\/gazetaregionalna.com\/wp-content\/uploads\/2023\/06\/SEC-2-2-1068x712.jpg 1068w, https:\/\/gazetaregionalna.com\/wp-content\/uploads\/2023\/06\/SEC-2-2-1920x1280.jpg 1920w, https:\/\/gazetaregionalna.com\/wp-content\/uploads\/2023\/06\/SEC-2-2-630x420.jpg 630w, https:\/\/gazetaregionalna.com\/wp-content\/uploads\/2023\/06\/SEC-2-2-scaled.jpg 1600w\" data-sizes=\"(max-width: 1024px) 100vw, 1024px\" src=\"data:image\/svg+xml;base64,PHN2ZyB3aWR0aD0iMSIgaGVpZ2h0PSIxIiB4bWxucz0iaHR0cDovL3d3dy53My5vcmcvMjAwMC9zdmciPjwvc3ZnPg==\" style=\"--smush-placeholder-width: 1024px; --smush-placeholder-aspect-ratio: 1024\/683;\" \/><\/figure>\n\n\n\n<figure class=\"wp-block-image size-large\"><img decoding=\"async\" width=\"1024\" height=\"683\" data-src=\"https:\/\/gazetaregionalna.com\/wp-content\/uploads\/2023\/06\/SEC-3-2-1024x683.jpg\" alt=\"\" class=\"wp-image-108371 lazyload\" data-srcset=\"https:\/\/gazetaregionalna.com\/wp-content\/uploads\/2023\/06\/SEC-3-2-1024x683.jpg 1024w, https:\/\/gazetaregionalna.com\/wp-content\/uploads\/2023\/06\/SEC-3-2-300x200.jpg 300w, https:\/\/gazetaregionalna.com\/wp-content\/uploads\/2023\/06\/SEC-3-2-768x512.jpg 768w, https:\/\/gazetaregionalna.com\/wp-content\/uploads\/2023\/06\/SEC-3-2-1536x1024.jpg 1536w, https:\/\/gazetaregionalna.com\/wp-content\/uploads\/2023\/06\/SEC-3-2-696x464.jpg 696w, https:\/\/gazetaregionalna.com\/wp-content\/uploads\/2023\/06\/SEC-3-2-1068x712.jpg 1068w, https:\/\/gazetaregionalna.com\/wp-content\/uploads\/2023\/06\/SEC-3-2-1920x1280.jpg 1920w, https:\/\/gazetaregionalna.com\/wp-content\/uploads\/2023\/06\/SEC-3-2-630x420.jpg 630w, https:\/\/gazetaregionalna.com\/wp-content\/uploads\/2023\/06\/SEC-3-2-scaled.jpg 1600w\" data-sizes=\"(max-width: 1024px) 100vw, 1024px\" src=\"data:image\/svg+xml;base64,PHN2ZyB3aWR0aD0iMSIgaGVpZ2h0PSIxIiB4bWxucz0iaHR0cDovL3d3dy53My5vcmcvMjAwMC9zdmciPjwvc3ZnPg==\" style=\"--smush-placeholder-width: 1024px; --smush-placeholder-aspect-ratio: 1024\/683;\" \/><\/figure>\n\n\n\n<figure class=\"wp-block-image size-large\"><img decoding=\"async\" width=\"300\" height=\"250\" data-src=\"https:\/\/gazetaregionalna.com\/wp-content\/uploads\/2022\/04\/DMK-4.jpg\" alt=\"\" class=\"wp-image-77212 lazyload\" src=\"data:image\/svg+xml;base64,PHN2ZyB3aWR0aD0iMSIgaGVpZ2h0PSIxIiB4bWxucz0iaHR0cDovL3d3dy53My5vcmcvMjAwMC9zdmciPjwvc3ZnPg==\" style=\"--smush-placeholder-width: 300px; --smush-placeholder-aspect-ratio: 300\/250;\"><\/figure>\n\n\n\n<figure class=\"wp-block-image size-large\"><img decoding=\"async\" width=\"1024\" height=\"683\" data-src=\"https:\/\/gazetaregionalna.com\/wp-content\/uploads\/2023\/06\/SEC-4-2-1024x683.jpg\" alt=\"\" class=\"wp-image-108372 lazyload\" data-srcset=\"https:\/\/gazetaregionalna.com\/wp-content\/uploads\/2023\/06\/SEC-4-2-1024x683.jpg 1024w, https:\/\/gazetaregionalna.com\/wp-content\/uploads\/2023\/06\/SEC-4-2-300x200.jpg 300w, https:\/\/gazetaregionalna.com\/wp-content\/uploads\/2023\/06\/SEC-4-2-768x512.jpg 768w, https:\/\/gazetaregionalna.com\/wp-content\/uploads\/2023\/06\/SEC-4-2-1536x1024.jpg 1536w, https:\/\/gazetaregionalna.com\/wp-content\/uploads\/2023\/06\/SEC-4-2-696x464.jpg 696w, https:\/\/gazetaregionalna.com\/wp-content\/uploads\/2023\/06\/SEC-4-2-1068x712.jpg 1068w, https:\/\/gazetaregionalna.com\/wp-content\/uploads\/2023\/06\/SEC-4-2-1920x1280.jpg 1920w, https:\/\/gazetaregionalna.com\/wp-content\/uploads\/2023\/06\/SEC-4-2-630x420.jpg 630w, https:\/\/gazetaregionalna.com\/wp-content\/uploads\/2023\/06\/SEC-4-2-scaled.jpg 1600w\" data-sizes=\"(max-width: 1024px) 100vw, 1024px\" src=\"data:image\/svg+xml;base64,PHN2ZyB3aWR0aD0iMSIgaGVpZ2h0PSIxIiB4bWxucz0iaHR0cDovL3d3dy53My5vcmcvMjAwMC9zdmciPjwvc3ZnPg==\" style=\"--smush-placeholder-width: 1024px; --smush-placeholder-aspect-ratio: 1024\/683;\" \/><\/figure>\n\n\n\n<figure class=\"wp-block-image size-large\"><img decoding=\"async\" width=\"1024\" height=\"683\" data-src=\"https:\/\/gazetaregionalna.com\/wp-content\/uploads\/2023\/06\/SEC-5-2-1024x683.jpg\" alt=\"\" class=\"wp-image-108373 lazyload\" data-srcset=\"https:\/\/gazetaregionalna.com\/wp-content\/uploads\/2023\/06\/SEC-5-2-1024x683.jpg 1024w, https:\/\/gazetaregionalna.com\/wp-content\/uploads\/2023\/06\/SEC-5-2-300x200.jpg 300w, https:\/\/gazetaregionalna.com\/wp-content\/uploads\/2023\/06\/SEC-5-2-768x512.jpg 768w, https:\/\/gazetaregionalna.com\/wp-content\/uploads\/2023\/06\/SEC-5-2-1536x1025.jpg 1536w, https:\/\/gazetaregionalna.com\/wp-content\/uploads\/2023\/06\/SEC-5-2-696x464.jpg 696w, https:\/\/gazetaregionalna.com\/wp-content\/uploads\/2023\/06\/SEC-5-2-1068x712.jpg 1068w, https:\/\/gazetaregionalna.com\/wp-content\/uploads\/2023\/06\/SEC-5-2-1920x1281.jpg 1920w, https:\/\/gazetaregionalna.com\/wp-content\/uploads\/2023\/06\/SEC-5-2-630x420.jpg 630w, https:\/\/gazetaregionalna.com\/wp-content\/uploads\/2023\/06\/SEC-5-2-scaled.jpg 1600w\" data-sizes=\"(max-width: 1024px) 100vw, 1024px\" src=\"data:image\/svg+xml;base64,PHN2ZyB3aWR0aD0iMSIgaGVpZ2h0PSIxIiB4bWxucz0iaHR0cDovL3d3dy53My5vcmcvMjAwMC9zdmciPjwvc3ZnPg==\" style=\"--smush-placeholder-width: 1024px; --smush-placeholder-aspect-ratio: 1024\/683;\" \/><\/figure>\n","protected":false},"excerpt":{"rendered":"<p>Z bardzo dobrej strony zaprezentowali si\u0119 \u017cu\u017clowcy Tauron W\u0142\u00f3kniarz w pierwszej z czterech rund SEC czyli Indywidualny Mistrzostw Europy. Wygra\u0142 Du\u0144czyk Leon Madsen, drugi<\/p>\n","protected":false},"author":15,"featured_media":108369,"comment_status":"closed","ping_status":"open","sticky":false,"template":"","format":"standard","meta":{"_monsterinsights_skip_tracking":false,"_monsterinsights_sitenote_active":false,"_monsterinsights_sitenote_note":"","_monsterinsights_sitenote_category":0,"_uf_show_specific_survey":0,"_uf_disable_surveys":false,"footnotes":""},"categories":[94,5,7],"tags":[],"class_list":["post-108367","post","type-post","status-publish","format-standard","has-post-thumbnail","hentry","category-polecane","category-sport","category-zuzel"],"_links":{"self":[{"href":"https:\/\/gazetaregionalna.com\/index.php?rest_route=\/wp\/v2\/posts\/108367","targetHints":{"allow":["GET"]}}],"collection":[{"href":"https:\/\/gazetaregionalna.com\/index.php?rest_route=\/wp\/v2\/posts"}],"about":[{"href":"https:\/\/gazetaregionalna.com\/index.php?rest_route=\/wp\/v2\/types\/post"}],"author":[{"embeddable":true,"href":"https:\/\/gazetaregionalna.com\/index.php?rest_route=\/wp\/v2\/users\/15"}],"replies":[{"embeddable":true,"href":"https:\/\/gazetaregionalna.com\/index.php?rest_route=%2Fwp%2Fv2%2Fcomments&post=108367"}],"version-history":[{"count":1,"href":"https:\/\/gazetaregionalna.com\/index.php?rest_route=\/wp\/v2\/posts\/108367\/revisions"}],"predecessor-version":[{"id":108375,"href":"https:\/\/gazetaregionalna.com\/index.php?rest_route=\/wp\/v2\/posts\/108367\/revisions\/108375"}],"wp:featuredmedia":[{"embeddable":true,"href":"https:\/\/gazetaregionalna.com\/index.php?rest_route=\/wp\/v2\/media\/108369"}],"wp:attachment":[{"href":"https:\/\/gazetaregionalna.com\/index.php?rest_route=%2Fwp%2Fv2%2Fmedia&parent=108367"}],"wp:term":[{"taxonomy":"category","embeddable":true,"href":"https:\/\/gazetaregionalna.com\/index.php?rest_route=%2Fwp%2Fv2%2Fcategories&post=108367"},{"taxonomy":"post_tag","embeddable":true,"href":"https:\/\/gazetaregionalna.com\/index.php?rest_route=%2Fwp%2Fv2%2Ftags&post=108367"}],"curies":[{"name":"wp","href":"https:\/\/api.w.org\/{rel}","templated":true}]}}