{"id":10833,"date":"2020-03-17T12:26:37","date_gmt":"2020-03-17T12:26:37","guid":{"rendered":"https:\/\/gazetaregionalna.com\/?p=10833"},"modified":"2020-03-17T13:59:55","modified_gmt":"2020-03-17T13:59:55","slug":"studenci-politechniki-czestochowskiej-musza-do-jutra-opuscic-akademiki","status":"publish","type":"post","link":"https:\/\/gazetaregionalna.com\/?p=10833","title":{"rendered":"Studenci Politechniki Cz\u0119stochowskiej musz\u0105 do jutra opu\u015bci\u0107 akademiki"},"content":{"rendered":"\n<p>Rektor Politechniki Cz\u0119stochowskiej wyda\u0142 wczoraj zarz\u0105dzenie, aby studenci uczelni w ci\u0105gu 48 godzin wykwaterowali si\u0119 z akademik\u00f3w uczelni. Decyzja ta dotyczy zar\u00f3wno tych, kt\u00f3rzy jeszcze tam mieszkaj\u0105, jak i s\u0142uchaczy, kt\u00f3rzy po zawieszeniu zaj\u0119\u0107 stacjonarnych rozjechali si\u0119 do dom\u00f3w. Ci ostatni maj\u0105 wr\u00f3ci\u0107 do Cz\u0119stochowy i zabra\u0107 swoje rzeczy.<br>\nStudenci Uniwersytetu Humanistyczno-Przyrodniczego im. Jana D\u0142ugosza w Cz\u0119stochowie jak dot\u0105d takiego nakazu nie otrzymali.<\/p>\n\n\n\n<ul class=\"wp-block-list\"><li><em>Na razie \u017cadnych tego rodzaju decyzji na naszej uczelni nie podj\u0119to<\/em> &#8211; informuje rzecznik prasowy Uniwersytetu Marek Makowski. &#8211;<em> Uczelnia otrzyma\u0142a niedawno pytanie od wojewody \u015bl\u0105skiego na temat miejsc w domach studenckich i stanu technicznego akademik\u00f3w. Udzielili\u015bmy odpowiedzi na temat jedynego akademika, jaki posiadamy, to jest domu studenckiego &#8222;Skrzat&#8221;<\/em>. <em>Teraz czekamy na decyzje<\/em> &#8211; dodaje.<br> Jak si\u0119 dowiedzieli\u015bmy, zar\u00f3wno pytania wojewody rozsy\u0142ane do szk\u00f3\u0142 wy\u017cszych, jak i dzia\u0142ania dotycz\u0105ce opr\u00f3\u017cniania akademik\u00f3w uczelni publicznych zwi\u0105zane s\u0105 z konieczno\u015bci\u0105 przygotowania przez wojewod\u00f3w w ca\u0142ej Polsce miejsc dla os\u00f3b podj\u0119tych obowi\u0105zkow\u0105 kwarantann\u0105.<\/li><\/ul>\n","protected":false},"excerpt":{"rendered":"<p>Rektor Politechniki Cz\u0119stochowskiej wyda\u0142 wczoraj zarz\u0105dzenie, aby studenci uczelni w ci\u0105gu 48 godzin wykwaterowali si\u0119 z akademik\u00f3w uczelni. Decyzja ta dotyczy zar\u00f3wno tych, kt\u00f3rzy<\/p>\n","protected":false},"author":7,"featured_media":10834,"comment_status":"open","ping_status":"open","sticky":false,"template":"","format":"standard","meta":{"_monsterinsights_skip_tracking":false,"_monsterinsights_sitenote_active":false,"_monsterinsights_sitenote_note":"","_monsterinsights_sitenote_category":0,"_uf_show_specific_survey":0,"_uf_disable_surveys":false,"footnotes":""},"categories":[41,3,94,2],"tags":[],"class_list":["post-10833","post","type-post","status-publish","format-standard","has-post-thumbnail","hentry","category-edukacja","category-czestochowa-informacje","category-polecane","category-wiadomosci"],"_links":{"self":[{"href":"https:\/\/gazetaregionalna.com\/index.php?rest_route=\/wp\/v2\/posts\/10833","targetHints":{"allow":["GET"]}}],"collection":[{"href":"https:\/\/gazetaregionalna.com\/index.php?rest_route=\/wp\/v2\/posts"}],"about":[{"href":"https:\/\/gazetaregionalna.com\/index.php?rest_route=\/wp\/v2\/types\/post"}],"author":[{"embeddable":true,"href":"https:\/\/gazetaregionalna.com\/index.php?rest_route=\/wp\/v2\/users\/7"}],"replies":[{"embeddable":true,"href":"https:\/\/gazetaregionalna.com\/index.php?rest_route=%2Fwp%2Fv2%2Fcomments&post=10833"}],"version-history":[{"count":2,"href":"https:\/\/gazetaregionalna.com\/index.php?rest_route=\/wp\/v2\/posts\/10833\/revisions"}],"predecessor-version":[{"id":10836,"href":"https:\/\/gazetaregionalna.com\/index.php?rest_route=\/wp\/v2\/posts\/10833\/revisions\/10836"}],"wp:featuredmedia":[{"embeddable":true,"href":"https:\/\/gazetaregionalna.com\/index.php?rest_route=\/wp\/v2\/media\/10834"}],"wp:attachment":[{"href":"https:\/\/gazetaregionalna.com\/index.php?rest_route=%2Fwp%2Fv2%2Fmedia&parent=10833"}],"wp:term":[{"taxonomy":"category","embeddable":true,"href":"https:\/\/gazetaregionalna.com\/index.php?rest_route=%2Fwp%2Fv2%2Fcategories&post=10833"},{"taxonomy":"post_tag","embeddable":true,"href":"https:\/\/gazetaregionalna.com\/index.php?rest_route=%2Fwp%2Fv2%2Ftags&post=10833"}],"curies":[{"name":"wp","href":"https:\/\/api.w.org\/{rel}","templated":true}]}}