{"id":108150,"date":"2023-06-13T21:17:58","date_gmt":"2023-06-13T21:17:58","guid":{"rendered":"https:\/\/gazetaregionalna.com\/?p=108150"},"modified":"2023-06-13T21:18:57","modified_gmt":"2023-06-13T21:18:57","slug":"95-rocznica-urodzin-gierymskiego","status":"publish","type":"post","link":"https:\/\/gazetaregionalna.com\/?p=108150","title":{"rendered":"W Cz\u0119stochowie uczczono 95. rocznic\u0119 urodzin Tadeusza Gierymskiego"},"content":{"rendered":"\n<h2 class=\"wp-block-heading\">W czerwcu min\u0119\u0142a 95. rocznica urodzin Tadeusza Gierymskiego &#8211; poety, prozaika, publicysty, laureata Nagrody Prezydenta Miasta Cz\u0119stochowy w dziedzinie literatury.\u00a0<\/h2>\n\n\n\n<p>Rocznica 95-lecia urodzin Tadeusza Gierymskiego przypad\u0142a na 9 czerwca. Z tej okazji w imieniu w\u0142adz samorz\u0105dowych, wi\u0105zank\u0119 kwiat\u00f3w na grobie poety na cmentarzu \u015bw. Rocha z\u0142o\u017cyli naczelnik Wydzia\u0142u Kultury i Sportu Urz\u0119du Miasta Robert Jasiak i wiceprzewodnicz\u0105ca Rady Miasta Cz\u0119stochowy Jolanta Urba\u0144ska.\u00a0<\/p>\n\n\n\n<figure class=\"wp-block-image size-large\"><img decoding=\"async\" width=\"1024\" height=\"682\" data-src=\"https:\/\/gazetaregionalna.com\/wp-content\/uploads\/2023\/06\/67150-1024x682.jpg\" alt=\"\" class=\"wp-image-108152 lazyload\" data-srcset=\"https:\/\/gazetaregionalna.com\/wp-content\/uploads\/2023\/06\/67150-1024x682.jpg 1024w, https:\/\/gazetaregionalna.com\/wp-content\/uploads\/2023\/06\/67150-300x200.jpg 300w, https:\/\/gazetaregionalna.com\/wp-content\/uploads\/2023\/06\/67150-768x511.jpg 768w, https:\/\/gazetaregionalna.com\/wp-content\/uploads\/2023\/06\/67150-1536x1022.jpg 1536w, https:\/\/gazetaregionalna.com\/wp-content\/uploads\/2023\/06\/67150-696x463.jpg 696w, https:\/\/gazetaregionalna.com\/wp-content\/uploads\/2023\/06\/67150-1068x711.jpg 1068w, https:\/\/gazetaregionalna.com\/wp-content\/uploads\/2023\/06\/67150-1920x1278.jpg 1920w, https:\/\/gazetaregionalna.com\/wp-content\/uploads\/2023\/06\/67150-631x420.jpg 631w, https:\/\/gazetaregionalna.com\/wp-content\/uploads\/2023\/06\/67150-scaled.jpg 1600w\" data-sizes=\"(max-width: 1024px) 100vw, 1024px\" src=\"data:image\/svg+xml;base64,PHN2ZyB3aWR0aD0iMSIgaGVpZ2h0PSIxIiB4bWxucz0iaHR0cDovL3d3dy53My5vcmcvMjAwMC9zdmciPjwvc3ZnPg==\" style=\"--smush-placeholder-width: 1024px; --smush-placeholder-aspect-ratio: 1024\/682;\" \/><figcaption>fot. \u0141ukasz Kolewi\u0144ski\/UM Cz\u0119stochowy<\/figcaption><\/figure>\n\n\n\n<p>Tadeusz Gierymski urodzi\u0142 si\u0119 w P\u0142o\u0144sku w 1928 roku. By\u0142 poet\u0105, prozaikiem, odkrywc\u0105 talentu poetyckiego Haliny Po\u015bwiatowskiej. Jako poeta debiutowa\u0142 w 1955 roku w &#8222;Tygodniku Powszechnym\u201d. Od 1976 roku wyda\u0142 kilka tomik\u00f3w wierszy, a tak\u017ce \u2013 w 2001 roku \u2013 zbi\u00f3r osobistych zapis\u00f3w ,,Notatki z czasu\u201d. Prowadzi\u0142 k\u0105ciki poetyckie m.in. w ,,Dzienniku Cz\u0119stochowskim 24 Godziny\u201d i ,,Gazecie Cz\u0119stochowskiej\u201d.<\/p>\n\n\n\n<p> W 2002 roku cz\u0119stochowskie wydawnictwo ,,e media\u201d wyda\u0142o jego wyb\u00f3r wierszy pod tytu\u0142em ,,Wy\u015bcig z Czasem\u201d.  Autor zmar\u0142 w Cz\u0119stochowie 22 listopada 2009 roku.<\/p>\n\n\n\n<p><strong>red., mat. UM Cz\u0119stochowy<\/strong><\/p>\n","protected":false},"excerpt":{"rendered":"<p>W czerwcu min\u0119\u0142a 95. rocznica urodzin Tadeusza Gierymskiego &#8211; poety, prozaika, publicysty, laureata Nagrody Prezydenta Miasta Cz\u0119stochowy w dziedzinie literatury.\u00a0 Rocznica 95-lecia urodzin Tadeusza<\/p>\n","protected":false},"author":11,"featured_media":108151,"comment_status":"closed","ping_status":"open","sticky":false,"template":"","format":"standard","meta":{"_monsterinsights_skip_tracking":false,"_monsterinsights_sitenote_active":false,"_monsterinsights_sitenote_note":"","_monsterinsights_sitenote_category":0,"_uf_show_specific_survey":0,"_uf_disable_surveys":false,"footnotes":""},"categories":[3,2],"tags":[2498,7962],"class_list":["post-108150","post","type-post","status-publish","format-standard","has-post-thumbnail","hentry","category-czestochowa-informacje","category-wiadomosci","tag-rocznica","tag-tadeusz-gierymski"],"_links":{"self":[{"href":"https:\/\/gazetaregionalna.com\/index.php?rest_route=\/wp\/v2\/posts\/108150","targetHints":{"allow":["GET"]}}],"collection":[{"href":"https:\/\/gazetaregionalna.com\/index.php?rest_route=\/wp\/v2\/posts"}],"about":[{"href":"https:\/\/gazetaregionalna.com\/index.php?rest_route=\/wp\/v2\/types\/post"}],"author":[{"embeddable":true,"href":"https:\/\/gazetaregionalna.com\/index.php?rest_route=\/wp\/v2\/users\/11"}],"replies":[{"embeddable":true,"href":"https:\/\/gazetaregionalna.com\/index.php?rest_route=%2Fwp%2Fv2%2Fcomments&post=108150"}],"version-history":[{"count":1,"href":"https:\/\/gazetaregionalna.com\/index.php?rest_route=\/wp\/v2\/posts\/108150\/revisions"}],"predecessor-version":[{"id":108153,"href":"https:\/\/gazetaregionalna.com\/index.php?rest_route=\/wp\/v2\/posts\/108150\/revisions\/108153"}],"wp:featuredmedia":[{"embeddable":true,"href":"https:\/\/gazetaregionalna.com\/index.php?rest_route=\/wp\/v2\/media\/108151"}],"wp:attachment":[{"href":"https:\/\/gazetaregionalna.com\/index.php?rest_route=%2Fwp%2Fv2%2Fmedia&parent=108150"}],"wp:term":[{"taxonomy":"category","embeddable":true,"href":"https:\/\/gazetaregionalna.com\/index.php?rest_route=%2Fwp%2Fv2%2Fcategories&post=108150"},{"taxonomy":"post_tag","embeddable":true,"href":"https:\/\/gazetaregionalna.com\/index.php?rest_route=%2Fwp%2Fv2%2Ftags&post=108150"}],"curies":[{"name":"wp","href":"https:\/\/api.w.org\/{rel}","templated":true}]}}