{"id":108147,"date":"2023-06-13T20:15:25","date_gmt":"2023-06-13T20:15:25","guid":{"rendered":"https:\/\/gazetaregionalna.com\/?p=108147"},"modified":"2023-06-13T20:15:26","modified_gmt":"2023-06-13T20:15:26","slug":"w-sobote-w-czestochowie-odbedzie-sie-pierwsza-runda-sec","status":"publish","type":"post","link":"https:\/\/gazetaregionalna.com\/?p=108147","title":{"rendered":"W sobot\u0119 w Cz\u0119stochowie odb\u0119dzie si\u0119 pierwsza runda SEC"},"content":{"rendered":"\n<p>Ju\u017c w sobot\u0119, 17 czerwca na torze w Cz\u0119stochowie odb\u0119dzie si\u0119 pierwsza z czterech rund SEC czyli Indywidualnych Mistrzostw Europy na \u017cu\u017clu. Pojedzie a\u017c czterech zawodnik\u00f3w Tauron W\u0142\u00f3kniarz: Du\u0144czycy: Leon Madsen, Mikkel Michelsen, Kacper Woryna oraz cz\u0119stochowianin Maksym Drabik, kt\u00f3ry otrzyma\u0142 dzik\u0105 kart\u0119.<\/p>\n\n\n\n<p>Turniej w Cz\u0119stochowie rozpoczyna walk\u0119 o medale Speedway Euro Championship. Na torze w Cz\u0119stochowie pojawi\u0105 si\u0119 czterech aktualnych \u017cu\u017clowc\u00f3w Tauron W\u0142\u00f3kniarz, co z pewno\u015bci\u0105 b\u0119dzie magnesem dla publiczno\u015bci. O zwyci\u0119stwo w pierwszej rundzie SEC powalcz\u0105: Du\u0144czycy: Leon Madsen oraz Mikkel Michelsen, a tak\u017ce Kacper Woryna oraz cz\u0119stochowianin Maksym Drabik, kt\u00f3ry otrzyma\u0142 dzik\u0105 kart\u0119.<\/p>\n\n\n\n<p>Organizatorzy zach\u0119caj\u0105 do zakupu bilet\u00f3w, bo te s\u0105 w przyst\u0119pnych cenach. Co wa\u017cne, dzieci do lat 12 wchodz\u0105 za darmo, ale nie maj\u0105 gwarancji siedz\u0105cego miejsca.<\/p>\n\n\n\n<p>Cennik bilet\u00f3w na 1. Fina\u0142 TAURON Speedway Euro Championship 2023 w Cz\u0119stochowie:<\/p>\n\n\n\n<p>Bilet normalny &#8211; 50 PLN.<\/p>\n\n\n\n<p>Bilet ulgowy &#8211; 30 PLN (dedykowany dzieciom powy\u017cej 12 roku \u017cycia a\u017c do 26 roku \u017cycia w przypadku os\u00f3b ucz\u0105cych si\u0119 &#8211; weryfikacja na podstawie wa\u017cnej legitymacji szkolnej\/studenckiej. Standardowo bilet ulgowy obowi\u0105zuje tak\u017ce dla rencist\u00f3w i emeryt\u00f3w powy\u017cej 65 roku \u017cycia).<\/p>\n\n\n\n<p>Bilet na trybun\u0119 centraln\u0105 \u2013 100 PLN.<\/p>\n\n\n\n<p>Bilet \u201cSuper VIP\u201d \u2013 450 PLN (w cenie: catering, napoje, alkohol lekki tj. piwo, prosecco. Dodatkowo program zawod\u00f3w).<\/p>\n\n\n\n<p>Voucher na program zawod\u00f3w \u2013 15 PLN.<\/p>\n\n\n\n<p>Dzieci do 12 roku \u017cycia \u2013 wst\u0119p bezp\u0142atny (bez gwarancji miejsca siedz\u0105cego).<\/p>\n\n\n\n<p>W przypadku ch\u0119ci zakupu wi\u0119kszej ilo\u015bci bilet\u00f3w \u201cSuper VIP\u201d cena kszta\u0142towa\u0107 si\u0119 b\u0119dzie nast\u0119puj\u0105co:<\/p>\n\n\n\n<p>Powy\u017cej 5 sztuk \u201cSuper VIP\u201d \u2013 400 PLN.<\/p>\n\n\n\n<p>Powy\u017cej 10 sztuk \u201cSuper VIP\u201d \u2013 350 PLN.<\/p>\n\n\n\n<p>Cennik bilet\u00f3w na 1. Fina\u0142 TAURON Speedway Euro Championship 2023 w Cz\u0119stochowie (dla karnetowicz\u00f3w TAURON W\u0142\u00f3kniarza Cz\u0119stochowa na sezon 2023):<\/p>\n\n\n\n<p>Bilet normalny (dla posiadaczy karnet\u00f3w normalnych TAURON W\u0142\u00f3kniarza Cz\u0119stochowa na sezon 2023) \u2013 40 PLN (limit bilet\u00f3w do zakupu za okazaniem 1 karnetu, to 4 wej\u015bci\u00f3wki).<\/p>\n\n\n\n<p>Bilet ulgowy (dla posiadaczy karnet\u00f3w ulgowych TAURON W\u0142\u00f3kniarza Cz\u0119stochowa na sezon 2023) \u2013 25 PLN (limit bilet\u00f3w do zakupu za okazaniem 1 karnetu, to 4 wej\u015bci\u00f3wki).<\/p>\n\n\n\n<p>Sprzeda\u017c bilet\u00f3w odbywa\u0107 si\u0119 b\u0119dzie internetowo za po\u015brednictwem platformy \u201cEventim\u201d (TUTAJ), stacjonarnie w siedzibie klubu (ul. Olszty\u0144ska 123\/127), w sklepie kibica \u201cW\u0142\u00f3kniarz Speedway Shop\u201d w Galerii Jurajskiej, a tak\u017ce w punktach \u201cMedia Markt\u201d na terenie ca\u0142ej Polski.<\/p>\n\n\n\n<p>MR-K, fot: AK<\/p>\n\n\n\n<p>Lista startowa 1. rundy SEC Cz\u0119stochowa<\/p>\n\n\n\n<p>1. Grzegorz Zengota<\/p>\n\n\n\n<p>2. Vaclav Milik<\/p>\n\n\n\n<p>3. Maksym Drabik<\/p>\n\n\n\n<p>4. Adam Ellis<\/p>\n\n\n\n<p>5. Kacper Woryna<\/p>\n\n\n\n<p>6. Leon Madsen<\/p>\n\n\n\n<p>7. Dimitri Berge<\/p>\n\n\n\n<p>8. Jan Kvech<\/p>\n\n\n\n<p>9. Antonio Lindbaeck<\/p>\n\n\n\n<p>10. Dominik Kubera<\/p>\n\n\n\n<p>11. Janusz Ko\u0142odziej<\/p>\n\n\n\n<p>12. Andrzej Lebiediew<\/p>\n\n\n\n<p>13. Mikkel Michelsen<\/p>\n\n\n\n<p>14. Patryk Dudek<\/p>\n\n\n\n<p>15. Kai Huckenbeck<\/p>\n\n\n\n<p>16. Andreas Lyager<\/p>\n\n\n\n<figure class=\"wp-block-image size-large\"><img decoding=\"async\" width=\"1024\" height=\"683\" data-src=\"https:\/\/gazetaregionalna.com\/wp-content\/uploads\/2023\/05\/Wlokniarz-Apator-0000-2-1024x683.jpg\" alt=\"\" class=\"wp-image-107168 lazyload\" data-srcset=\"https:\/\/gazetaregionalna.com\/wp-content\/uploads\/2023\/05\/Wlokniarz-Apator-0000-2-1024x683.jpg 1024w, https:\/\/gazetaregionalna.com\/wp-content\/uploads\/2023\/05\/Wlokniarz-Apator-0000-2-300x200.jpg 300w, https:\/\/gazetaregionalna.com\/wp-content\/uploads\/2023\/05\/Wlokniarz-Apator-0000-2-768x512.jpg 768w, https:\/\/gazetaregionalna.com\/wp-content\/uploads\/2023\/05\/Wlokniarz-Apator-0000-2-1536x1024.jpg 1536w, https:\/\/gazetaregionalna.com\/wp-content\/uploads\/2023\/05\/Wlokniarz-Apator-0000-2-696x464.jpg 696w, https:\/\/gazetaregionalna.com\/wp-content\/uploads\/2023\/05\/Wlokniarz-Apator-0000-2-1068x712.jpg 1068w, https:\/\/gazetaregionalna.com\/wp-content\/uploads\/2023\/05\/Wlokniarz-Apator-0000-2-1920x1280.jpg 1920w, https:\/\/gazetaregionalna.com\/wp-content\/uploads\/2023\/05\/Wlokniarz-Apator-0000-2-630x420.jpg 630w, https:\/\/gazetaregionalna.com\/wp-content\/uploads\/2023\/05\/Wlokniarz-Apator-0000-2-scaled.jpg 1600w\" data-sizes=\"(max-width: 1024px) 100vw, 1024px\" src=\"data:image\/svg+xml;base64,PHN2ZyB3aWR0aD0iMSIgaGVpZ2h0PSIxIiB4bWxucz0iaHR0cDovL3d3dy53My5vcmcvMjAwMC9zdmciPjwvc3ZnPg==\" style=\"--smush-placeholder-width: 1024px; --smush-placeholder-aspect-ratio: 1024\/683;\" \/><\/figure>\n\n\n\n<figure class=\"wp-block-image size-large\"><img decoding=\"async\" width=\"300\" height=\"250\" data-src=\"https:\/\/gazetaregionalna.com\/wp-content\/uploads\/2022\/04\/DMK-5.jpg\" alt=\"\" class=\"wp-image-77213 lazyload\" src=\"data:image\/svg+xml;base64,PHN2ZyB3aWR0aD0iMSIgaGVpZ2h0PSIxIiB4bWxucz0iaHR0cDovL3d3dy53My5vcmcvMjAwMC9zdmciPjwvc3ZnPg==\" style=\"--smush-placeholder-width: 300px; --smush-placeholder-aspect-ratio: 300\/250;\"><\/figure>\n\n\n\n<figure class=\"wp-block-image size-large\"><img decoding=\"async\" width=\"1024\" height=\"683\" data-src=\"https:\/\/gazetaregionalna.com\/wp-content\/uploads\/2023\/05\/Wlokniarz-Apator-000000-2-1024x683.jpg\" alt=\"\" class=\"wp-image-107166 lazyload\" data-srcset=\"https:\/\/gazetaregionalna.com\/wp-content\/uploads\/2023\/05\/Wlokniarz-Apator-000000-2-1024x683.jpg 1024w, https:\/\/gazetaregionalna.com\/wp-content\/uploads\/2023\/05\/Wlokniarz-Apator-000000-2-300x200.jpg 300w, https:\/\/gazetaregionalna.com\/wp-content\/uploads\/2023\/05\/Wlokniarz-Apator-000000-2-768x512.jpg 768w, https:\/\/gazetaregionalna.com\/wp-content\/uploads\/2023\/05\/Wlokniarz-Apator-000000-2-1536x1024.jpg 1536w, https:\/\/gazetaregionalna.com\/wp-content\/uploads\/2023\/05\/Wlokniarz-Apator-000000-2-696x464.jpg 696w, https:\/\/gazetaregionalna.com\/wp-content\/uploads\/2023\/05\/Wlokniarz-Apator-000000-2-1068x712.jpg 1068w, https:\/\/gazetaregionalna.com\/wp-content\/uploads\/2023\/05\/Wlokniarz-Apator-000000-2-1920x1280.jpg 1920w, https:\/\/gazetaregionalna.com\/wp-content\/uploads\/2023\/05\/Wlokniarz-Apator-000000-2-630x420.jpg 630w, https:\/\/gazetaregionalna.com\/wp-content\/uploads\/2023\/05\/Wlokniarz-Apator-000000-2-scaled.jpg 1600w\" data-sizes=\"(max-width: 1024px) 100vw, 1024px\" src=\"data:image\/svg+xml;base64,PHN2ZyB3aWR0aD0iMSIgaGVpZ2h0PSIxIiB4bWxucz0iaHR0cDovL3d3dy53My5vcmcvMjAwMC9zdmciPjwvc3ZnPg==\" style=\"--smush-placeholder-width: 1024px; --smush-placeholder-aspect-ratio: 1024\/683;\" \/><\/figure>\n\n\n\n<figure class=\"wp-block-image size-large\"><img decoding=\"async\" width=\"1024\" height=\"683\" data-src=\"https:\/\/gazetaregionalna.com\/wp-content\/uploads\/2023\/04\/PresDay-15-2-1024x683.jpg\" alt=\"\" class=\"wp-image-104078 lazyload\" data-srcset=\"https:\/\/gazetaregionalna.com\/wp-content\/uploads\/2023\/04\/PresDay-15-2-1024x683.jpg 1024w, https:\/\/gazetaregionalna.com\/wp-content\/uploads\/2023\/04\/PresDay-15-2-300x200.jpg 300w, https:\/\/gazetaregionalna.com\/wp-content\/uploads\/2023\/04\/PresDay-15-2-768x512.jpg 768w, https:\/\/gazetaregionalna.com\/wp-content\/uploads\/2023\/04\/PresDay-15-2-1536x1024.jpg 1536w, https:\/\/gazetaregionalna.com\/wp-content\/uploads\/2023\/04\/PresDay-15-2-696x464.jpg 696w, https:\/\/gazetaregionalna.com\/wp-content\/uploads\/2023\/04\/PresDay-15-2-1068x712.jpg 1068w, https:\/\/gazetaregionalna.com\/wp-content\/uploads\/2023\/04\/PresDay-15-2-1920x1280.jpg 1920w, https:\/\/gazetaregionalna.com\/wp-content\/uploads\/2023\/04\/PresDay-15-2-630x420.jpg 630w, https:\/\/gazetaregionalna.com\/wp-content\/uploads\/2023\/04\/PresDay-15-2-scaled.jpg 1600w\" data-sizes=\"(max-width: 1024px) 100vw, 1024px\" src=\"data:image\/svg+xml;base64,PHN2ZyB3aWR0aD0iMSIgaGVpZ2h0PSIxIiB4bWxucz0iaHR0cDovL3d3dy53My5vcmcvMjAwMC9zdmciPjwvc3ZnPg==\" style=\"--smush-placeholder-width: 1024px; --smush-placeholder-aspect-ratio: 1024\/683;\" \/><\/figure>\n\n\n\n<figure class=\"wp-block-image size-large\"><img decoding=\"async\" width=\"1024\" height=\"683\" data-src=\"https:\/\/gazetaregionalna.com\/wp-content\/uploads\/2023\/04\/CKM-Motor-52-2-1024x683.jpg\" alt=\"\" class=\"wp-image-104794 lazyload\" data-srcset=\"https:\/\/gazetaregionalna.com\/wp-content\/uploads\/2023\/04\/CKM-Motor-52-2-1024x683.jpg 1024w, https:\/\/gazetaregionalna.com\/wp-content\/uploads\/2023\/04\/CKM-Motor-52-2-300x200.jpg 300w, https:\/\/gazetaregionalna.com\/wp-content\/uploads\/2023\/04\/CKM-Motor-52-2-768x512.jpg 768w, https:\/\/gazetaregionalna.com\/wp-content\/uploads\/2023\/04\/CKM-Motor-52-2-1536x1024.jpg 1536w, https:\/\/gazetaregionalna.com\/wp-content\/uploads\/2023\/04\/CKM-Motor-52-2-696x464.jpg 696w, https:\/\/gazetaregionalna.com\/wp-content\/uploads\/2023\/04\/CKM-Motor-52-2-1068x712.jpg 1068w, https:\/\/gazetaregionalna.com\/wp-content\/uploads\/2023\/04\/CKM-Motor-52-2-1920x1280.jpg 1920w, https:\/\/gazetaregionalna.com\/wp-content\/uploads\/2023\/04\/CKM-Motor-52-2-630x420.jpg 630w, https:\/\/gazetaregionalna.com\/wp-content\/uploads\/2023\/04\/CKM-Motor-52-2-scaled.jpg 1600w\" data-sizes=\"(max-width: 1024px) 100vw, 1024px\" src=\"data:image\/svg+xml;base64,PHN2ZyB3aWR0aD0iMSIgaGVpZ2h0PSIxIiB4bWxucz0iaHR0cDovL3d3dy53My5vcmcvMjAwMC9zdmciPjwvc3ZnPg==\" style=\"--smush-placeholder-width: 1024px; --smush-placeholder-aspect-ratio: 1024\/683;\" \/><\/figure>\n","protected":false},"excerpt":{"rendered":"<p>Ju\u017c w sobot\u0119, 17 czerwca na torze w Cz\u0119stochowie odb\u0119dzie si\u0119 pierwsza z czterech rund SEC czyli Indywidualnych Mistrzostw Europy na \u017cu\u017clu. Pojedzie a\u017c<\/p>\n","protected":false},"author":15,"featured_media":107168,"comment_status":"closed","ping_status":"open","sticky":false,"template":"","format":"standard","meta":{"_monsterinsights_skip_tracking":false,"_monsterinsights_sitenote_active":false,"_monsterinsights_sitenote_note":"","_monsterinsights_sitenote_category":0,"_uf_show_specific_survey":0,"_uf_disable_surveys":false,"footnotes":""},"categories":[94,5,7],"tags":[],"class_list":["post-108147","post","type-post","status-publish","format-standard","has-post-thumbnail","hentry","category-polecane","category-sport","category-zuzel"],"_links":{"self":[{"href":"https:\/\/gazetaregionalna.com\/index.php?rest_route=\/wp\/v2\/posts\/108147","targetHints":{"allow":["GET"]}}],"collection":[{"href":"https:\/\/gazetaregionalna.com\/index.php?rest_route=\/wp\/v2\/posts"}],"about":[{"href":"https:\/\/gazetaregionalna.com\/index.php?rest_route=\/wp\/v2\/types\/post"}],"author":[{"embeddable":true,"href":"https:\/\/gazetaregionalna.com\/index.php?rest_route=\/wp\/v2\/users\/15"}],"replies":[{"embeddable":true,"href":"https:\/\/gazetaregionalna.com\/index.php?rest_route=%2Fwp%2Fv2%2Fcomments&post=108147"}],"version-history":[{"count":1,"href":"https:\/\/gazetaregionalna.com\/index.php?rest_route=\/wp\/v2\/posts\/108147\/revisions"}],"predecessor-version":[{"id":108148,"href":"https:\/\/gazetaregionalna.com\/index.php?rest_route=\/wp\/v2\/posts\/108147\/revisions\/108148"}],"wp:featuredmedia":[{"embeddable":true,"href":"https:\/\/gazetaregionalna.com\/index.php?rest_route=\/wp\/v2\/media\/107168"}],"wp:attachment":[{"href":"https:\/\/gazetaregionalna.com\/index.php?rest_route=%2Fwp%2Fv2%2Fmedia&parent=108147"}],"wp:term":[{"taxonomy":"category","embeddable":true,"href":"https:\/\/gazetaregionalna.com\/index.php?rest_route=%2Fwp%2Fv2%2Fcategories&post=108147"},{"taxonomy":"post_tag","embeddable":true,"href":"https:\/\/gazetaregionalna.com\/index.php?rest_route=%2Fwp%2Fv2%2Ftags&post=108147"}],"curies":[{"name":"wp","href":"https:\/\/api.w.org\/{rel}","templated":true}]}}