{"id":108145,"date":"2023-06-13T19:47:26","date_gmt":"2023-06-13T19:47:26","guid":{"rendered":"https:\/\/gazetaregionalna.com\/?p=108145"},"modified":"2023-06-13T19:47:27","modified_gmt":"2023-06-13T19:47:27","slug":"cellfast-wilki-krosno-i-tauron-wlokniarz-podali-awizowane-sklady-na-piatkowy-mecz","status":"publish","type":"post","link":"https:\/\/gazetaregionalna.com\/?p=108145","title":{"rendered":"Cellfast Wilki Krosno i Tauron W\u0142\u00f3kniarz podali awizowane sk\u0142ady na pi\u0105tkowy mecz"},"content":{"rendered":"\n<p>W pi\u0105tek \u017cu\u017clowcy Tauron W\u0142\u00f3kniarz Cz\u0119stochowa powalcz\u0105 na wyje\u017adzie z Cellfast Wilki Krosno. Cz\u0119stochowianie mierz\u0105 w 3 punkty.<\/p>\n\n\n\n<p>We wtorek obie ekipy poda\u0142y awizowane sk\u0142ady na ten mecz.<\/p>\n\n\n\n<p>MR-K, fot: AK<\/p>\n\n\n\n<p>Cellfast Wilki Krosno:<\/p>\n\n\n\n<ol class=\"wp-block-list\" start=\"9\"><li>Andrzej Lebiediev<\/li><li>Krzysztof Kasprzak<\/li><li>Mateusz \u015awidnicki<\/li><li>Vaclav Milik<\/li><li>Jason Doyle<\/li><li>Krzysztof Sadurski<\/li><li>Mi\u0142osz Grygolec<\/li><\/ol>\n\n\n\n<p>Tauron W\u0142\u00f3kniarz Cz\u0119stochowa<\/p>\n\n\n\n<p>1. Leon Madsen<\/p>\n\n\n\n<p>2. Maksym Drabik<\/p>\n\n\n\n<p>3. Kacper Woryna<\/p>\n\n\n\n<p>4. Jakub Mi\u015bkowiak<\/p>\n\n\n\n<p>5. Mikkel Michelsen<\/p>\n\n\n\n<p>6. Franciszek Karczewski<\/p>\n\n\n\n<p>7. Kajetan Kupiec<\/p>\n\n\n\n<figure class=\"wp-block-image size-large\"><img decoding=\"async\" width=\"1024\" height=\"683\" data-src=\"https:\/\/gazetaregionalna.com\/wp-content\/uploads\/2023\/05\/Wlokniarz-Krosno-14-2-1024x683.jpg\" alt=\"\" class=\"wp-image-106616 lazyload\" data-srcset=\"https:\/\/gazetaregionalna.com\/wp-content\/uploads\/2023\/05\/Wlokniarz-Krosno-14-2-1024x683.jpg 1024w, https:\/\/gazetaregionalna.com\/wp-content\/uploads\/2023\/05\/Wlokniarz-Krosno-14-2-300x200.jpg 300w, https:\/\/gazetaregionalna.com\/wp-content\/uploads\/2023\/05\/Wlokniarz-Krosno-14-2-768x512.jpg 768w, https:\/\/gazetaregionalna.com\/wp-content\/uploads\/2023\/05\/Wlokniarz-Krosno-14-2-1536x1025.jpg 1536w, https:\/\/gazetaregionalna.com\/wp-content\/uploads\/2023\/05\/Wlokniarz-Krosno-14-2-696x464.jpg 696w, https:\/\/gazetaregionalna.com\/wp-content\/uploads\/2023\/05\/Wlokniarz-Krosno-14-2-1068x712.jpg 1068w, https:\/\/gazetaregionalna.com\/wp-content\/uploads\/2023\/05\/Wlokniarz-Krosno-14-2-1920x1281.jpg 1920w, https:\/\/gazetaregionalna.com\/wp-content\/uploads\/2023\/05\/Wlokniarz-Krosno-14-2-630x420.jpg 630w, https:\/\/gazetaregionalna.com\/wp-content\/uploads\/2023\/05\/Wlokniarz-Krosno-14-2-scaled.jpg 1600w\" data-sizes=\"(max-width: 1024px) 100vw, 1024px\" src=\"data:image\/svg+xml;base64,PHN2ZyB3aWR0aD0iMSIgaGVpZ2h0PSIxIiB4bWxucz0iaHR0cDovL3d3dy53My5vcmcvMjAwMC9zdmciPjwvc3ZnPg==\" style=\"--smush-placeholder-width: 1024px; --smush-placeholder-aspect-ratio: 1024\/683;\" \/><\/figure>\n\n\n\n<figure class=\"wp-block-image size-large\"><img decoding=\"async\" width=\"1024\" height=\"683\" data-src=\"https:\/\/gazetaregionalna.com\/wp-content\/uploads\/2023\/05\/Wlokniarz-Krosno-12-2-1024x683.jpg\" alt=\"\" class=\"wp-image-106615 lazyload\" data-srcset=\"https:\/\/gazetaregionalna.com\/wp-content\/uploads\/2023\/05\/Wlokniarz-Krosno-12-2-1024x683.jpg 1024w, https:\/\/gazetaregionalna.com\/wp-content\/uploads\/2023\/05\/Wlokniarz-Krosno-12-2-300x200.jpg 300w, https:\/\/gazetaregionalna.com\/wp-content\/uploads\/2023\/05\/Wlokniarz-Krosno-12-2-768x512.jpg 768w, https:\/\/gazetaregionalna.com\/wp-content\/uploads\/2023\/05\/Wlokniarz-Krosno-12-2-1536x1025.jpg 1536w, https:\/\/gazetaregionalna.com\/wp-content\/uploads\/2023\/05\/Wlokniarz-Krosno-12-2-696x464.jpg 696w, https:\/\/gazetaregionalna.com\/wp-content\/uploads\/2023\/05\/Wlokniarz-Krosno-12-2-1068x712.jpg 1068w, https:\/\/gazetaregionalna.com\/wp-content\/uploads\/2023\/05\/Wlokniarz-Krosno-12-2-1920x1281.jpg 1920w, https:\/\/gazetaregionalna.com\/wp-content\/uploads\/2023\/05\/Wlokniarz-Krosno-12-2-630x420.jpg 630w, https:\/\/gazetaregionalna.com\/wp-content\/uploads\/2023\/05\/Wlokniarz-Krosno-12-2-scaled.jpg 1600w\" data-sizes=\"(max-width: 1024px) 100vw, 1024px\" src=\"data:image\/svg+xml;base64,PHN2ZyB3aWR0aD0iMSIgaGVpZ2h0PSIxIiB4bWxucz0iaHR0cDovL3d3dy53My5vcmcvMjAwMC9zdmciPjwvc3ZnPg==\" style=\"--smush-placeholder-width: 1024px; --smush-placeholder-aspect-ratio: 1024\/683;\" \/><\/figure>\n\n\n\n<figure class=\"wp-block-image size-large\"><img decoding=\"async\" width=\"1024\" height=\"683\" data-src=\"https:\/\/gazetaregionalna.com\/wp-content\/uploads\/2023\/05\/Wlokniarz-Krosno-15-2-1024x683.jpg\" alt=\"\" class=\"wp-image-106617 lazyload\" data-srcset=\"https:\/\/gazetaregionalna.com\/wp-content\/uploads\/2023\/05\/Wlokniarz-Krosno-15-2-1024x683.jpg 1024w, https:\/\/gazetaregionalna.com\/wp-content\/uploads\/2023\/05\/Wlokniarz-Krosno-15-2-300x200.jpg 300w, https:\/\/gazetaregionalna.com\/wp-content\/uploads\/2023\/05\/Wlokniarz-Krosno-15-2-768x512.jpg 768w, https:\/\/gazetaregionalna.com\/wp-content\/uploads\/2023\/05\/Wlokniarz-Krosno-15-2-1536x1024.jpg 1536w, https:\/\/gazetaregionalna.com\/wp-content\/uploads\/2023\/05\/Wlokniarz-Krosno-15-2-696x464.jpg 696w, https:\/\/gazetaregionalna.com\/wp-content\/uploads\/2023\/05\/Wlokniarz-Krosno-15-2-1068x712.jpg 1068w, https:\/\/gazetaregionalna.com\/wp-content\/uploads\/2023\/05\/Wlokniarz-Krosno-15-2-1920x1280.jpg 1920w, https:\/\/gazetaregionalna.com\/wp-content\/uploads\/2023\/05\/Wlokniarz-Krosno-15-2-630x420.jpg 630w, https:\/\/gazetaregionalna.com\/wp-content\/uploads\/2023\/05\/Wlokniarz-Krosno-15-2-scaled.jpg 1600w\" data-sizes=\"(max-width: 1024px) 100vw, 1024px\" src=\"data:image\/svg+xml;base64,PHN2ZyB3aWR0aD0iMSIgaGVpZ2h0PSIxIiB4bWxucz0iaHR0cDovL3d3dy53My5vcmcvMjAwMC9zdmciPjwvc3ZnPg==\" style=\"--smush-placeholder-width: 1024px; --smush-placeholder-aspect-ratio: 1024\/683;\" \/><\/figure>\n\n\n\n<figure class=\"wp-block-image size-large\"><img decoding=\"async\" width=\"300\" height=\"250\" data-src=\"https:\/\/gazetaregionalna.com\/wp-content\/uploads\/2022\/10\/DMK11.jpg\" alt=\"\" class=\"wp-image-95727 lazyload\" src=\"data:image\/svg+xml;base64,PHN2ZyB3aWR0aD0iMSIgaGVpZ2h0PSIxIiB4bWxucz0iaHR0cDovL3d3dy53My5vcmcvMjAwMC9zdmciPjwvc3ZnPg==\" style=\"--smush-placeholder-width: 300px; --smush-placeholder-aspect-ratio: 300\/250;\"><\/figure>\n","protected":false},"excerpt":{"rendered":"<p>W pi\u0105tek \u017cu\u017clowcy Tauron W\u0142\u00f3kniarz Cz\u0119stochowa powalcz\u0105 na wyje\u017adzie z Cellfast Wilki Krosno. Cz\u0119stochowianie mierz\u0105 w 3 punkty. We wtorek obie ekipy poda\u0142y awizowane<\/p>\n","protected":false},"author":15,"featured_media":106616,"comment_status":"closed","ping_status":"open","sticky":false,"template":"","format":"standard","meta":{"_monsterinsights_skip_tracking":false,"_monsterinsights_sitenote_active":false,"_monsterinsights_sitenote_note":"","_monsterinsights_sitenote_category":0,"_uf_show_specific_survey":0,"_uf_disable_surveys":false,"footnotes":""},"categories":[5,7],"tags":[],"class_list":["post-108145","post","type-post","status-publish","format-standard","has-post-thumbnail","hentry","category-sport","category-zuzel"],"_links":{"self":[{"href":"https:\/\/gazetaregionalna.com\/index.php?rest_route=\/wp\/v2\/posts\/108145","targetHints":{"allow":["GET"]}}],"collection":[{"href":"https:\/\/gazetaregionalna.com\/index.php?rest_route=\/wp\/v2\/posts"}],"about":[{"href":"https:\/\/gazetaregionalna.com\/index.php?rest_route=\/wp\/v2\/types\/post"}],"author":[{"embeddable":true,"href":"https:\/\/gazetaregionalna.com\/index.php?rest_route=\/wp\/v2\/users\/15"}],"replies":[{"embeddable":true,"href":"https:\/\/gazetaregionalna.com\/index.php?rest_route=%2Fwp%2Fv2%2Fcomments&post=108145"}],"version-history":[{"count":1,"href":"https:\/\/gazetaregionalna.com\/index.php?rest_route=\/wp\/v2\/posts\/108145\/revisions"}],"predecessor-version":[{"id":108146,"href":"https:\/\/gazetaregionalna.com\/index.php?rest_route=\/wp\/v2\/posts\/108145\/revisions\/108146"}],"wp:featuredmedia":[{"embeddable":true,"href":"https:\/\/gazetaregionalna.com\/index.php?rest_route=\/wp\/v2\/media\/106616"}],"wp:attachment":[{"href":"https:\/\/gazetaregionalna.com\/index.php?rest_route=%2Fwp%2Fv2%2Fmedia&parent=108145"}],"wp:term":[{"taxonomy":"category","embeddable":true,"href":"https:\/\/gazetaregionalna.com\/index.php?rest_route=%2Fwp%2Fv2%2Fcategories&post=108145"},{"taxonomy":"post_tag","embeddable":true,"href":"https:\/\/gazetaregionalna.com\/index.php?rest_route=%2Fwp%2Fv2%2Ftags&post=108145"}],"curies":[{"name":"wp","href":"https:\/\/api.w.org\/{rel}","templated":true}]}}