{"id":107286,"date":"2023-05-30T19:59:16","date_gmt":"2023-05-30T19:59:16","guid":{"rendered":"https:\/\/gazetaregionalna.com\/?p=107286"},"modified":"2023-05-30T19:59:17","modified_gmt":"2023-05-30T19:59:17","slug":"zaciety-pojedynek-czestochowskich-zuzlowcow-w-u24-ekstralidze","status":"publish","type":"post","link":"https:\/\/gazetaregionalna.com\/?p=107286","title":{"rendered":"Zaci\u0119ty pojedynek cz\u0119stochowskich \u017cu\u017clowc\u00f3w w U24 Ekstralidze"},"content":{"rendered":"\n<p>\u017bu\u017clowcy U24 W\u0142\u00f3kniarz Cz\u0119stochowa stoczyli we wtorek na swoim obiekcie zaci\u0119ty pojedynek z Duda Development Ciesi\u00f3\u0142ka Auto Group Unia Leszno. Niestety, ale przegrali 44:46.<\/p>\n\n\n\n<p>Spotkanie dobrze rozpocz\u0119li go\u015bcie, kt\u00f3rzy po dw\u00f3ch biegach prowadzili 9:3. Cz\u0119stochowianie starali si\u0119 jednak odrobi\u0107 strat\u0119. Po 9. wy\u015bcigu Unia prowadzi\u0142a tylko 28:26, a przed biegami nominowanymi 40:40.<\/p>\n\n\n\n<p>Pierwszy z bieg\u00f3w nominowanych zako\u0144czy\u0142 si\u0119 remisem i przed ostatnim wy\u015bcigiem dnia Tauron U24 W\u0142\u00f3kniarz przegrywa\u0142 41:43 i m\u00f3g\u0142 jeszcze wygra\u0107 spotkanie. W 15. biegu wygra\u0142 najlepszy zawodnik gospodarzy Michel Cluff, ale Franciszek Karczewski przyjecha\u0142 za plecami leszczynian. Remis oznacza\u0142 zwyci\u0119stwo go\u015bci 46:44.<\/p>\n\n\n\n<p>Po 7 kolejkach Tauron U24 W\u0142\u00f3kniarz ma 5 punkt\u00f3w i zajmuje 6. miejsce w tabeli.<\/p>\n\n\n\n<p>AK, fot: AK<\/p>\n\n\n\n<p><strong>Tauron U24 W\u0142\u00f3kniarz Cz\u0119stochowa &#8211; Duda Development Ciesi\u00f3\u0142ka Auto Group Unia Leszno 44:46<\/strong><\/p>\n\n\n\n<p><strong>Tauron U24 W\u0142\u00f3kniarz:<\/strong> F. Karczewski 8 (2,3,3,d,0), E. Sola 5 (2,0,-,2,1), K. Kupiec 9 (d,3,2,2,2), A. Rozaluk 3 (1,2,0,-), M. Cluff 12 (3,d,3,3,3), B. \u015amigielski 1 (0,1,d), K. Halkiewicz 6 (1,1,1,3,0).<\/p>\n\n\n\n<p><strong>Unia:<\/strong> J. Oleksiak 0 (-,-,w,-), D. Ratajczak 7 (w,3,2,1,1), T.J. Musielak 7 (1,1,2,1,2), M. Brown 2 (0,0,1,1,-), J. Pearson 4 (2,1,1,d,0), A. Mencel 13 (3,3,2,3,2), H. Jab\u0142o\u0144ski 13 (3,2,2,3,3)<\/p>\n\n\n\n<p>Bieg po biegu:<\/p>\n\n\n\n<p>1. Jab\u0142o\u0144ski, Karczewski, Musielak, Kupiec (d) 2:4<\/p>\n\n\n\n<p>2. Mencel, Jab\u0142o\u0144ski, Halkiewicz, \u015amigielski 1:5\/3:9<\/p>\n\n\n\n<p>3. Cluff, Pearson, Rozaluk, Ratajczak (w) 4:2\/7:11<\/p>\n\n\n\n<p>4. Mencel, Sola, \u015amigielski, Brown 3:3\/10:14<\/p>\n\n\n\n<p>5. Kupiec, Rozaluk, Musielak, Brown 5:1\/15:15<\/p>\n\n\n\n<p>6. Ratajczak, Mencel, Halkiewicz, Cluff (d) 1:5\/16:20<\/p>\n\n\n\n<p>7. Karczewski, Jab\u0142o\u0144ski, Pearson, Sola 3:3\/19:23<\/p>\n\n\n\n<p>8. Cluff, Musielak, Brown, \u015amigielski (d) 3:3\/22:26<\/p>\n\n\n\n<p>9. Karczewski, Ratajczak, Halkiewicz, Oleksiak (w) 4:2\/26:28<\/p>\n\n\n\n<p>10. Mencel, Kupiec, Pearson, Rozaluk 2:4\/28:32<\/p>\n\n\n\n<p>11. Halkiewicz, Mencel, Brown, Karczewski (d) 3:3\/31:35<\/p>\n\n\n\n<p>12. Jab\u0142o\u0144ski, Kupiec, Ratajczak, Halkiewicz 2:4\/33:39<\/p>\n\n\n\n<p>13. Cluff, Sola, Musielak, Pearson (d) 5:1\/38:40<\/p>\n\n\n\n<p>14. Jab\u0142o\u0144ski, Kupiec, Sola, Pearson 3:3\/41:43<\/p>\n\n\n\n<p>15. Cluff, Musielak, Ratajczak, Karczewski 3:3\/44:46<\/p>\n","protected":false},"excerpt":{"rendered":"<p>\u017bu\u017clowcy U24 W\u0142\u00f3kniarz Cz\u0119stochowa stoczyli we wtorek na swoim obiekcie zaci\u0119ty pojedynek z Duda Development Ciesi\u00f3\u0142ka Auto Group Unia Leszno. Niestety, ale przegrali 44:46.<\/p>\n","protected":false},"author":15,"featured_media":104676,"comment_status":"closed","ping_status":"open","sticky":false,"template":"","format":"standard","meta":{"_monsterinsights_skip_tracking":false,"_monsterinsights_sitenote_active":false,"_monsterinsights_sitenote_note":"","_monsterinsights_sitenote_category":0,"_uf_show_specific_survey":0,"_uf_disable_surveys":false,"footnotes":""},"categories":[5,7],"tags":[],"class_list":["post-107286","post","type-post","status-publish","format-standard","has-post-thumbnail","hentry","category-sport","category-zuzel"],"_links":{"self":[{"href":"https:\/\/gazetaregionalna.com\/index.php?rest_route=\/wp\/v2\/posts\/107286","targetHints":{"allow":["GET"]}}],"collection":[{"href":"https:\/\/gazetaregionalna.com\/index.php?rest_route=\/wp\/v2\/posts"}],"about":[{"href":"https:\/\/gazetaregionalna.com\/index.php?rest_route=\/wp\/v2\/types\/post"}],"author":[{"embeddable":true,"href":"https:\/\/gazetaregionalna.com\/index.php?rest_route=\/wp\/v2\/users\/15"}],"replies":[{"embeddable":true,"href":"https:\/\/gazetaregionalna.com\/index.php?rest_route=%2Fwp%2Fv2%2Fcomments&post=107286"}],"version-history":[{"count":1,"href":"https:\/\/gazetaregionalna.com\/index.php?rest_route=\/wp\/v2\/posts\/107286\/revisions"}],"predecessor-version":[{"id":107287,"href":"https:\/\/gazetaregionalna.com\/index.php?rest_route=\/wp\/v2\/posts\/107286\/revisions\/107287"}],"wp:featuredmedia":[{"embeddable":true,"href":"https:\/\/gazetaregionalna.com\/index.php?rest_route=\/wp\/v2\/media\/104676"}],"wp:attachment":[{"href":"https:\/\/gazetaregionalna.com\/index.php?rest_route=%2Fwp%2Fv2%2Fmedia&parent=107286"}],"wp:term":[{"taxonomy":"category","embeddable":true,"href":"https:\/\/gazetaregionalna.com\/index.php?rest_route=%2Fwp%2Fv2%2Fcategories&post=107286"},{"taxonomy":"post_tag","embeddable":true,"href":"https:\/\/gazetaregionalna.com\/index.php?rest_route=%2Fwp%2Fv2%2Ftags&post=107286"}],"curies":[{"name":"wp","href":"https:\/\/api.w.org\/{rel}","templated":true}]}}