{"id":107266,"date":"2023-05-30T04:43:47","date_gmt":"2023-05-30T04:43:47","guid":{"rendered":"https:\/\/gazetaregionalna.com\/?p=107266"},"modified":"2023-05-30T05:12:47","modified_gmt":"2023-05-30T05:12:47","slug":"smiertelny-wypadek-na-autostradzie-a-1","status":"publish","type":"post","link":"https:\/\/gazetaregionalna.com\/?p=107266","title":{"rendered":"\u015amiertelny wypadek na autostradzie A 1"},"content":{"rendered":"\n<h2 class=\"wp-block-heading\"><strong>Na autostradzie A1, na wysoko\u015bci Blachowni, dosz\u0142o do powa\u017cnego wypadku. 52-letni kierowca zmar\u0142 w szpitalu.<\/strong><\/h2>\n\n\n\n<p>Szczeg\u00f3\u0142y wypadku, do kt\u00f3rego dosz\u0142o w poniedzia\u0142ek 29 maja, b\u0119d\u0105 jeszcze wyja\u015bniane. Ze wst\u0119pnych ustale\u0144 wynika, \u017ce kierowca Fiata Ducato, jad\u0105cy w stron\u0119 Katowic, najecha\u0142 na ty\u0142 naczepy ci\u0105gnika siod\u0142owego. P\u00f3ki co, nie s\u0105 znane s\u0105 przyczyny takiego zachowania kierowcy. Uderzenie w tira, kompletnie zmia\u017cd\u017cy\u0142o szoferk\u0119 samochodu. Kierowc\u0119 uda\u0142o si\u0119 wydosta\u0107 z samochodu, jednak obra\u017cenia cia\u0142a by\u0142y bardzo powa\u017cne i po przewiezieniu do szpitala, m\u0119\u017cczyzna zmar\u0142. Kieruj\u0105cy samochodem dostawczym, to 52-letni mieszkaniec wojew\u00f3dztwa kujawsko-pomorskiego.<\/p>\n\n\n\n<p>Dok\u0142adne przyczyny wypadku b\u0119d\u0105 wyja\u015bniali \u015bledczy z Cz\u0119stochowy. Policjanci ponawiaj\u0105 apel o koncentracj\u0119 i rozwag\u0119 na drodze.<\/p>\n\n\n\n<figure class=\"wp-block-gallery columns-1 is-cropped wp-block-gallery-1 is-layout-flex wp-block-gallery-is-layout-flex\"><ul class=\"blocks-gallery-grid\"><li class=\"blocks-gallery-item\"><figure><img decoding=\"async\" width=\"1024\" height=\"577\" data-src=\"https:\/\/gazetaregionalna.com\/wp-content\/uploads\/2023\/05\/wypadek1-1024x577.jpg\" alt=\"\" data-id=\"107269\" data-full-url=\"https:\/\/gazetaregionalna.com\/wp-content\/uploads\/2023\/05\/wypadek1.jpg\" data-link=\"https:\/\/gazetaregionalna.com\/?attachment_id=107269\" class=\"wp-image-107269 lazyload\" data-srcset=\"https:\/\/gazetaregionalna.com\/wp-content\/uploads\/2023\/05\/wypadek1-1024x577.jpg 1024w, https:\/\/gazetaregionalna.com\/wp-content\/uploads\/2023\/05\/wypadek1-300x169.jpg 300w, https:\/\/gazetaregionalna.com\/wp-content\/uploads\/2023\/05\/wypadek1-768x433.jpg 768w, https:\/\/gazetaregionalna.com\/wp-content\/uploads\/2023\/05\/wypadek1-696x392.jpg 696w, https:\/\/gazetaregionalna.com\/wp-content\/uploads\/2023\/05\/wypadek1-1068x602.jpg 1068w, https:\/\/gazetaregionalna.com\/wp-content\/uploads\/2023\/05\/wypadek1-746x420.jpg 746w, https:\/\/gazetaregionalna.com\/wp-content\/uploads\/2023\/05\/wypadek1.jpg 1200w\" data-sizes=\"(max-width: 1024px) 100vw, 1024px\" src=\"data:image\/svg+xml;base64,PHN2ZyB3aWR0aD0iMSIgaGVpZ2h0PSIxIiB4bWxucz0iaHR0cDovL3d3dy53My5vcmcvMjAwMC9zdmciPjwvc3ZnPg==\" style=\"--smush-placeholder-width: 1024px; --smush-placeholder-aspect-ratio: 1024\/577;\" \/><\/figure><\/li><\/ul><\/figure>\n\n\n\n<figure class=\"wp-block-gallery columns-1 is-cropped wp-block-gallery-2 is-layout-flex wp-block-gallery-is-layout-flex\"><ul class=\"blocks-gallery-grid\"><li class=\"blocks-gallery-item\"><figure><img decoding=\"async\" width=\"1024\" height=\"577\" data-src=\"https:\/\/gazetaregionalna.com\/wp-content\/uploads\/2023\/05\/wypadek2-1024x577.jpg\" alt=\"\" data-id=\"107270\" data-full-url=\"https:\/\/gazetaregionalna.com\/wp-content\/uploads\/2023\/05\/wypadek2.jpg\" data-link=\"https:\/\/gazetaregionalna.com\/?attachment_id=107270\" class=\"wp-image-107270 lazyload\" data-srcset=\"https:\/\/gazetaregionalna.com\/wp-content\/uploads\/2023\/05\/wypadek2-1024x577.jpg 1024w, https:\/\/gazetaregionalna.com\/wp-content\/uploads\/2023\/05\/wypadek2-300x169.jpg 300w, https:\/\/gazetaregionalna.com\/wp-content\/uploads\/2023\/05\/wypadek2-768x433.jpg 768w, https:\/\/gazetaregionalna.com\/wp-content\/uploads\/2023\/05\/wypadek2-696x392.jpg 696w, https:\/\/gazetaregionalna.com\/wp-content\/uploads\/2023\/05\/wypadek2-1068x602.jpg 1068w, https:\/\/gazetaregionalna.com\/wp-content\/uploads\/2023\/05\/wypadek2-746x420.jpg 746w, https:\/\/gazetaregionalna.com\/wp-content\/uploads\/2023\/05\/wypadek2.jpg 1200w\" data-sizes=\"(max-width: 1024px) 100vw, 1024px\" src=\"data:image\/svg+xml;base64,PHN2ZyB3aWR0aD0iMSIgaGVpZ2h0PSIxIiB4bWxucz0iaHR0cDovL3d3dy53My5vcmcvMjAwMC9zdmciPjwvc3ZnPg==\" style=\"--smush-placeholder-width: 1024px; --smush-placeholder-aspect-ratio: 1024\/577;\" \/><\/figure><\/li><\/ul><figcaption class=\"blocks-gallery-caption\">fot. Komenda Miejska Policji w Cz\u0119stochowie<\/figcaption><\/figure>\n","protected":false},"excerpt":{"rendered":"<p>Na autostradzie A1, na wysoko\u015bci Blachowni, dosz\u0142o do powa\u017cnego wypadku. 52-letni kierowca zmar\u0142 w szpitalu. Szczeg\u00f3\u0142y wypadku, do kt\u00f3rego dosz\u0142o w poniedzia\u0142ek 29 maja,<\/p>\n","protected":false},"author":24,"featured_media":107268,"comment_status":"closed","ping_status":"open","sticky":false,"template":"","format":"standard","meta":{"_monsterinsights_skip_tracking":false,"_monsterinsights_sitenote_active":false,"_monsterinsights_sitenote_note":"","_monsterinsights_sitenote_category":0,"_uf_show_specific_survey":0,"_uf_disable_surveys":false,"footnotes":""},"categories":[4,44,3],"tags":[1372,445,7911,1314,704],"class_list":["post-107266","post","type-post","status-publish","format-standard","has-post-thumbnail","hentry","category-region","category-bezpieczenstwo","category-czestochowa-informacje","tag-autostrada-a1","tag-blachownia","tag-bus","tag-smiertelny-wypadek","tag-wypadek"],"_links":{"self":[{"href":"https:\/\/gazetaregionalna.com\/index.php?rest_route=\/wp\/v2\/posts\/107266","targetHints":{"allow":["GET"]}}],"collection":[{"href":"https:\/\/gazetaregionalna.com\/index.php?rest_route=\/wp\/v2\/posts"}],"about":[{"href":"https:\/\/gazetaregionalna.com\/index.php?rest_route=\/wp\/v2\/types\/post"}],"author":[{"embeddable":true,"href":"https:\/\/gazetaregionalna.com\/index.php?rest_route=\/wp\/v2\/users\/24"}],"replies":[{"embeddable":true,"href":"https:\/\/gazetaregionalna.com\/index.php?rest_route=%2Fwp%2Fv2%2Fcomments&post=107266"}],"version-history":[{"count":2,"href":"https:\/\/gazetaregionalna.com\/index.php?rest_route=\/wp\/v2\/posts\/107266\/revisions"}],"predecessor-version":[{"id":107271,"href":"https:\/\/gazetaregionalna.com\/index.php?rest_route=\/wp\/v2\/posts\/107266\/revisions\/107271"}],"wp:featuredmedia":[{"embeddable":true,"href":"https:\/\/gazetaregionalna.com\/index.php?rest_route=\/wp\/v2\/media\/107268"}],"wp:attachment":[{"href":"https:\/\/gazetaregionalna.com\/index.php?rest_route=%2Fwp%2Fv2%2Fmedia&parent=107266"}],"wp:term":[{"taxonomy":"category","embeddable":true,"href":"https:\/\/gazetaregionalna.com\/index.php?rest_route=%2Fwp%2Fv2%2Fcategories&post=107266"},{"taxonomy":"post_tag","embeddable":true,"href":"https:\/\/gazetaregionalna.com\/index.php?rest_route=%2Fwp%2Fv2%2Ftags&post=107266"}],"curies":[{"name":"wp","href":"https:\/\/api.w.org\/{rel}","templated":true}]}}