{"id":10708,"date":"2020-03-11T09:46:40","date_gmt":"2020-03-11T09:46:40","guid":{"rendered":"https:\/\/gazetaregionalna.com\/?p=10708"},"modified":"2020-03-11T10:09:05","modified_gmt":"2020-03-11T10:09:05","slug":"szkoly-uczelnie-kina-i-teatry-zamkniete-na-dwa-tygodnie","status":"publish","type":"post","link":"https:\/\/gazetaregionalna.com\/?p=10708","title":{"rendered":"Szko\u0142y, uczelnie, kina i teatry zamkni\u0119te na dwa tygodnie!!!"},"content":{"rendered":"\n<p> Od jutra wstrzymane  na dwa tygodnie  zaj\u0119cia w szko\u0142ach wszystkich szczebli oraz na uczelniach w ca\u0142ej Polsce. Decyzj\u0119 tak\u0105 podj\u0105\u0142 rz\u0105d.<br> Lekcji nie b\u0119dzie od jutra, ale szko\u0142y zostan\u0105 zamkni\u0119te na sta\u0142e od poniedzia\u0142ku. Przez dwa dni \u2013 w czwartek i pi\u0105tek w plac\u00f3wkach b\u0119d\u0105 dy\u017curowa\u0107 nauczyciele, aby zaj\u0105\u0107 si\u0119 dzie\u0107mi, dla kt\u00f3rych rodzice nie zd\u0105\u017ca od razu znale\u017a\u0107 opiek\u0119.<\/p>\n\n\n\n<p>Zamkni\u0119te b\u0119d\u0105 r\u00f3wnie\u017c przedszkola i \u017c\u0142obki oraz plac\u00f3wki zajmuj\u0105ce si\u0119 opiek\u0105 nad dzie\u0107mi do lat 3.<br> Premier Mateusz Morawiecki w trakcie konferencji prasowej zaapelowa\u0142, aby dzieci nie wychodzi\u0142y z dom\u00f3w. Jak zapewnia\u0142, chodzi o ograniczenie rozprzestrzeniania si\u0119&nbsp;koronawirusa&nbsp;w Polsce. Temu ma&nbsp;s\u0142u\u017cy\u0107 tak\u017ce zamkni\u0119cie kin, muze\u00f3w i teatr\u00f3w.  <\/p>\n\n\n\n<p>Minister zdrowia \u0141ukasz Szumowski zaapelowa\u0142, \u017ceby ci, kt\u00f3rzy teraz nie b\u0119d\u0105 mieli zaj\u0119\u0107 i lekcji najbli\u017csze dwa tygodnie sp\u0119dzili w domach, aby m\u0142odzie\u017c nie wychodzi\u0142a z dom\u00f3w. &#8222;To jest czas naszej kwarantanny&#8221; &#8211; powiedzia\u0142 minister.- B\u0105d\u017amy odpowiedzialni. Z rozs\u0105dkiem sp\u0119d\u017amy ten czas w domach. To nie jest czas dodatkowych ferii&#8221;.<\/p>\n","protected":false},"excerpt":{"rendered":"<p>Od jutra wstrzymane na dwa tygodnie zaj\u0119cia w szko\u0142ach wszystkich szczebli oraz na uczelniach w ca\u0142ej Polsce. Decyzj\u0119 tak\u0105 podj\u0105\u0142 rz\u0105d. Lekcji nie b\u0119dzie<\/p>\n","protected":false},"author":7,"featured_media":10501,"comment_status":"open","ping_status":"open","sticky":false,"template":"","format":"standard","meta":{"_monsterinsights_skip_tracking":false,"_monsterinsights_sitenote_active":false,"_monsterinsights_sitenote_note":"","_monsterinsights_sitenote_category":0,"_uf_show_specific_survey":0,"_uf_disable_surveys":false,"footnotes":""},"categories":[94,2],"tags":[],"class_list":["post-10708","post","type-post","status-publish","format-standard","has-post-thumbnail","hentry","category-polecane","category-wiadomosci"],"_links":{"self":[{"href":"https:\/\/gazetaregionalna.com\/index.php?rest_route=\/wp\/v2\/posts\/10708","targetHints":{"allow":["GET"]}}],"collection":[{"href":"https:\/\/gazetaregionalna.com\/index.php?rest_route=\/wp\/v2\/posts"}],"about":[{"href":"https:\/\/gazetaregionalna.com\/index.php?rest_route=\/wp\/v2\/types\/post"}],"author":[{"embeddable":true,"href":"https:\/\/gazetaregionalna.com\/index.php?rest_route=\/wp\/v2\/users\/7"}],"replies":[{"embeddable":true,"href":"https:\/\/gazetaregionalna.com\/index.php?rest_route=%2Fwp%2Fv2%2Fcomments&post=10708"}],"version-history":[{"count":6,"href":"https:\/\/gazetaregionalna.com\/index.php?rest_route=\/wp\/v2\/posts\/10708\/revisions"}],"predecessor-version":[{"id":10714,"href":"https:\/\/gazetaregionalna.com\/index.php?rest_route=\/wp\/v2\/posts\/10708\/revisions\/10714"}],"wp:featuredmedia":[{"embeddable":true,"href":"https:\/\/gazetaregionalna.com\/index.php?rest_route=\/wp\/v2\/media\/10501"}],"wp:attachment":[{"href":"https:\/\/gazetaregionalna.com\/index.php?rest_route=%2Fwp%2Fv2%2Fmedia&parent=10708"}],"wp:term":[{"taxonomy":"category","embeddable":true,"href":"https:\/\/gazetaregionalna.com\/index.php?rest_route=%2Fwp%2Fv2%2Fcategories&post=10708"},{"taxonomy":"post_tag","embeddable":true,"href":"https:\/\/gazetaregionalna.com\/index.php?rest_route=%2Fwp%2Fv2%2Ftags&post=10708"}],"curies":[{"name":"wp","href":"https:\/\/api.w.org\/{rel}","templated":true}]}}