{"id":10705,"date":"2020-03-11T08:55:37","date_gmt":"2020-03-11T08:55:37","guid":{"rendered":"https:\/\/gazetaregionalna.com\/?p=10705"},"modified":"2020-03-11T08:55:39","modified_gmt":"2020-03-11T08:55:39","slug":"radomsko-odwoluje-wydarzenia-i-imprezy-kulturalne","status":"publish","type":"post","link":"https:\/\/gazetaregionalna.com\/?p=10705","title":{"rendered":"Radomsko odwo\u0142uje wydarzenia i imprezy kulturalne"},"content":{"rendered":"\n<p>Radomsko\njest kolejnym miastem, w kt\u00f3rym z powodu zagro\u017cenia zwi\u0105zanego z\nrozprzestrzenianiem si\u0119&nbsp;koronawirusa&nbsp;odwo\u0142ano\nwiele planowanych na ten miesi\u0105c wydarze\u0144.<br>\nMiasto\nrezygnuje z zaplanowanej na 20 marca wielkiej akcji sprz\u0105tania\nRadomska, kt\u00f3ra mia\u0142a si\u0119 odby\u0107 pod has\u0142em: \u201eRazem sprz\u0105tamy\n\u2013 Radomsko zmieniamy\u201d. Nie odb\u0119dzie si\u0119 r\u00f3wnie\u017c planowany na\n15 marca piknik ekologiczny \u201eEko&nbsp;niedziela\u201d.<br>\nZ\nniekt\u00f3rych imprez rezygnuje r\u00f3wnie\u017c Miejski Dom Kultury w\nRadomsku. Poniewa\u017c sytuacja jest dynamiczne, MDK b\u0119dzie na bie\u017c\u0105co\ninformowa\u0142, jakie wydarzenia wypadaj\u0105 z kalendarza wydarze\u0144\nkulturalnych. Na razie sta\u0142e zaj\u0119cia i seanse w kinie nie zosta\u0142y\nodwo\u0142ane, ale wiadomo ju\u017c, \u017ce dystrybutorzy dw\u00f3ch film\u00f3w, kt\u00f3re\nmia\u0142y by\u0107 pokazywane w radomszcza\u0144skim kinie w marcu, zosta\u0142y\nprze\u0142o\u017cone. Chodzi o obrazy&nbsp;\u201eW&nbsp;lesie\ndzi\u015b nie za\u015bnie nikt\u201d i \u201eSk\u0142odowska\u201d, kt\u00f3re mia\u0142y wej\u015b\u0107\ndo kin w pi\u0105tek 13 marca i w pi\u0105tek 20 marca.<br>\nZgodnie\nz zaleceniami \u0141\u00f3dzkiego Kuratora O\u015bwiaty odwo\u0142ano wszystkie\nwycieczki szkolne, a tak\u017ce wyjazdy do kin czy teatr\u00f3w. Wstrzymano\nr\u00f3wnie\u017c wizyty w szko\u0142ach uczni\u00f3w innych plac\u00f3wek o\u015bwiatowych.\n\n<\/p>\n","protected":false},"excerpt":{"rendered":"<p>Radomsko jest kolejnym miastem, w kt\u00f3rym z powodu zagro\u017cenia zwi\u0105zanego z rozprzestrzenianiem si\u0119&nbsp;koronawirusa&nbsp;odwo\u0142ano wiele planowanych na ten miesi\u0105c wydarze\u0144. Miasto rezygnuje z zaplanowanej na<\/p>\n","protected":false},"author":7,"featured_media":10706,"comment_status":"open","ping_status":"open","sticky":false,"template":"","format":"standard","meta":{"_monsterinsights_skip_tracking":false,"_monsterinsights_sitenote_active":false,"_monsterinsights_sitenote_note":"","_monsterinsights_sitenote_category":0,"_uf_show_specific_survey":0,"_uf_disable_surveys":false,"footnotes":""},"categories":[94,28,2],"tags":[],"class_list":["post-10705","post","type-post","status-publish","format-standard","has-post-thumbnail","hentry","category-polecane","category-radomsko","category-wiadomosci"],"_links":{"self":[{"href":"https:\/\/gazetaregionalna.com\/index.php?rest_route=\/wp\/v2\/posts\/10705","targetHints":{"allow":["GET"]}}],"collection":[{"href":"https:\/\/gazetaregionalna.com\/index.php?rest_route=\/wp\/v2\/posts"}],"about":[{"href":"https:\/\/gazetaregionalna.com\/index.php?rest_route=\/wp\/v2\/types\/post"}],"author":[{"embeddable":true,"href":"https:\/\/gazetaregionalna.com\/index.php?rest_route=\/wp\/v2\/users\/7"}],"replies":[{"embeddable":true,"href":"https:\/\/gazetaregionalna.com\/index.php?rest_route=%2Fwp%2Fv2%2Fcomments&post=10705"}],"version-history":[{"count":1,"href":"https:\/\/gazetaregionalna.com\/index.php?rest_route=\/wp\/v2\/posts\/10705\/revisions"}],"predecessor-version":[{"id":10707,"href":"https:\/\/gazetaregionalna.com\/index.php?rest_route=\/wp\/v2\/posts\/10705\/revisions\/10707"}],"wp:featuredmedia":[{"embeddable":true,"href":"https:\/\/gazetaregionalna.com\/index.php?rest_route=\/wp\/v2\/media\/10706"}],"wp:attachment":[{"href":"https:\/\/gazetaregionalna.com\/index.php?rest_route=%2Fwp%2Fv2%2Fmedia&parent=10705"}],"wp:term":[{"taxonomy":"category","embeddable":true,"href":"https:\/\/gazetaregionalna.com\/index.php?rest_route=%2Fwp%2Fv2%2Fcategories&post=10705"},{"taxonomy":"post_tag","embeddable":true,"href":"https:\/\/gazetaregionalna.com\/index.php?rest_route=%2Fwp%2Fv2%2Ftags&post=10705"}],"curies":[{"name":"wp","href":"https:\/\/api.w.org\/{rel}","templated":true}]}}