{"id":10700,"date":"2020-03-11T08:01:42","date_gmt":"2020-03-11T08:01:42","guid":{"rendered":"https:\/\/gazetaregionalna.com\/?p=10700"},"modified":"2020-03-11T08:01:43","modified_gmt":"2020-03-11T08:01:43","slug":"ratownicy-poszukiwani","status":"publish","type":"post","link":"https:\/\/gazetaregionalna.com\/?p=10700","title":{"rendered":"Ratownicy poszukiwani"},"content":{"rendered":"\n<p>\nStowarzyszenie\nSztab Ratownictwa i \u0141\u0105czno\u015bci w Cz\u0119stochowie og\u0142asza pierwsz\u0105 w\ntym roku wiosenn\u0105 rekrutacj\u0119 wolontariuszy na\nratownik\u00f3w&nbsp;RESCUE&nbsp;TEAM.<br>\nOferta\njest skierowana do uczni\u00f3w i student\u00f3w, na przyk\u0142ad kierunku\nmedycznego, ale tak\u017ce do os\u00f3b, kt\u00f3re z ratownictwem chc\u0105 zwi\u0105za\u0107\nswoj\u0105 przysz\u0142o\u015b\u0107.<br>\nWymagania\ndotycz\u0105ca kandydat\u00f3w: minimum 16 lat, hobby zwi\u0105zane z\nratownictwem, mile widziane uko\u0144czone kursy i szkolenia (nie s\u0105\nobowi\u0105zkowe), ponadto ch\u0119\u0107 do dzia\u0142ania w wolontariacie,\nsprawno\u015b\u0107 fizyczna. Stowarzyszenie szuka os\u00f3b,\nkt\u00f3rzy lubi\u0105 si\u0119 anga\u017cowa\u0107 w r\u00f3\u017cne projekty, s\u0105 asertywne,\nkomunikatywne, wytrwa\u0142e w dzia\u0142ania, kreatywne\noraz&nbsp;umiej\u0105ce&nbsp;pracowa\u0107\nw grupie.<br>\nStowarzyszenie\njest organizacj\u0105 non-profit, kt\u00f3ra&nbsp;dzia\u0142a\nna zasadach wolontariatu. Jego dzia\u0142ania opieraj\u0105 si\u0119 g\u0142\u00f3wnie na\nkursach i szkoleniach, pokazach, zabezpieczeniach&nbsp;imprez, a\ntak\u017ce&nbsp;szerokiej\npromocji i profilaktyki zdrowia.<br>\nOsoby&nbsp;zainteresowane&nbsp;tematem\nmog\u0105 wype\u0142ni\u0107 formularz, kt\u00f3ry znajduje si\u0119 pod linkiem:\nwww.sztabratownictwa.pl w zak\u0142adce&nbsp;\u201eWolontariat&#8221;&nbsp;lub\nnapisa\u0107 do Stowarzyszenia: sztab@sztabratownictwa.pl.\n\n<\/p>\n","protected":false},"excerpt":{"rendered":"<p>Stowarzyszenie Sztab Ratownictwa i \u0141\u0105czno\u015bci w Cz\u0119stochowie og\u0142asza pierwsz\u0105 w tym roku wiosenn\u0105 rekrutacj\u0119 wolontariuszy na ratownik\u00f3w&nbsp;RESCUE&nbsp;TEAM. Oferta jest skierowana do uczni\u00f3w i student\u00f3w,<\/p>\n","protected":false},"author":7,"featured_media":10701,"comment_status":"open","ping_status":"open","sticky":false,"template":"","format":"standard","meta":{"_monsterinsights_skip_tracking":false,"_monsterinsights_sitenote_active":false,"_monsterinsights_sitenote_note":"","_monsterinsights_sitenote_category":0,"_uf_show_specific_survey":0,"_uf_disable_surveys":false,"footnotes":""},"categories":[94,3,2],"tags":[],"class_list":["post-10700","post","type-post","status-publish","format-standard","has-post-thumbnail","hentry","category-polecane","category-czestochowa-informacje","category-wiadomosci"],"_links":{"self":[{"href":"https:\/\/gazetaregionalna.com\/index.php?rest_route=\/wp\/v2\/posts\/10700","targetHints":{"allow":["GET"]}}],"collection":[{"href":"https:\/\/gazetaregionalna.com\/index.php?rest_route=\/wp\/v2\/posts"}],"about":[{"href":"https:\/\/gazetaregionalna.com\/index.php?rest_route=\/wp\/v2\/types\/post"}],"author":[{"embeddable":true,"href":"https:\/\/gazetaregionalna.com\/index.php?rest_route=\/wp\/v2\/users\/7"}],"replies":[{"embeddable":true,"href":"https:\/\/gazetaregionalna.com\/index.php?rest_route=%2Fwp%2Fv2%2Fcomments&post=10700"}],"version-history":[{"count":1,"href":"https:\/\/gazetaregionalna.com\/index.php?rest_route=\/wp\/v2\/posts\/10700\/revisions"}],"predecessor-version":[{"id":10702,"href":"https:\/\/gazetaregionalna.com\/index.php?rest_route=\/wp\/v2\/posts\/10700\/revisions\/10702"}],"wp:featuredmedia":[{"embeddable":true,"href":"https:\/\/gazetaregionalna.com\/index.php?rest_route=\/wp\/v2\/media\/10701"}],"wp:attachment":[{"href":"https:\/\/gazetaregionalna.com\/index.php?rest_route=%2Fwp%2Fv2%2Fmedia&parent=10700"}],"wp:term":[{"taxonomy":"category","embeddable":true,"href":"https:\/\/gazetaregionalna.com\/index.php?rest_route=%2Fwp%2Fv2%2Fcategories&post=10700"},{"taxonomy":"post_tag","embeddable":true,"href":"https:\/\/gazetaregionalna.com\/index.php?rest_route=%2Fwp%2Fv2%2Ftags&post=10700"}],"curies":[{"name":"wp","href":"https:\/\/api.w.org\/{rel}","templated":true}]}}