{"id":10696,"date":"2020-03-11T07:10:04","date_gmt":"2020-03-11T07:10:04","guid":{"rendered":"https:\/\/gazetaregionalna.com\/?p=10696"},"modified":"2020-03-11T07:10:06","modified_gmt":"2020-03-11T07:10:06","slug":"pup-w-radomsku-przyjmuje-wnioski-na-podjecie-dzialalnosci-gospodarczej","status":"publish","type":"post","link":"https:\/\/gazetaregionalna.com\/?p=10696","title":{"rendered":"PUP w Radomsku przyjmuje wnioski na podj\u0119cie dzia\u0142alno\u015bci gospodarczej"},"content":{"rendered":"\n<h2 class=\"wp-block-heading\">\nPowiatowy Urz\u0105d Pracy w\nRadomsku og\u0142asza nab\u00f3r wniosk\u00f3w o przyznanie jednorazowych \u015brodk\u00f3w\nna podj\u0119cie dzia\u0142alno\u015bci gospodarczej.<\/h2>\n\n\n\n<p>\nOsoby\nbezrobotne, zarejestrowane w Powiatowym Urz\u0119dzie Pracy w Radomsku\n(lub w filii PUP w Przedborzu), kt\u00f3re s\u0105 zainteresowane\nrozpocz\u0119ciem dzia\u0142alno\u015bci gospodarczej mog\u0105 <br>\nw terminie <strong>od\ndnia 23 do 27 marca 2020 r<\/strong>.\nz\u0142o\u017cy\u0107 wniosek o przyznanie jednorazowych \u015brodk\u00f3w na podj\u0119cie\ndzia\u0142alno\u015bci gospodarczej. \n<\/p>\n\n\n\n<p>\nMaksymalna\nkwota o jak\u0105 mo\u017ce wnioskowa\u0107 osoba bezrobotna w 2020 r. to\n24&nbsp;000,00 z\u0142.<\/p>\n\n\n\n<p> Planowane dotacje realizowane b\u0119d\u0105:<\/p>\n\n\n\n<ol class=\"wp-block-list\"><li> w ramach programu \u201eAktywizacja os\u00f3b m\u0142odych pozostaj\u0105cych bez pracy w powiecie radomszcza\u0144skim (V)&#8221; w ramach Programu Operacyjnego Wiedza Edukacja Rozw\u00f3j &#8211; dla os\u00f3b do 29 roku \u017cycia (kt\u00f3re nie uko\u0144czy\u0142y jeszcze 30 lat); <\/li><li> w ramach programu \u201eAktywizacja os\u00f3b po 29 roku \u017cycia pozostaj\u0105cych bez pracy w powiecie radomszcza\u0144skim (V)&#8221; w ramach Regionalnego Programu Operacyjnego Wojew\u00f3dztwa \u0141\u00f3dzkiego &#8211; dla os\u00f3b po 29 roku \u017cycia (kt\u00f3re uko\u0144czy\u0142y 30 lat), znajduj\u0105cych si\u0119 w szczeg\u00f3lnie trudnej sytuacji na rynku pracy, tj.: <\/li><\/ol>\n\n\n\n<ul class=\"wp-block-list\"><li>\n\tosoby\n\tpo 50 roku \u017cycia;\n\t<\/li><li>\n\tkobiety;\n\t<\/li><li>\n\tosoby\n\tniepe\u0142nosprawne;\n\t<\/li><li>\n\tosoby\n\to niskich kwalifikacjach \u2013 tj. do wykszta\u0142cenia \u015bredniego\n\tobejmuj\u0105cego liceum og\u00f3lnokszta\u0142c\u0105ce, liceum profilowane,\n\ttechnikum, uzupe\u0142niaj\u0105ce liceum og\u00f3lnokszta\u0142c\u0105ce, technikum\n\tuzupe\u0142niaj\u0105ce, zasadnicza szko\u0142a zawodowa. Poziom uzyskanego\n\twykszta\u0142cenia jest okre\u015blany w dniu rozpocz\u0119cia uczestnictwa w\n\tprojekcie;\n\t<\/li><li>\n\tosoby\n\td\u0142ugotrwale  bezrobotne- osoby, kt\u00f3re nie by\u0142y zatrudnione, nie\n\tprowadzi\u0142y dzia\u0142alno\u015bci gospodarczej, nie wykonywa\u0142y innej pracy\n\tzarobkowej oraz nie studiowa\u0142y w trybie stacjonarnym w okresie\n\tostatnich 12 miesi\u0119cy od dnia przyst\u0105pienia do projektu.\n<\/li><\/ul>\n\n\n\n<p>\n<strong>Nale\u017cy\npami\u0119ta\u0107, i\u017c przyznanie wsparcia osobie bezrobotnej powinno\nwynika\u0107 z za\u0142o\u017ce\u0144 Indywidualnego Planu Dzia\u0142ania.<\/strong><\/p>\n\n\n\n<p>Osoby\nbezrobotne zainteresowane z\u0142o\u017ceniem wniosku o jednorazowe \u015brodki\nna rozpocz\u0119cie dzia\u0142alno\u015bci gospodarczej mog\u0105 wzi\u0105\u0107 udzia\u0142 w\nzaj\u0119ciach nt. wype\u0142niania wniosku <br>\no przyznanie\njednorazowych \u015brodk\u00f3w na podj\u0119cie dzia\u0142alno\u015bci gospodarczej.\n\n<\/p>\n\n\n\n<p><strong>Spotkania\nodb\u0119d\u0105 si\u0119 w dniach:<\/strong><\/p>\n\n\n\n<p><strong>&#8211;\n19.03.2020 r. (czwartek) o godzinie 11:00, <\/strong>\n<\/p>\n\n\n\n<p><strong>&#8211;\n24.03.2020 r. (wtorek) o godzinie 09:00,<\/strong><\/p>\n\n\n\n<p><strong>&#8211;\n25.03.2020 r. (\u015broda) o godzinie 09:00.<\/strong><\/p>\n\n\n\n<p>Zapisy\nna zaj\u0119cia b\u0119d\u0105 przyjmowane u doradc\u00f3w klienta indywidualnego.<\/p>\n\n\n\n<p>Regulamin\noraz aktualne wnioski dost\u0119pne s\u0105 w siedzibie Urz\u0119du oraz na\nstronie internetowej <a href=\"http:\/\/www.radomsko.praca.gov.pl\/\" target=\"_blank\" rel=\"noopener\">www.radomsko.praca.gov.pl<\/a>\nw dokumentach do pobrania w zak\u0142adce Dla Bezrobotnych          i\nposzukuj\u0105cych pracy. Szczeg\u00f3\u0142owe informacje mo\u017cna r\u00f3wnie\u017c\nuzyska\u0107 w Powiatowym Urz\u0119dzie Pracy w Radomsku w pok. nr 26 oraz\npod nr tel.: <strong>44 683 73 56 do 58<\/strong> wew. <strong>38.<\/strong><\/p>\n","protected":false},"excerpt":{"rendered":"<p>Powiatowy Urz\u0105d Pracy w Radomsku og\u0142asza nab\u00f3r wniosk\u00f3w o przyznanie jednorazowych \u015brodk\u00f3w na podj\u0119cie dzia\u0142alno\u015bci gospodarczej. Osoby bezrobotne, zarejestrowane w Powiatowym Urz\u0119dzie Pracy w<\/p>\n","protected":false},"author":7,"featured_media":10697,"comment_status":"open","ping_status":"open","sticky":false,"template":"","format":"standard","meta":{"_monsterinsights_skip_tracking":false,"_monsterinsights_sitenote_active":false,"_monsterinsights_sitenote_note":"","_monsterinsights_sitenote_category":0,"_uf_show_specific_survey":0,"_uf_disable_surveys":false,"footnotes":""},"categories":[43,94,28,2],"tags":[],"class_list":["post-10696","post","type-post","status-publish","format-standard","has-post-thumbnail","hentry","category-biznes","category-polecane","category-radomsko","category-wiadomosci"],"_links":{"self":[{"href":"https:\/\/gazetaregionalna.com\/index.php?rest_route=\/wp\/v2\/posts\/10696","targetHints":{"allow":["GET"]}}],"collection":[{"href":"https:\/\/gazetaregionalna.com\/index.php?rest_route=\/wp\/v2\/posts"}],"about":[{"href":"https:\/\/gazetaregionalna.com\/index.php?rest_route=\/wp\/v2\/types\/post"}],"author":[{"embeddable":true,"href":"https:\/\/gazetaregionalna.com\/index.php?rest_route=\/wp\/v2\/users\/7"}],"replies":[{"embeddable":true,"href":"https:\/\/gazetaregionalna.com\/index.php?rest_route=%2Fwp%2Fv2%2Fcomments&post=10696"}],"version-history":[{"count":1,"href":"https:\/\/gazetaregionalna.com\/index.php?rest_route=\/wp\/v2\/posts\/10696\/revisions"}],"predecessor-version":[{"id":10698,"href":"https:\/\/gazetaregionalna.com\/index.php?rest_route=\/wp\/v2\/posts\/10696\/revisions\/10698"}],"wp:featuredmedia":[{"embeddable":true,"href":"https:\/\/gazetaregionalna.com\/index.php?rest_route=\/wp\/v2\/media\/10697"}],"wp:attachment":[{"href":"https:\/\/gazetaregionalna.com\/index.php?rest_route=%2Fwp%2Fv2%2Fmedia&parent=10696"}],"wp:term":[{"taxonomy":"category","embeddable":true,"href":"https:\/\/gazetaregionalna.com\/index.php?rest_route=%2Fwp%2Fv2%2Fcategories&post=10696"},{"taxonomy":"post_tag","embeddable":true,"href":"https:\/\/gazetaregionalna.com\/index.php?rest_route=%2Fwp%2Fv2%2Ftags&post=10696"}],"curies":[{"name":"wp","href":"https:\/\/api.w.org\/{rel}","templated":true}]}}