{"id":106579,"date":"2023-05-18T19:08:03","date_gmt":"2023-05-18T19:08:03","guid":{"rendered":"https:\/\/gazetaregionalna.com\/?p=106579"},"modified":"2023-05-18T19:08:27","modified_gmt":"2023-05-18T19:08:27","slug":"w-czestochowie-juniorzy-scigali-sie-w-mdmp","status":"publish","type":"post","link":"https:\/\/gazetaregionalna.com\/?p=106579","title":{"rendered":"W Cz\u0119stochowie juniorzy \u015bcigali si\u0119 w MDMP"},"content":{"rendered":"\n<p>W czwartek na torze w Cz\u0119stochowie odby\u0142a si\u0119 runda M\u0142odzie\u017cowych Dru\u017cynowych Mistrzostw Polski. Wygrali m\u0142odzie\u017cowcy W\u0142\u00f3kniarza Cz\u0119stochowa.<\/p>\n\n\n\n<p>1. runda MDMP by\u0142a zaplanowana w Cz\u0119stochowie na \u015brod\u0119, a 2. runda na czwartek. W \u015brod\u0119 opady deszczu zmusi\u0142y organizator\u00f3w do odwo\u0142ania zawod\u00f3w. W czwartek deszcz te\u017c przeszkodzi\u0142, ale po 15. biegach wyniki zosta\u0142y zaliczone.<\/p>\n\n\n\n<p>Wygrali \u017cu\u017clowcy W\u0142\u00f3kniarza. Na drugim miejscu uplasowa\u0142 si\u0119 ROW Rybnik, a na trzeci WTS Sparta Wroc\u0142aw. Ostatnie miejsce zaj\u0119li juniorzy Kolejarza Opole.<\/p>\n\n\n\n<p>AK, fot: AK<\/p>\n\n\n\n<p>Wyniki:<\/p>\n\n\n\n<p>1. W\u0142\u00f3kniarz Cz\u0119stochowa 27: F. Karczewski 3 (3,d,t), K. Halkiewicz 10 (2,3,2,3), K. Kupiec 9 (2,2,2,3), S. Ludwiczak 5 (d,2,w,3).<\/p>\n\n\n\n<p>2. ROW Rybnik 24: P. Trze\u015bniewski 8 (2,3,3,w), K. Tkocz 6 (3,d,3,w), K. Winkler 7 (2,2,1,2), L. Chlebowski 3 (1,2,-,0), S. Grabarczyk 0 (d).<\/p>\n\n\n\n<p>3. WTS Sparta Wroc\u0142aw 22: B. Kowalski 9 (3,3,3), J. Wiatrowski 6 (1,0,3,2), D. Rybak \u2013 0 (d,-,-,-), K. Andrzejewski 7 (3,u,2,2).<\/p>\n\n\n\n<p>4. OK Bedmet Kolejarz Opole 12: O. St\u0119pie\u0144 4 (1,1,2), K. Linek-Rekus 3 (w,3,w,t), J. Fabisz 3 (d,1,1,1), J. Oleksiak 2 (w,t,1,1).<\/p>\n\n\n\n<p>Bieg po biegu:<\/p>\n\n\n\n<p>1. Andrzejewski, Trze\u015bniewski, Linek-Rekus (w), Ludwiczak (d)<\/p>\n\n\n\n<p>2. Tkocz, Kupiec, St\u0119pie\u0144, Rybak (d)<\/p>\n\n\n\n<p>3. Kowalski, Halkiewicz, Chlebowski, Fabisz (d)<\/p>\n\n\n\n<p>4. Karczewski, Winkler, Wiatrowski, Oleksiak (w)<\/p>\n\n\n\n<p>5. Kowalski, Ludwiczak, Oleksiak (t), Tkocz (d\/2)<\/p>\n\n\n\n<p>6. Trze\u015bniewski, Kupiec, Fabisz, Wiatrowski<\/p>\n\n\n\n<p>7. Halkiewicz, Winkler, St\u0119pie\u0144, Andrzejewski (u)<\/p>\n\n\n\n<p>8. Linek-Rekus, Chlebowski, Karczewski (d), Rybak<\/p>\n\n\n\n<p>9. Wiatrowski, St\u0119pie\u0144, Grabarczyk (d\/3), Ludwiczak<\/p>\n\n\n\n<p>10. Kowalski, Kupiec, Winkler, Linek-Rekus (w)<\/p>\n\n\n\n<p>11. Trze\u015bniewski, Halkiewicz, Oleksiak, Rybak (ns)<\/p>\n\n\n\n<p>12. Tkocz, Andrzejewski, Fabisz, Karczewski (t)<\/p>\n\n\n\n<p>13. Kupiec, Andrzejewski, Oleksiak, Chlebowski<\/p>\n\n\n\n<p>14. Ludwiczak, Winkler, Fabisz, Rybak (ns)<\/p>\n\n\n\n<p>15. Halkiewicz, Wiatrowski, Linek-Rekus (t), Tkocz (w)<\/p>\n\n\n\n<figure class=\"wp-block-image size-large\"><img decoding=\"async\" width=\"1024\" height=\"683\" data-src=\"https:\/\/gazetaregionalna.com\/wp-content\/uploads\/2023\/04\/U24-Wlokniarz-21-2-1024x683.jpg\" alt=\"\" class=\"wp-image-104686 lazyload\" data-srcset=\"https:\/\/gazetaregionalna.com\/wp-content\/uploads\/2023\/04\/U24-Wlokniarz-21-2-1024x683.jpg 1024w, https:\/\/gazetaregionalna.com\/wp-content\/uploads\/2023\/04\/U24-Wlokniarz-21-2-300x200.jpg 300w, https:\/\/gazetaregionalna.com\/wp-content\/uploads\/2023\/04\/U24-Wlokniarz-21-2-768x512.jpg 768w, https:\/\/gazetaregionalna.com\/wp-content\/uploads\/2023\/04\/U24-Wlokniarz-21-2-1536x1024.jpg 1536w, https:\/\/gazetaregionalna.com\/wp-content\/uploads\/2023\/04\/U24-Wlokniarz-21-2-696x464.jpg 696w, https:\/\/gazetaregionalna.com\/wp-content\/uploads\/2023\/04\/U24-Wlokniarz-21-2-1068x712.jpg 1068w, https:\/\/gazetaregionalna.com\/wp-content\/uploads\/2023\/04\/U24-Wlokniarz-21-2-1920x1280.jpg 1920w, https:\/\/gazetaregionalna.com\/wp-content\/uploads\/2023\/04\/U24-Wlokniarz-21-2-630x420.jpg 630w, https:\/\/gazetaregionalna.com\/wp-content\/uploads\/2023\/04\/U24-Wlokniarz-21-2-scaled.jpg 1600w\" data-sizes=\"(max-width: 1024px) 100vw, 1024px\" src=\"data:image\/svg+xml;base64,PHN2ZyB3aWR0aD0iMSIgaGVpZ2h0PSIxIiB4bWxucz0iaHR0cDovL3d3dy53My5vcmcvMjAwMC9zdmciPjwvc3ZnPg==\" style=\"--smush-placeholder-width: 1024px; --smush-placeholder-aspect-ratio: 1024\/683;\" \/><\/figure>\n\n\n\n<figure class=\"wp-block-image size-large\"><img decoding=\"async\" width=\"300\" height=\"250\" data-src=\"https:\/\/gazetaregionalna.com\/wp-content\/uploads\/2022\/04\/DMK-8.jpg\" alt=\"\" class=\"wp-image-77215 lazyload\" src=\"data:image\/svg+xml;base64,PHN2ZyB3aWR0aD0iMSIgaGVpZ2h0PSIxIiB4bWxucz0iaHR0cDovL3d3dy53My5vcmcvMjAwMC9zdmciPjwvc3ZnPg==\" style=\"--smush-placeholder-width: 300px; --smush-placeholder-aspect-ratio: 300\/250;\"><\/figure>\n","protected":false},"excerpt":{"rendered":"<p>W czwartek na torze w Cz\u0119stochowie odby\u0142a si\u0119 runda M\u0142odzie\u017cowych Dru\u017cynowych Mistrzostw Polski. Wygrali m\u0142odzie\u017cowcy W\u0142\u00f3kniarza Cz\u0119stochowa. 1. runda MDMP by\u0142a zaplanowana w Cz\u0119stochowie<\/p>\n","protected":false},"author":15,"featured_media":104686,"comment_status":"closed","ping_status":"open","sticky":false,"template":"","format":"standard","meta":{"_monsterinsights_skip_tracking":false,"_monsterinsights_sitenote_active":false,"_monsterinsights_sitenote_note":"","_monsterinsights_sitenote_category":0,"_uf_show_specific_survey":0,"_uf_disable_surveys":false,"footnotes":""},"categories":[5,7],"tags":[],"class_list":["post-106579","post","type-post","status-publish","format-standard","has-post-thumbnail","hentry","category-sport","category-zuzel"],"_links":{"self":[{"href":"https:\/\/gazetaregionalna.com\/index.php?rest_route=\/wp\/v2\/posts\/106579","targetHints":{"allow":["GET"]}}],"collection":[{"href":"https:\/\/gazetaregionalna.com\/index.php?rest_route=\/wp\/v2\/posts"}],"about":[{"href":"https:\/\/gazetaregionalna.com\/index.php?rest_route=\/wp\/v2\/types\/post"}],"author":[{"embeddable":true,"href":"https:\/\/gazetaregionalna.com\/index.php?rest_route=\/wp\/v2\/users\/15"}],"replies":[{"embeddable":true,"href":"https:\/\/gazetaregionalna.com\/index.php?rest_route=%2Fwp%2Fv2%2Fcomments&post=106579"}],"version-history":[{"count":1,"href":"https:\/\/gazetaregionalna.com\/index.php?rest_route=\/wp\/v2\/posts\/106579\/revisions"}],"predecessor-version":[{"id":106580,"href":"https:\/\/gazetaregionalna.com\/index.php?rest_route=\/wp\/v2\/posts\/106579\/revisions\/106580"}],"wp:featuredmedia":[{"embeddable":true,"href":"https:\/\/gazetaregionalna.com\/index.php?rest_route=\/wp\/v2\/media\/104686"}],"wp:attachment":[{"href":"https:\/\/gazetaregionalna.com\/index.php?rest_route=%2Fwp%2Fv2%2Fmedia&parent=106579"}],"wp:term":[{"taxonomy":"category","embeddable":true,"href":"https:\/\/gazetaregionalna.com\/index.php?rest_route=%2Fwp%2Fv2%2Fcategories&post=106579"},{"taxonomy":"post_tag","embeddable":true,"href":"https:\/\/gazetaregionalna.com\/index.php?rest_route=%2Fwp%2Fv2%2Ftags&post=106579"}],"curies":[{"name":"wp","href":"https:\/\/api.w.org\/{rel}","templated":true}]}}