{"id":10656,"date":"2020-03-09T09:29:42","date_gmt":"2020-03-09T09:29:42","guid":{"rendered":"https:\/\/gazetaregionalna.com\/?p=10656"},"modified":"2020-03-09T11:11:50","modified_gmt":"2020-03-09T11:11:50","slug":"odwolanie-imprez-masowych-prawdopodobne","status":"publish","type":"post","link":"https:\/\/gazetaregionalna.com\/?p=10656","title":{"rendered":"Odwo\u0142anie imprez masowych prawdopodobne"},"content":{"rendered":"\n<p>W zwi\u0105zku z pojawiaj\u0105cymi nowymi przypadkami zara\u017cenia koronawirusem w Polsce, G\u0142\u00f3wny Inspektor Sanitarny rekomenduje, by odwo\u0142a\u0107 imprezy masowe, kt\u00f3re odbywaj\u0105 si\u0119 w zamkni\u0119tych pomieszczeniach, a w kt\u00f3rych udzia\u0142 mo\u017ce wzi\u0105\u0107 ponad tysi\u0105c os\u00f3b. Chodzi na przyk\u0142ad o du\u017ce konferencje, czy te\u017c r\u00f3\u017cnego rodzaju targi.<br> Jak podaje Polska Agencja Prasowa, rz\u0105d rozwa\u017ca wprowadzenie takiego odg\u00f3rnego zakazu urz\u0105dzenia imprez, je\u017celi liczba chorych wzro\u015bnie, a przypadki koronawirusa odnotowane b\u0119d\u0105 w kolejnych regionach Polski.<br> Pytany przez dziennikarzy, rzecznik prasowy rz\u0105du Piotr M\u00fcller, nie wyklucza, \u017ce gdy liczba chorych uro\u015bnie do kilkudziesi\u0119ciu czy kilkuset, zakaz taki dotyczy\u0142by nie tylko imprez odbywaj\u0105cych si\u0119 wewn\u0105trz budynk\u00f3w, ale tak\u017ce organizowanych na zewn\u0105trz. <br> (\u0179r\u00f3d\u0142o: PAP)<\/p>\n","protected":false},"excerpt":{"rendered":"<p>W zwi\u0105zku z pojawiaj\u0105cymi nowymi przypadkami zara\u017cenia koronawirusem w Polsce, G\u0142\u00f3wny Inspektor Sanitarny rekomenduje, by odwo\u0142a\u0107 imprezy masowe, kt\u00f3re odbywaj\u0105 si\u0119 w zamkni\u0119tych pomieszczeniach,<\/p>\n","protected":false},"author":7,"featured_media":10501,"comment_status":"open","ping_status":"open","sticky":false,"template":"","format":"standard","meta":{"_monsterinsights_skip_tracking":false,"_monsterinsights_sitenote_active":false,"_monsterinsights_sitenote_note":"","_monsterinsights_sitenote_category":0,"_uf_show_specific_survey":0,"_uf_disable_surveys":false,"footnotes":""},"categories":[94,2],"tags":[],"class_list":["post-10656","post","type-post","status-publish","format-standard","has-post-thumbnail","hentry","category-polecane","category-wiadomosci"],"_links":{"self":[{"href":"https:\/\/gazetaregionalna.com\/index.php?rest_route=\/wp\/v2\/posts\/10656","targetHints":{"allow":["GET"]}}],"collection":[{"href":"https:\/\/gazetaregionalna.com\/index.php?rest_route=\/wp\/v2\/posts"}],"about":[{"href":"https:\/\/gazetaregionalna.com\/index.php?rest_route=\/wp\/v2\/types\/post"}],"author":[{"embeddable":true,"href":"https:\/\/gazetaregionalna.com\/index.php?rest_route=\/wp\/v2\/users\/7"}],"replies":[{"embeddable":true,"href":"https:\/\/gazetaregionalna.com\/index.php?rest_route=%2Fwp%2Fv2%2Fcomments&post=10656"}],"version-history":[{"count":2,"href":"https:\/\/gazetaregionalna.com\/index.php?rest_route=\/wp\/v2\/posts\/10656\/revisions"}],"predecessor-version":[{"id":10662,"href":"https:\/\/gazetaregionalna.com\/index.php?rest_route=\/wp\/v2\/posts\/10656\/revisions\/10662"}],"wp:featuredmedia":[{"embeddable":true,"href":"https:\/\/gazetaregionalna.com\/index.php?rest_route=\/wp\/v2\/media\/10501"}],"wp:attachment":[{"href":"https:\/\/gazetaregionalna.com\/index.php?rest_route=%2Fwp%2Fv2%2Fmedia&parent=10656"}],"wp:term":[{"taxonomy":"category","embeddable":true,"href":"https:\/\/gazetaregionalna.com\/index.php?rest_route=%2Fwp%2Fv2%2Fcategories&post=10656"},{"taxonomy":"post_tag","embeddable":true,"href":"https:\/\/gazetaregionalna.com\/index.php?rest_route=%2Fwp%2Fv2%2Ftags&post=10656"}],"curies":[{"name":"wp","href":"https:\/\/api.w.org\/{rel}","templated":true}]}}