{"id":106559,"date":"2023-05-18T18:23:47","date_gmt":"2023-05-18T18:23:47","guid":{"rendered":"https:\/\/gazetaregionalna.com\/?p=106559"},"modified":"2023-05-18T18:24:13","modified_gmt":"2023-05-18T18:24:13","slug":"pawel-bilski-rozmowa","status":"publish","type":"post","link":"https:\/\/gazetaregionalna.com\/?p=106559","title":{"rendered":"Pawe\u0142 Bilski: Dla mnie nie ma i nie by\u0142o nigdy rzeczy niemo\u017cliwych [ROZMOWA]"},"content":{"rendered":"\n<h2 class=\"wp-block-heading\">My tylko dajemy narz\u0119dzia do tego, aby osoby z niepe\u0142nosprawno\u015bci\u0105 wzmacnia\u0107. Dzi\u0119ki naszej, ale przede wszystkim swojej pracy i determinacji na co dzie\u0144 pokazuj\u0105, jak bardzo s\u0105 silni, i \u017ce &#8211; pomimo przeciwno\u015bci &#8211; daj\u0105 rad\u0119! To co\u015b niesamowitego &#8211; m\u00f3wi Pawe\u0142 Bilski*, Fundator i Prezes Fundacji Oczami Brata, a tak\u017ce inicjator budowy Domu Oczami Brata. Zar\u00f3wno organizacja, jak i budowa stanowi\u0105 pomnik pami\u0119ci o jego zmar\u0142ym w 2013 r. bracie, Karolu, kt\u00f3ry mia\u0142 Zesp\u00f3\u0142 Downa.<\/h2>\n\n\n\n<p><strong>Jak Karol zmieni\u0142 Pana \u017cycie? Czy gdyby nie On, nie rodzina, wybra\u0142by Pan dla siebie inn\u0105 drog\u0119?<\/strong><\/p>\n\n\n\n<p><strong>Pawe\u0142 Bilski:<\/strong> Tak! Karol zmieni\u0142 nie tylko moje \u017cycie. Da\u0142 nam wiar\u0119, nadziej\u0119<br>i mi\u0142o\u015b\u0107. Bezwarunkow\u0105 mi\u0142o\u015b\u0107. Cho\u0107 nie powiedzia\u0142 w \u017cyciu ani s\u0142owa, wiem, \u017ce nas<br>kocha\u0142 i by\u0142 kochany. Nie wiem, kim bym by\u0142, gdyby nie Jego \u017cycie. Podczas pogrzebu, ksi\u0105dz por\u00f3wna\u0142 Jego \u015bwiadectwo obecno\u015bci na ziemi, do g\u0142\u00f3wnego bohatera filmu \u201eE.T.\u201d. Tak jak E.T., Karol przyszed\u0142 na \u015bwiat r\u00f3\u017cny od innych, z pewn\u0105 misj\u0105. Na pocz\u0105tku wydawa\u0142oby si\u0119, \u017ce z niesprawiedliw\u0105 i niezrozumia\u0142\u0105. By\u0107 mo\u017ce pozbawion\u0105 sensu? A\u017c doszli\u015bmy do momentu, kiedy wype\u0142ni\u0142a si\u0119 jego misja na ziemi. Posta\u0107 E.T. ruszy\u0142a w kosmos, a Karol, wierz\u0119 w to, \u017ce jest w niebie. I wtedy wype\u0142ni\u0142a si\u0119 jego rola. Jak\u017ce wielkiego znaczenia bycia na ziemi.<\/p>\n\n\n\n<p>Czym\u015b wyj\u0105tkowym jest to, \u017ce m\u00f3j brat umar\u0142 w koszulce, na kt\u00f3rej by\u0142o napisane<br>\u201emi\u0142o\u015b\u0107 zostaje tutaj\u201d. Mo\u017cna by\u0142oby pomy\u015ble\u0107, \u017ce to jaki\u015b absurd. A\u017c tu nagle \u017cycie wygra\u0142o ze \u015bmierci\u0105. Karol nas po\u0142\u0105czy\u0142. Zjednoczy\u0142. Da\u0142 nam misj\u0119 i przestrze\u0144 do<br>pami\u0119ci. A jego mi\u0142o\u015b\u0107 rozla\u0142a si\u0119 na setki os\u00f3b. To ma niesamowity sens.<\/p>\n\n\n\n<figure class=\"wp-block-image size-large\"><img decoding=\"async\" width=\"769\" height=\"1024\" data-src=\"https:\/\/gazetaregionalna.com\/wp-content\/uploads\/2023\/05\/17.03.2021-769x1024.jpg\" alt=\"\" class=\"wp-image-106571 lazyload\" data-srcset=\"https:\/\/gazetaregionalna.com\/wp-content\/uploads\/2023\/05\/17.03.2021-769x1024.jpg 769w, https:\/\/gazetaregionalna.com\/wp-content\/uploads\/2023\/05\/17.03.2021-225x300.jpg 225w, https:\/\/gazetaregionalna.com\/wp-content\/uploads\/2023\/05\/17.03.2021-768x1023.jpg 768w, https:\/\/gazetaregionalna.com\/wp-content\/uploads\/2023\/05\/17.03.2021-1153x1536.jpg 1153w, https:\/\/gazetaregionalna.com\/wp-content\/uploads\/2023\/05\/17.03.2021-1538x2048.jpg 1538w, https:\/\/gazetaregionalna.com\/wp-content\/uploads\/2023\/05\/17.03.2021-696x927.jpg 696w, https:\/\/gazetaregionalna.com\/wp-content\/uploads\/2023\/05\/17.03.2021-1068x1422.jpg 1068w, https:\/\/gazetaregionalna.com\/wp-content\/uploads\/2023\/05\/17.03.2021-1920x2557.jpg 1920w, https:\/\/gazetaregionalna.com\/wp-content\/uploads\/2023\/05\/17.03.2021-315x420.jpg 315w, https:\/\/gazetaregionalna.com\/wp-content\/uploads\/2023\/05\/17.03.2021-scaled.jpg 1201w\" data-sizes=\"(max-width: 769px) 100vw, 769px\" src=\"data:image\/svg+xml;base64,PHN2ZyB3aWR0aD0iMSIgaGVpZ2h0PSIxIiB4bWxucz0iaHR0cDovL3d3dy53My5vcmcvMjAwMC9zdmciPjwvc3ZnPg==\" style=\"--smush-placeholder-width: 769px; --smush-placeholder-aspect-ratio: 769\/1024;\" \/><figcaption>Pawe\u0142 Bilski (fot. Fundacja Oczami Brata)<\/figcaption><\/figure>\n\n\n\n<p><strong>Sk\u0105d odwaga, by jako 20-latek za\u0142o\u017cy\u0107 Fundacj\u0119, kt\u00f3ra oferuje dzi\u015b pomoc 230 uczestnikom?<\/strong><\/p>\n\n\n\n<p>&#8211; My\u015bl\u0119, \u017ce ta odwaga wzi\u0119\u0142a si\u0119 z rodzinnego wychowania, ale te\u017c z konkretnego d\u0105\u017cenia do celu. Dla mnie nie ma i nie by\u0142o nigdy rzeczy niemo\u017cliwych. Dzi\u015b wydaje mi si\u0119 to zabawne, \u017ce jako 20-latek podj\u0105\u0142em decyzj\u0119 o za\u0142o\u017ceniu Fundacji. Mog\u0142em by\u0107 wtedy rzeczywi\u015bcie najm\u0142odszym prezesem na \u015bwiecie! Kto komu\u015b takiemu m\u00f3g\u0142by zaufa\u0107?<\/p>\n\n\n\n<p>Jednak swoje do\u015bwiadczenie aktywisty zdobywa\u0142em w sumie od podstaw\u00f3wki. Zawsze<br>by\u0142o wa\u017cne dla mnie niesienie wsparcia, np. przez Papieskie Dzie\u0142o Misyjne Dzieci, akcje charytatywne dla nienarodzonej Antosi, wsparcie dla Eldy z Haiti, pomoc powodzianom, organizacja gier miejskich, przegl\u0105du \u201eMaskarada&#8221;&#8230; a\u017c do za\u0142o\u017cenia fundacji.<\/p>\n\n\n\n<p>Moj\u0105 mentork\u0105 by\u0142a Anna Dymna, aktorka i spo\u0142eczniczka, ale w sumie najwi\u0119kszym<br>autorytetem zawsze byli rodzice, kt\u00f3rzy &#8211; pomimo r\u00f3\u017cnych przeciwno\u015bci &#8211; wychowywali trzech syn\u00f3w: Karola, Piotra i mnie. Mo\u017ce dlatego, \u017ce jestem najm\u0142odszy, mog\u0142em z m\u0142odzie\u0144czym podej\u015bciem widzie\u0107 szerzej?<\/p>\n\n\n\n<figure class=\"wp-block-image size-large\"><img decoding=\"async\" width=\"665\" height=\"1024\" data-src=\"https:\/\/gazetaregionalna.com\/wp-content\/uploads\/2023\/05\/Pawel-Bilski-665x1024.jpg\" alt=\"\" class=\"wp-image-106573 lazyload\" data-srcset=\"https:\/\/gazetaregionalna.com\/wp-content\/uploads\/2023\/05\/Pawel-Bilski-665x1024.jpg 665w, https:\/\/gazetaregionalna.com\/wp-content\/uploads\/2023\/05\/Pawel-Bilski-195x300.jpg 195w, https:\/\/gazetaregionalna.com\/wp-content\/uploads\/2023\/05\/Pawel-Bilski-768x1183.jpg 768w, https:\/\/gazetaregionalna.com\/wp-content\/uploads\/2023\/05\/Pawel-Bilski-997x1536.jpg 997w, https:\/\/gazetaregionalna.com\/wp-content\/uploads\/2023\/05\/Pawel-Bilski-1330x2048.jpg 1330w, https:\/\/gazetaregionalna.com\/wp-content\/uploads\/2023\/05\/Pawel-Bilski-696x1072.jpg 696w, https:\/\/gazetaregionalna.com\/wp-content\/uploads\/2023\/05\/Pawel-Bilski-1068x1645.jpg 1068w, https:\/\/gazetaregionalna.com\/wp-content\/uploads\/2023\/05\/Pawel-Bilski-1920x2957.jpg 1920w, https:\/\/gazetaregionalna.com\/wp-content\/uploads\/2023\/05\/Pawel-Bilski-273x420.jpg 273w, https:\/\/gazetaregionalna.com\/wp-content\/uploads\/2023\/05\/Pawel-Bilski-scaled.jpg 1039w\" data-sizes=\"(max-width: 665px) 100vw, 665px\" src=\"data:image\/svg+xml;base64,PHN2ZyB3aWR0aD0iMSIgaGVpZ2h0PSIxIiB4bWxucz0iaHR0cDovL3d3dy53My5vcmcvMjAwMC9zdmciPjwvc3ZnPg==\" style=\"--smush-placeholder-width: 665px; --smush-placeholder-aspect-ratio: 665\/1024;\" \/><figcaption>Pawe\u0142 Bilski (fot. Fundacja Oczami Brata<\/figcaption><\/figure>\n\n\n\n<p><strong>Najwi\u0119kszym z dotychczasowych wyzwa\u0144, kt\u00f3re postawi\u0142 Pan przed sob\u0105 i Fundacj\u0105, jest z pewno\u015bci\u0105 budowa Domu Oczami Brata. To marzenie istnia\u0142o w Pana rodzinie<br>od dawna?<\/strong><\/p>\n\n\n\n<p>&#8211; Zdecydowanie budowa Domu jest najwi\u0119kszym przedsi\u0119wzi\u0119ciem. Cho\u0107 nie zawsze tak by\u0142o. Kilka lat temu organizacja ma\u0142ego projektu by\u0142a dla mnie wyzwaniem.<br>Budowa natomiast by\u0142a o tyle trudna, \u017ce nie maj\u0105c \u015brodk\u00f3w finansowych na jej zako\u0144czenie &#8211; w og\u00f3le podj\u0119li\u015bmy si\u0119 tego tematu. Szalona decyzja, kt\u00f3ra okaza\u0142a si\u0119 by\u0107 \u201ew punkt\u201d. Lubi\u0119 ryzyko, ale dzia\u0142am z przekonaniem, \u017ce Karol nad nami czuwa. Rozmawiamy sobie nieraz, co by tu jeszcze zrobi\u0107, czy wchodzi\u0107 w nowe projekty, czy nie.<\/p>\n\n\n\n<p>Pami\u0119tam jedn\u0105 z takich rozm\u00f3w przy grobie Karola. Poczu\u0142em w sobie niesamowit\u0105 moc i wiar\u0119, \u017ce nam si\u0119 uda. Nie mylili\u015bmy si\u0119&#8230; Wiedzia\u0142em o tym, \u017ce znajd\u0119 na swojej drodze mn\u00f3stwo os\u00f3b, kt\u00f3re wspomog\u0105 t\u0119 inicjatyw\u0119. I dzi\u0119ki nim teraz oddajemy tak d\u0142ugo oczekiwany Dom.<\/p>\n\n\n\n<figure class=\"wp-block-image size-large\"><img decoding=\"async\" width=\"593\" height=\"1024\" data-src=\"https:\/\/gazetaregionalna.com\/wp-content\/uploads\/2023\/05\/Przyszly-prezes-z-bratem-593x1024.jpg\" alt=\"\" class=\"wp-image-106574 lazyload\" data-srcset=\"https:\/\/gazetaregionalna.com\/wp-content\/uploads\/2023\/05\/Przyszly-prezes-z-bratem-593x1024.jpg 593w, https:\/\/gazetaregionalna.com\/wp-content\/uploads\/2023\/05\/Przyszly-prezes-z-bratem-174x300.jpg 174w, https:\/\/gazetaregionalna.com\/wp-content\/uploads\/2023\/05\/Przyszly-prezes-z-bratem-768x1327.jpg 768w, https:\/\/gazetaregionalna.com\/wp-content\/uploads\/2023\/05\/Przyszly-prezes-z-bratem-696x1203.jpg 696w, https:\/\/gazetaregionalna.com\/wp-content\/uploads\/2023\/05\/Przyszly-prezes-z-bratem-243x420.jpg 243w, https:\/\/gazetaregionalna.com\/wp-content\/uploads\/2023\/05\/Przyszly-prezes-z-bratem.jpg 831w\" data-sizes=\"(max-width: 593px) 100vw, 593px\" src=\"data:image\/svg+xml;base64,PHN2ZyB3aWR0aD0iMSIgaGVpZ2h0PSIxIiB4bWxucz0iaHR0cDovL3d3dy53My5vcmcvMjAwMC9zdmciPjwvc3ZnPg==\" style=\"--smush-placeholder-width: 593px; --smush-placeholder-aspect-ratio: 593\/1024;\" \/><figcaption>Pawe\u0142 i Karol Bilscy (archiwum rodzinne)<\/figcaption><\/figure>\n\n\n\n<p><strong>Dom stanowi odpowied\u017a na potrzeby nie tylko os\u00f3b z niepe\u0142nosprawno\u015bci\u0105, ale tak\u017ce ich rodzin i opiekun\u00f3w. Na co dzie\u0144 niewiele si\u0119 o nich m\u00f3wi. Jako Fundacja to zmieniacie. Ws\u0142uchujecie si\u0119 nie tylko w g\u0142osy uczestnik\u00f3w, ale i ich otoczenia.<\/strong><\/p>\n\n\n\n<p>&#8211; O \u015brodowisku os\u00f3b z niepe\u0142nosprawno\u015bci\u0105 m\u00f3wi si\u0119 du\u017co i ma\u0142o zarazem. S\u0105 takie momenty, kiedy \u201ewychodz\u0105 z cienia\u201d. Nie lubi\u0119 tego okre\u015blenia, bo dla mnie liczy si\u0119 to, \u017ce niewa\u017cne czy masz niepe\u0142nosprawno\u015b\u0107, czy niebieskie oczy, czy jeste\u015b wysoki czy niski, czy masz Zesp\u00f3\u0142 Downa, nale\u017c\u0105 ci si\u0119 takie same prawa.<\/p>\n\n\n\n<p>My tylko dajemy narz\u0119dzia do tego, aby osoby z niepe\u0142nosprawno\u015bci\u0105 wzmacnia\u0107. Dzi\u0119ki naszej, ale przede wszystkim swojej pracy i determinacji, na co dzie\u0144 pokazuj\u0105 to, jak bardzo s\u0105 silni, i \u017ce &#8211; pomimo przeciwno\u015bci &#8211; daj\u0105 rad\u0119! To co\u015b niesamowitego. Ile niech\u0119ci, z\u0142o\u015bci, frustracji jest w nas, pe\u0142nosprawnych? Zamknij oczy i postaraj si\u0119 zrobi\u0107 kilka krok\u00f3w. Usi\u0105d\u017a na w\u00f3zku i postaraj si\u0119 pokona\u0107 kraw\u0119\u017cnik. By\u0142aby\u015b w tym mistrzem? Tak od razu?<\/p>\n\n\n\n<p>W naszej nazwie jest niesamowita moc. Popatrz oczami brata, oczami drugiej osoby. Postaraj si\u0119 j\u0105 zrozumie\u0107, wys\u0142ucha\u0107, pos\u0142uchaj o jej pragnieniach i pom\u00f3\u017c, je\u017celi tej pomocy potrzebuje. My r\u00f3wnie\u017c staramy si\u0119 i\u015b\u0107 nieco dalej &#8211; my budujemy nie tylko dom, ale te\u017c system wsparcia, bazuj\u0105cy w\u0142a\u015bnie na potrzebach tych os\u00f3b. Ale bez ich obserwacji &#8211; nic by\u015bmy nie zrobili.<\/p>\n\n\n\n<h4 class=\"wp-block-heading\">Czy tworz\u0105c dom, my\u015bla\u0142 Pan o bracie? O tym, czy by mu si\u0119 tu podoba\u0142o? Czy chcia\u0142by tu zamieszka\u0107?<\/h4>\n\n\n\n<p>&#8211; Odpowiadaj\u0105c na to pytanie, si\u0119 rozklejam. Przez ostatnie miesi\u0105ce, chodz\u0105c po budowie, denerwuj\u0105c si\u0119 na zbyt wolne &#8211; jak dla mnie &#8211; post\u0119py prac, wchodz\u0105c do pokoi przysz\u0142ych mieszka\u0144c\u00f3w, zadawa\u0142em sobie w\u0142a\u015bnie pytanie: \u201eCzy Karol chcia\u0142by tu zamieszka\u0107?\u201d. I dzi\u015b&#8230; nie wiem, czy by chcia\u0142.<\/p>\n\n\n\n<p>Wiem, \u017ce jest z nas dumny. Wiem, \u017ce ten dom jest potrzebny przysz\u0142ym mieszka\u0144com. Wiem, \u017ce by mu si\u0119 tu podoba\u0142o, lecz dla mnie idea domu uleg\u0142a transformacji. Uwa\u017cam, \u017ce dop\u00f3ki masz si\u0142\u0119 &#8211; \u017cyj i b\u0105d\u017a ze swoj\u0105 rodzin\u0105, dzieckiem, bratem. P\u00f3ki on\/ona jest i Ciebie potrzebuje. Dom to przecie\u017c te\u017c miejsce na tzw. opiek\u0119 wytchnieniow\u0105. Na to przyjdzie czas.<\/p>\n\n\n\n<p>Odda\u0142bym dzi\u015b wszystko, aby Karola przytuli\u0107 i nie tylko we wspomnieniu, popatrze\u0107 na Jego pi\u0119kne, niebieski oczy, kt\u00f3re cudownie si\u0119 u\u015bmiecha\u0142y.<\/p>\n\n\n\n<h4 class=\"wp-block-heading\">Dom chcieli\u015bcie otworzy\u0107 na 10-lecie Fundacji. Uda\u0142o si\u0119 zrealizowa\u0107 ten cel szybciej. Jubileusz b\u0119dziecie \u015bwi\u0119towa\u0107 dopiero za rok. Dekada to du\u017co. Jak wraz z ni\u0105 zmieni\u0142o si\u0119 Oczami Brata?<\/h4>\n\n\n\n<p>&#8211; To jest w og\u00f3le niesamowite. Zostali\u015bmy zarejestrowani w s\u0105dzie w 2014 r. A my przecie\u017c przez te nieca\u0142e 10 lat otworzyli\u015bmy w 2016 r. Specjalistyczno &#8211; Opieku\u0144cz\u0105 Plac\u00f3wk\u0119 Wsparcia Dziennego oraz Sp\u00f3\u0142dzielni\u0119 Socjaln\u0105 \u201eJasne, \u017ce alternatywa 21\u201d, kt\u00f3ra obecnie prowadzi Klubokawiarni\u0119 oraz Kawiarni\u0119 \u201eAlternatywa 21\u201d. To przestrzenie, w kt\u00f3rych pracuj\u0105 na co dzie\u0144 osoby z niepe\u0142nosprawno\u015bci\u0105, absolwenci<br>dzia\u0142a\u0144 Fundacji.<\/p>\n\n\n\n<p>Z kolei 2017 r. to czas zak\u0142adania pierwszych mieszka\u0144 wspomagano-treningowych. Rok p\u00f3\u017aniej Fundacja otworzy\u0142a pracowni\u0119 aktywizacji-spo\u0142eczno zawodowej os\u00f3b z niepe\u0142nosprawno\u015bci\u0105, a w 2020 r. &#8211; Warsztat Terapii Zaj\u0119ciowej. Obecnie Fundacja prowadzi dwa Warsztaty, a jeden z nich swoj\u0105 siedzib\u0119 b\u0119dzie mie\u0107 w\u0142a\u015bnie w Domu Oczami Brata.<\/p>\n\n\n\n<p>Fundacja to te\u017c teatr, a w sumie to dwa teatry, czyli Teatr Oczami Brata i Teatr Nowy w Cz\u0119stochowie jako osobna organizacja, dla kt\u00f3rej wa\u017cny jest rozw\u00f3j artystyczny m\u0142odych artyst\u00f3w oraz pobudzanie aktywno\u015bci lokalnej. Ze spo\u0142eczno\u015bci\u0105 lokaln\u0105 zwi\u0105zali\u015bmy si\u0119 przed laty, m.in. zak\u0142adaj\u0105c partnerstwo na rzecz aktywno\u015bci lokalnej \u201eTeraz B\u0142eszno\u201d. Byli\u015bmy i jeste\u015bmy innowatorami w us\u0142ugach asystenckich oraz w tzw. opiece wychnieniowej&#8230; No i zbudowali\u015bmy Dom. Mam wra\u017cenie, \u017ce my\u015blimy<br>podw\u00f3jnie&#8230; A tak na serio, pomy\u015blmy, co by to by\u0142o, gdy nas nie by\u0142o?<\/p>\n\n\n\n<p>Przez ten czas zmienili\u015bmy si\u0119 z Fundacj\u0105 nie tylko wizualnie, ale na pewno dojrzeli\u015bmy. R\u00f3wnie\u017c do naszych decyzji. Przed nami trudny, jubileuszowy rok, kt\u00f3ry my\u015bl\u0119, \u017ce da nam wytyczne na kolejne lata. Du\u017co przez ten okres nie tylko dali\u015bmy, ale tak\u017ce po\u015bwi\u0119cili\u015bmy. Chocia\u017cby nasze \u017cycia rodzinne czy m\u0142odo\u015b\u0107. Ta cena za dzia\u0142ania by\u0142a i jest wysoka. Czas na stabilizacj\u0119. Cho\u0107 nie b\u0119d\u0119 sob\u0105, jak zapytam: a co my\u015blicie Pa\u0144stwo o budowie drugiego Domu?<\/p>\n\n\n\n<p><strong>Dzi\u0119kujemy za rozmow\u0119.<br>Redakcja Gazety Regionalnej<\/strong><\/p>\n\n\n\n<p>*<em>Pawe\u0142 Bilski. Fundator i Prezes Zarz\u0105du Fundacji Oczami Brata oraz dyrektor, producent, za\u0142o\u017cyciel, aktor i re\u017cyser Fundacji Teatr Nowy w Cz\u0119stochowie. Absolwent Szko\u0142y Aktorskiej przy Teatrze im. Stefana Jaracza w Olsztynie, a tak\u017ce Akademii im. Jana D\u0142ugosza w Cz\u0119stochowie (dzi\u015b to Uniwersytet), Uniwersytetu \u015al\u0105skiego w Katowicach i Uniwersytetu Jagiello\u0144skiego w Krakowie. To on powo\u0142a\u0142 do \u017cycia<br>Teatr Oczami Brata skupiaj\u0105cy osoby z niepe\u0142nosprawno\u015bci\u0105 intelektualn\u0105 i zosta\u0142 wsp\u00f3\u0142za\u0142o\u017cycielem Klubokawiarni Alternatywa 21 (jednej z pierwszej tego typu w Polsce) oraz Kawiarni Alternatywa 21. To za jego spraw\u0105 w Cz\u0119stochowie powsta\u0142 <a href=\"https:\/\/www.facebook.com\/DomOczamiBrata\" target=\"_blank\" rel=\"noopener\">Dom Oczami Brata.<\/a><\/em><\/p>\n\n\n\n<p><strong><a href=\"https:\/\/gazetaregionalna.com\/dom-oczami-brata-marzenie\/\">Czytaj tak\u017ce: Budowa Domu Oczami Brata to marzenie, kt\u00f3re kie\u0142kowa\u0142o od lat\u2026<\/a><\/strong><\/p>\n","protected":false},"excerpt":{"rendered":"<p>My tylko dajemy narz\u0119dzia do tego, aby osoby z niepe\u0142nosprawno\u015bci\u0105 wzmacnia\u0107. Dzi\u0119ki naszej, ale przede wszystkim swojej pracy i determinacji na co dzie\u0144 pokazuj\u0105,<\/p>\n","protected":false},"author":11,"featured_media":106570,"comment_status":"closed","ping_status":"open","sticky":false,"template":"","format":"standard","meta":{"_monsterinsights_skip_tracking":false,"_monsterinsights_sitenote_active":false,"_monsterinsights_sitenote_note":"","_monsterinsights_sitenote_category":0,"_uf_show_specific_survey":0,"_uf_disable_surveys":false,"footnotes":""},"categories":[3,94,2],"tags":[1606,2091],"class_list":["post-106559","post","type-post","status-publish","format-standard","has-post-thumbnail","hentry","category-czestochowa-informacje","category-polecane","category-wiadomosci","tag-fundacja-oczami-brata","tag-pawel-bilski"],"_links":{"self":[{"href":"https:\/\/gazetaregionalna.com\/index.php?rest_route=\/wp\/v2\/posts\/106559","targetHints":{"allow":["GET"]}}],"collection":[{"href":"https:\/\/gazetaregionalna.com\/index.php?rest_route=\/wp\/v2\/posts"}],"about":[{"href":"https:\/\/gazetaregionalna.com\/index.php?rest_route=\/wp\/v2\/types\/post"}],"author":[{"embeddable":true,"href":"https:\/\/gazetaregionalna.com\/index.php?rest_route=\/wp\/v2\/users\/11"}],"replies":[{"embeddable":true,"href":"https:\/\/gazetaregionalna.com\/index.php?rest_route=%2Fwp%2Fv2%2Fcomments&post=106559"}],"version-history":[{"count":6,"href":"https:\/\/gazetaregionalna.com\/index.php?rest_route=\/wp\/v2\/posts\/106559\/revisions"}],"predecessor-version":[{"id":106576,"href":"https:\/\/gazetaregionalna.com\/index.php?rest_route=\/wp\/v2\/posts\/106559\/revisions\/106576"}],"wp:featuredmedia":[{"embeddable":true,"href":"https:\/\/gazetaregionalna.com\/index.php?rest_route=\/wp\/v2\/media\/106570"}],"wp:attachment":[{"href":"https:\/\/gazetaregionalna.com\/index.php?rest_route=%2Fwp%2Fv2%2Fmedia&parent=106559"}],"wp:term":[{"taxonomy":"category","embeddable":true,"href":"https:\/\/gazetaregionalna.com\/index.php?rest_route=%2Fwp%2Fv2%2Fcategories&post=106559"},{"taxonomy":"post_tag","embeddable":true,"href":"https:\/\/gazetaregionalna.com\/index.php?rest_route=%2Fwp%2Fv2%2Ftags&post=106559"}],"curies":[{"name":"wp","href":"https:\/\/api.w.org\/{rel}","templated":true}]}}