{"id":10650,"date":"2020-03-09T09:06:46","date_gmt":"2020-03-09T09:06:46","guid":{"rendered":"https:\/\/gazetaregionalna.com\/?p=10650"},"modified":"2020-03-09T09:06:49","modified_gmt":"2020-03-09T09:06:49","slug":"mozna-nauczyc-sie-plywac-2","status":"publish","type":"post","link":"https:\/\/gazetaregionalna.com\/?p=10650","title":{"rendered":"Mo\u017cna nauczy\u0107 si\u0119 p\u0142ywa\u0107"},"content":{"rendered":"\n<p>Miejski O\u015brodek Sportu i Rekreacji w Cz\u0119stochowie organizuje kolejny kurs p\u0142ywania. Ponownie zaj\u0119cia b\u0119d\u0105 si\u0119 odbywa\u0107 na p\u0142ywalni przy LO im. H. Sienkiewicza.<br>\nLekcje p\u0142ywania ruszaj\u0105 21 marca. W sumie zaplanowano 10 godzin lekcyjnych nauki p\u0142ywania. Odbywa\u0107 si\u0119 one maj\u0105 w soboty i niedziele. Planowany termin rozpocz\u0119cia kursu to 21 marca, a zako\u0144czenia \u2013 2 maja.<br>\nMaksymalna liczba os\u00f3b w grupie to 10, a minimalny wiek uczestniczek i uczestnik\u00f3w \u2013 7 lat. <br>\nKoszt kursu to 250 z\u0142. Wi\u0119cej informacji mo\u017cna uzyska\u0107 pod nr tel. 34 393 00 64 lub na stronie www.mosir.pl.<\/p>\n","protected":false},"excerpt":{"rendered":"<p>Miejski O\u015brodek Sportu i Rekreacji w Cz\u0119stochowie organizuje kolejny kurs p\u0142ywania. Ponownie zaj\u0119cia b\u0119d\u0105 si\u0119 odbywa\u0107 na p\u0142ywalni przy LO im. H. Sienkiewicza. Lekcje<\/p>\n","protected":false},"author":7,"featured_media":10651,"comment_status":"open","ping_status":"open","sticky":false,"template":"","format":"standard","meta":{"_monsterinsights_skip_tracking":false,"_monsterinsights_sitenote_active":false,"_monsterinsights_sitenote_note":"","_monsterinsights_sitenote_category":0,"_uf_show_specific_survey":0,"_uf_disable_surveys":false,"footnotes":""},"categories":[94,3,2],"tags":[],"class_list":["post-10650","post","type-post","status-publish","format-standard","has-post-thumbnail","hentry","category-polecane","category-czestochowa-informacje","category-wiadomosci"],"_links":{"self":[{"href":"https:\/\/gazetaregionalna.com\/index.php?rest_route=\/wp\/v2\/posts\/10650","targetHints":{"allow":["GET"]}}],"collection":[{"href":"https:\/\/gazetaregionalna.com\/index.php?rest_route=\/wp\/v2\/posts"}],"about":[{"href":"https:\/\/gazetaregionalna.com\/index.php?rest_route=\/wp\/v2\/types\/post"}],"author":[{"embeddable":true,"href":"https:\/\/gazetaregionalna.com\/index.php?rest_route=\/wp\/v2\/users\/7"}],"replies":[{"embeddable":true,"href":"https:\/\/gazetaregionalna.com\/index.php?rest_route=%2Fwp%2Fv2%2Fcomments&post=10650"}],"version-history":[{"count":1,"href":"https:\/\/gazetaregionalna.com\/index.php?rest_route=\/wp\/v2\/posts\/10650\/revisions"}],"predecessor-version":[{"id":10652,"href":"https:\/\/gazetaregionalna.com\/index.php?rest_route=\/wp\/v2\/posts\/10650\/revisions\/10652"}],"wp:featuredmedia":[{"embeddable":true,"href":"https:\/\/gazetaregionalna.com\/index.php?rest_route=\/wp\/v2\/media\/10651"}],"wp:attachment":[{"href":"https:\/\/gazetaregionalna.com\/index.php?rest_route=%2Fwp%2Fv2%2Fmedia&parent=10650"}],"wp:term":[{"taxonomy":"category","embeddable":true,"href":"https:\/\/gazetaregionalna.com\/index.php?rest_route=%2Fwp%2Fv2%2Fcategories&post=10650"},{"taxonomy":"post_tag","embeddable":true,"href":"https:\/\/gazetaregionalna.com\/index.php?rest_route=%2Fwp%2Fv2%2Ftags&post=10650"}],"curies":[{"name":"wp","href":"https:\/\/api.w.org\/{rel}","templated":true}]}}