{"id":10647,"date":"2020-03-09T08:59:07","date_gmt":"2020-03-09T08:59:07","guid":{"rendered":"https:\/\/gazetaregionalna.com\/?p=10647"},"modified":"2020-03-09T08:59:08","modified_gmt":"2020-03-09T08:59:08","slug":"o-milosci-w-gaude-mater","status":"publish","type":"post","link":"https:\/\/gazetaregionalna.com\/?p=10647","title":{"rendered":"O mi\u0142o\u015bci w \u201eGaude Mater\u201d"},"content":{"rendered":"\n<p>W O\u015brodku Promocji Kultury \u201eGaude Mater\u201d zaprezentowany zostanie w najbli\u017cszy czwartek spektakl pt. \u201eUwolni\u0107 s\u0142owa \u2013 Mi\u0142o\u015b\u0107\u201d. Przedstawienie poka\u017ce Teatr Wojtka Kowalskiego.<br>\n\u201eUwolni\u0107 s\u0142owa \u2013 Mi\u0142o\u015b\u0107\u201d to spektakl podejmuj\u0105cy temat tytu\u0142owej mi\u0142o\u015bci, zrealizowany na podstawie tekst\u00f3w Janusza Rudnickiego i Piotra Macierzy\u0144skiego, z piosenkami Janusza Mielczarka. Na scenie pojawiaj\u0105 si\u0119 Wojciech Kowalski (scenariusz i re\u017cyseria) oraz Micha\u0142 Pilarski (muzyka).<br>\nPocz\u0105tek przedstawienia godzina 19.<\/p>\n","protected":false},"excerpt":{"rendered":"<p>W O\u015brodku Promocji Kultury \u201eGaude Mater\u201d zaprezentowany zostanie w najbli\u017cszy czwartek spektakl pt. \u201eUwolni\u0107 s\u0142owa \u2013 Mi\u0142o\u015b\u0107\u201d. Przedstawienie poka\u017ce Teatr Wojtka Kowalskiego. \u201eUwolni\u0107 s\u0142owa<\/p>\n","protected":false},"author":7,"featured_media":10648,"comment_status":"open","ping_status":"open","sticky":false,"template":"","format":"standard","meta":{"_monsterinsights_skip_tracking":false,"_monsterinsights_sitenote_active":false,"_monsterinsights_sitenote_note":"","_monsterinsights_sitenote_category":0,"_uf_show_specific_survey":0,"_uf_disable_surveys":false,"footnotes":""},"categories":[12,3,94,2,13],"tags":[],"class_list":["post-10647","post","type-post","status-publish","format-standard","has-post-thumbnail","hentry","category-kultura-i-rozrywka","category-czestochowa-informacje","category-polecane","category-wiadomosci","category-wydarzenia"],"_links":{"self":[{"href":"https:\/\/gazetaregionalna.com\/index.php?rest_route=\/wp\/v2\/posts\/10647","targetHints":{"allow":["GET"]}}],"collection":[{"href":"https:\/\/gazetaregionalna.com\/index.php?rest_route=\/wp\/v2\/posts"}],"about":[{"href":"https:\/\/gazetaregionalna.com\/index.php?rest_route=\/wp\/v2\/types\/post"}],"author":[{"embeddable":true,"href":"https:\/\/gazetaregionalna.com\/index.php?rest_route=\/wp\/v2\/users\/7"}],"replies":[{"embeddable":true,"href":"https:\/\/gazetaregionalna.com\/index.php?rest_route=%2Fwp%2Fv2%2Fcomments&post=10647"}],"version-history":[{"count":1,"href":"https:\/\/gazetaregionalna.com\/index.php?rest_route=\/wp\/v2\/posts\/10647\/revisions"}],"predecessor-version":[{"id":10649,"href":"https:\/\/gazetaregionalna.com\/index.php?rest_route=\/wp\/v2\/posts\/10647\/revisions\/10649"}],"wp:featuredmedia":[{"embeddable":true,"href":"https:\/\/gazetaregionalna.com\/index.php?rest_route=\/wp\/v2\/media\/10648"}],"wp:attachment":[{"href":"https:\/\/gazetaregionalna.com\/index.php?rest_route=%2Fwp%2Fv2%2Fmedia&parent=10647"}],"wp:term":[{"taxonomy":"category","embeddable":true,"href":"https:\/\/gazetaregionalna.com\/index.php?rest_route=%2Fwp%2Fv2%2Fcategories&post=10647"},{"taxonomy":"post_tag","embeddable":true,"href":"https:\/\/gazetaregionalna.com\/index.php?rest_route=%2Fwp%2Fv2%2Ftags&post=10647"}],"curies":[{"name":"wp","href":"https:\/\/api.w.org\/{rel}","templated":true}]}}