{"id":106446,"date":"2023-05-17T15:06:25","date_gmt":"2023-05-17T15:06:25","guid":{"rendered":"https:\/\/gazetaregionalna.com\/?p=106446"},"modified":"2023-05-17T15:06:27","modified_gmt":"2023-05-17T15:06:27","slug":"miedzynarodowy-skandal-fivb-nakazala-skrocic-rywalizacje-w-finale-tauron-1-ligi","status":"publish","type":"post","link":"https:\/\/gazetaregionalna.com\/?p=106446","title":{"rendered":"Mi\u0119dzynarodowy skandal? FIVB nakaza\u0142a skr\u00f3ci\u0107 rywalizacj\u0119 w finale Tauron 1 Ligi&#8230;"},"content":{"rendered":"\n<p>Trwa fina\u0142owa rywalizacja w Tauron 1 Ligdzie, gdzie o awans do Plus Ligi walcz\u0105 siatkarze Exact Systems Norwid Cz\u0119stochowa z MKS-em B\u0119dzin. Po dw\u00f3ch meczach jest remis 1:1. Siatkarze mieli walczy\u0107 do 3 wygranych mecz\u00f3w, ale FIVB przed trzecim spotkaniem nakaza\u0142a skr\u00f3ci\u0107 rywalizacj\u0119 do dw\u00f3ch zwyci\u0119stw&#8230;<\/p>\n\n\n\n<p>W \u015brod\u0119 siatkarsk\u0105 Polsk\u0105 wstrz\u0105sn\u0105 komunikat, kt\u00f3ry m\u00f3wi, \u017ce FIVB nakaza\u0142a w trakcie fina\u0142u Tauron 1 Ligi skr\u00f3ci\u0107 go tak, by dru\u017cyny gra\u0142y tylko do dw\u00f3ch wygranych mecz\u00f3w. Przypomnijmy, \u017ce przez ca\u0142y sezon by\u0142o wiadomo, \u017ce siatkarze w wielkim finale b\u0119d\u0105 gra\u0107 do trzech wygranych spotka\u0144. Nikt wcze\u015bniej z FIVB nie ingerowa\u0142 w regulamin fina\u0142u. Tymczasem w \u015brod\u0119 na stronie Tauron 1 Ligi i w mediach klub\u00f3w z Cz\u0119stochowy i B\u0119dzina pojawi\u0142y si\u0119 informacje o skr\u00f3ceniu rywalizacji do dw\u00f3ch wygranych mecz\u00f3w.<\/p>\n\n\n\n<p>Po dw\u00f3ch rozegranych spotkaniach jest remis 1:1. Trzeci mecz zaplanowany jest w czwartek w B\u0119dzinie. Wszyscy szykowali si\u0119 te\u017c na czwarte spotkanie w niedziel\u0119, 21 maja w Cz\u0119stochowie. Tymczasem po decyzji FIVB awans rozstrzygnie si\u0119 ju\u017c w czwartek, 18 maja w B\u0119dzinie&#8230; Kto wygra jutrzejszy mecz w B\u0119dzinie, b\u0119dzie cieszy\u0107 si\u0119 z awansu do Plus Ligi&#8230;<\/p>\n\n\n\n<p>Jak zareaguj\u0105 siatkarze na skr\u00f3cenie sezonu? O tym kibice przekonaj\u0105 si\u0119 ju\u017c w czwartek.<\/p>\n\n\n\n<p>Strona polska pr\u00f3bowa\u0142a protestowa\u0107 i wys\u0142a\u0142a do FIVB list protestacyjny, ale FIVB zagrozi\u0142a sankcjami dla polskiej federacji, klub\u00f3w i zawodnik\u00f3w&#8230;<\/p>\n\n\n\n<p>&#8211; To psucie sportowej rywalizacji, o ogromn\u0105 stawk\u0119, jak\u0105 jest awans do PlusLigi \u2013 m\u00f3wi na oficjalnej stronie Tauron 1 Ligi prezes Polskiej Ligi Siatk\u00f3wki Artur Popko. &#8211; W poprzednich sezonach nie by\u0142o takich ogranicze\u0144 ze strony FIVB. Przed rokiem rozgrywki zako\u0144czy\u0142y si\u0119 26 maja, faz\u0105 play-out PlusLigi! Zreszt\u0105 w tym sezonie dopiero 20 maja grany jest fina\u0142 Ligi Mistrz\u00f3w, naprawd\u0119 trudno wi\u0119c zrozumie\u0107 stanowisko FIVB. Sp\u00f3\u0142ka wys\u0142a\u0142a w tej sprawie not\u0119 protestacyjn\u0105 do w\u0142adz FIVB.<\/p>\n\n\n\n<p>Popko dodaje. &#8211; To szokuj\u0105ce dzia\u0142anie, kt\u00f3re bezpo\u015brednio wp\u0142ywa na rywalizacj\u0119 fina\u0142ow\u0105 w TAURON 1. Lidze. Nie jeste\u015bmy w stanie zrozumie\u0107, w czym i w jaki spos\u00f3b FIVB przeszkadza, \u017ce na zapleczu PlusLigi, na drugim poziomie rozgrywkowym, mecze rozgrywane s\u0105 maksymalnie do 24 maja. Pr\u00f3bowali\u015bmy t\u0142umaczy\u0107, prosili\u015bmy o po\u015brednictwo PZPS, Telewizj\u0119 Polsat, kt\u00f3ra przecie\u017c relacjonuje fina\u0142y TAURON 1. Ligi i jest wa\u017cnym partnerem FIVB, ale bez skutku. Nie mo\u017cemy sobie pozwoli\u0107 na nara\u017canie klub\u00f3w na kary i zakaz transferowy, b\u0119dziemy zmuszeni skr\u00f3ci\u0107 rywalizacj\u0119 w finale, by tego unikn\u0105\u0107. Taka decyzja zapad\u0142a, poinformowali\u015bmy naszych finalist\u00f3w, a jako prezesowi jest mi bardzo przykro, \u017ce w zawodowej siatk\u00f3wce w og\u00f3le mo\u017cemy rozmawia\u0107 o takiej sytuacji \u2013 dodaje prezes Popko.<\/p>\n\n\n\n<p>Polska liga to najlepsza liga na \u015bwiecie. Polska reprezentacja te\u017c odgrywa czo\u0142owe role w rozgrywkach mi\u0119dzynarodowych. Wkr\u00f3tce dwie polskie dru\u017cyny zagraj\u0105 w finale Ligi Mistrz\u00f3w. Tym bardziej niezrozumia\u0142y jest fakt, \u017ce FIVB swoj\u0105 decyzj\u0105 uderza w Polsk\u0119&#8230;<\/p>\n\n\n\n<p>AK, materia\u0142y prasowe, fot: AK<\/p>\n\n\n\n<figure class=\"wp-block-image size-large\"><img decoding=\"async\" width=\"1024\" height=\"683\" data-src=\"https:\/\/gazetaregionalna.com\/wp-content\/uploads\/2023\/05\/Exact-MKSBedzin-2-1024x683.jpg\" alt=\"\" class=\"wp-image-106259 lazyload\" data-srcset=\"https:\/\/gazetaregionalna.com\/wp-content\/uploads\/2023\/05\/Exact-MKSBedzin-2-1024x683.jpg 1024w, https:\/\/gazetaregionalna.com\/wp-content\/uploads\/2023\/05\/Exact-MKSBedzin-2-300x200.jpg 300w, https:\/\/gazetaregionalna.com\/wp-content\/uploads\/2023\/05\/Exact-MKSBedzin-2-768x512.jpg 768w, https:\/\/gazetaregionalna.com\/wp-content\/uploads\/2023\/05\/Exact-MKSBedzin-2-1536x1024.jpg 1536w, https:\/\/gazetaregionalna.com\/wp-content\/uploads\/2023\/05\/Exact-MKSBedzin-2-696x464.jpg 696w, https:\/\/gazetaregionalna.com\/wp-content\/uploads\/2023\/05\/Exact-MKSBedzin-2-1068x712.jpg 1068w, https:\/\/gazetaregionalna.com\/wp-content\/uploads\/2023\/05\/Exact-MKSBedzin-2-1920x1280.jpg 1920w, https:\/\/gazetaregionalna.com\/wp-content\/uploads\/2023\/05\/Exact-MKSBedzin-2-630x420.jpg 630w, https:\/\/gazetaregionalna.com\/wp-content\/uploads\/2023\/05\/Exact-MKSBedzin-2-scaled.jpg 1600w\" data-sizes=\"(max-width: 1024px) 100vw, 1024px\" src=\"data:image\/svg+xml;base64,PHN2ZyB3aWR0aD0iMSIgaGVpZ2h0PSIxIiB4bWxucz0iaHR0cDovL3d3dy53My5vcmcvMjAwMC9zdmciPjwvc3ZnPg==\" style=\"--smush-placeholder-width: 1024px; --smush-placeholder-aspect-ratio: 1024\/683;\" \/><\/figure>\n\n\n\n<figure class=\"wp-block-image size-large\"><img decoding=\"async\" width=\"1024\" height=\"683\" data-src=\"https:\/\/gazetaregionalna.com\/wp-content\/uploads\/2023\/05\/Exact-MKSBedzin-3-2-1024x683.jpg\" alt=\"\" class=\"wp-image-106260 lazyload\" data-srcset=\"https:\/\/gazetaregionalna.com\/wp-content\/uploads\/2023\/05\/Exact-MKSBedzin-3-2-1024x683.jpg 1024w, https:\/\/gazetaregionalna.com\/wp-content\/uploads\/2023\/05\/Exact-MKSBedzin-3-2-300x200.jpg 300w, https:\/\/gazetaregionalna.com\/wp-content\/uploads\/2023\/05\/Exact-MKSBedzin-3-2-768x512.jpg 768w, https:\/\/gazetaregionalna.com\/wp-content\/uploads\/2023\/05\/Exact-MKSBedzin-3-2-1536x1024.jpg 1536w, https:\/\/gazetaregionalna.com\/wp-content\/uploads\/2023\/05\/Exact-MKSBedzin-3-2-696x464.jpg 696w, https:\/\/gazetaregionalna.com\/wp-content\/uploads\/2023\/05\/Exact-MKSBedzin-3-2-1068x712.jpg 1068w, https:\/\/gazetaregionalna.com\/wp-content\/uploads\/2023\/05\/Exact-MKSBedzin-3-2-1920x1280.jpg 1920w, https:\/\/gazetaregionalna.com\/wp-content\/uploads\/2023\/05\/Exact-MKSBedzin-3-2-630x420.jpg 630w, https:\/\/gazetaregionalna.com\/wp-content\/uploads\/2023\/05\/Exact-MKSBedzin-3-2-scaled.jpg 1600w\" data-sizes=\"(max-width: 1024px) 100vw, 1024px\" src=\"data:image\/svg+xml;base64,PHN2ZyB3aWR0aD0iMSIgaGVpZ2h0PSIxIiB4bWxucz0iaHR0cDovL3d3dy53My5vcmcvMjAwMC9zdmciPjwvc3ZnPg==\" style=\"--smush-placeholder-width: 1024px; --smush-placeholder-aspect-ratio: 1024\/683;\" \/><\/figure>\n\n\n\n<figure class=\"wp-block-image size-large\"><img decoding=\"async\" width=\"300\" height=\"250\" data-src=\"https:\/\/gazetaregionalna.com\/wp-content\/uploads\/2022\/04\/DMK-10.jpg\" alt=\"\" class=\"wp-image-77218 lazyload\" src=\"data:image\/svg+xml;base64,PHN2ZyB3aWR0aD0iMSIgaGVpZ2h0PSIxIiB4bWxucz0iaHR0cDovL3d3dy53My5vcmcvMjAwMC9zdmciPjwvc3ZnPg==\" style=\"--smush-placeholder-width: 300px; --smush-placeholder-aspect-ratio: 300\/250;\"><\/figure>\n","protected":false},"excerpt":{"rendered":"<p>Trwa fina\u0142owa rywalizacja w Tauron 1 Ligdzie, gdzie o awans do Plus Ligi walcz\u0105 siatkarze Exact Systems Norwid Cz\u0119stochowa z MKS-em B\u0119dzin. Po dw\u00f3ch<\/p>\n","protected":false},"author":15,"featured_media":106259,"comment_status":"closed","ping_status":"open","sticky":false,"template":"","format":"standard","meta":{"_monsterinsights_skip_tracking":false,"_monsterinsights_sitenote_active":false,"_monsterinsights_sitenote_note":"","_monsterinsights_sitenote_category":0,"_uf_show_specific_survey":0,"_uf_disable_surveys":false,"footnotes":""},"categories":[5,8],"tags":[],"class_list":["post-106446","post","type-post","status-publish","format-standard","has-post-thumbnail","hentry","category-sport","category-siatkowka"],"_links":{"self":[{"href":"https:\/\/gazetaregionalna.com\/index.php?rest_route=\/wp\/v2\/posts\/106446","targetHints":{"allow":["GET"]}}],"collection":[{"href":"https:\/\/gazetaregionalna.com\/index.php?rest_route=\/wp\/v2\/posts"}],"about":[{"href":"https:\/\/gazetaregionalna.com\/index.php?rest_route=\/wp\/v2\/types\/post"}],"author":[{"embeddable":true,"href":"https:\/\/gazetaregionalna.com\/index.php?rest_route=\/wp\/v2\/users\/15"}],"replies":[{"embeddable":true,"href":"https:\/\/gazetaregionalna.com\/index.php?rest_route=%2Fwp%2Fv2%2Fcomments&post=106446"}],"version-history":[{"count":1,"href":"https:\/\/gazetaregionalna.com\/index.php?rest_route=\/wp\/v2\/posts\/106446\/revisions"}],"predecessor-version":[{"id":106447,"href":"https:\/\/gazetaregionalna.com\/index.php?rest_route=\/wp\/v2\/posts\/106446\/revisions\/106447"}],"wp:featuredmedia":[{"embeddable":true,"href":"https:\/\/gazetaregionalna.com\/index.php?rest_route=\/wp\/v2\/media\/106259"}],"wp:attachment":[{"href":"https:\/\/gazetaregionalna.com\/index.php?rest_route=%2Fwp%2Fv2%2Fmedia&parent=106446"}],"wp:term":[{"taxonomy":"category","embeddable":true,"href":"https:\/\/gazetaregionalna.com\/index.php?rest_route=%2Fwp%2Fv2%2Fcategories&post=106446"},{"taxonomy":"post_tag","embeddable":true,"href":"https:\/\/gazetaregionalna.com\/index.php?rest_route=%2Fwp%2Fv2%2Ftags&post=106446"}],"curies":[{"name":"wp","href":"https:\/\/api.w.org\/{rel}","templated":true}]}}