{"id":10641,"date":"2020-03-09T08:31:25","date_gmt":"2020-03-09T08:31:25","guid":{"rendered":"https:\/\/gazetaregionalna.com\/?p=10641"},"modified":"2020-03-09T08:31:29","modified_gmt":"2020-03-09T08:31:29","slug":"na-twarzy-malowane","status":"publish","type":"post","link":"https:\/\/gazetaregionalna.com\/?p=10641","title":{"rendered":"Na twarzy malowane"},"content":{"rendered":"\n<p>Miejski Dom Kultury w Lubli\u0144cu zaprasza na niecodzienne wydarzenie. W czwartek, 12 marca odb\u0119dzie si\u0119 tam wernisa\u017c wystawy \u201eArtefakty\u201d. MDK poka\u017ce prace Karoliny Jasi\u0144skiej, artystki, kt\u00f3ra znalaz\u0142a wyj\u0105tkow\u0105 przestrze\u0144 dla swojej tw\u00f3rczo\u015bci. Specjalizuje si\u0119 bowiem w makija\u017cu artystycznym, a jej p\u0142\u00f3tnem, kanw\u0105 jest kobieca twarz. Zwyczajne, ludzkie oblicze dzi\u0119ki \u201emalarskim\u201d zabiegom staje si\u0119 prawdziwym artefaktem.<br>\nWernisa\u017c wystawy odb\u0119dzie si\u0119 12 marca 2020 r. o godz. 17. Wystawa dost\u0119pna b\u0119dzie dla ogl\u0105daj\u0105cych przez ca\u0142y miesi\u0105c.<\/p>\n","protected":false},"excerpt":{"rendered":"<p>Miejski Dom Kultury w Lubli\u0144cu zaprasza na niecodzienne wydarzenie. W czwartek, 12 marca odb\u0119dzie si\u0119 tam wernisa\u017c wystawy \u201eArtefakty\u201d. MDK poka\u017ce prace Karoliny Jasi\u0144skiej,<\/p>\n","protected":false},"author":7,"featured_media":10642,"comment_status":"open","ping_status":"open","sticky":false,"template":"","format":"standard","meta":{"_monsterinsights_skip_tracking":false,"_monsterinsights_sitenote_active":false,"_monsterinsights_sitenote_note":"","_monsterinsights_sitenote_category":0,"_uf_show_specific_survey":0,"_uf_disable_surveys":false,"footnotes":""},"categories":[94,12,25,2,13],"tags":[],"class_list":["post-10641","post","type-post","status-publish","format-standard","has-post-thumbnail","hentry","category-polecane","category-kultura-i-rozrywka","category-lubliniec","category-wiadomosci","category-wydarzenia"],"_links":{"self":[{"href":"https:\/\/gazetaregionalna.com\/index.php?rest_route=\/wp\/v2\/posts\/10641","targetHints":{"allow":["GET"]}}],"collection":[{"href":"https:\/\/gazetaregionalna.com\/index.php?rest_route=\/wp\/v2\/posts"}],"about":[{"href":"https:\/\/gazetaregionalna.com\/index.php?rest_route=\/wp\/v2\/types\/post"}],"author":[{"embeddable":true,"href":"https:\/\/gazetaregionalna.com\/index.php?rest_route=\/wp\/v2\/users\/7"}],"replies":[{"embeddable":true,"href":"https:\/\/gazetaregionalna.com\/index.php?rest_route=%2Fwp%2Fv2%2Fcomments&post=10641"}],"version-history":[{"count":1,"href":"https:\/\/gazetaregionalna.com\/index.php?rest_route=\/wp\/v2\/posts\/10641\/revisions"}],"predecessor-version":[{"id":10643,"href":"https:\/\/gazetaregionalna.com\/index.php?rest_route=\/wp\/v2\/posts\/10641\/revisions\/10643"}],"wp:featuredmedia":[{"embeddable":true,"href":"https:\/\/gazetaregionalna.com\/index.php?rest_route=\/wp\/v2\/media\/10642"}],"wp:attachment":[{"href":"https:\/\/gazetaregionalna.com\/index.php?rest_route=%2Fwp%2Fv2%2Fmedia&parent=10641"}],"wp:term":[{"taxonomy":"category","embeddable":true,"href":"https:\/\/gazetaregionalna.com\/index.php?rest_route=%2Fwp%2Fv2%2Fcategories&post=10641"},{"taxonomy":"post_tag","embeddable":true,"href":"https:\/\/gazetaregionalna.com\/index.php?rest_route=%2Fwp%2Fv2%2Ftags&post=10641"}],"curies":[{"name":"wp","href":"https:\/\/api.w.org\/{rel}","templated":true}]}}