{"id":105983,"date":"2023-05-09T15:36:32","date_gmt":"2023-05-09T15:36:32","guid":{"rendered":"https:\/\/gazetaregionalna.com\/?p=105983"},"modified":"2023-05-09T15:36:33","modified_gmt":"2023-05-09T15:36:33","slug":"siatkarze-exact-systems-norwid-rozpoczynaja-gre-w-wielkim-finale-i-walcza-o-awans-do-plus-ligi","status":"publish","type":"post","link":"https:\/\/gazetaregionalna.com\/?p=105983","title":{"rendered":"Siatkarze Exact Systems Norwid rozpoczynaj\u0105 gr\u0119 w wielkim finale i walcz\u0105 o awans do Plus Ligi!"},"content":{"rendered":"\n<p>Exact Systems Norwid rozpoczyna w czwartek decyduj\u0105c\u0105 batali\u0119 o awans do Plus Ligi. W pierwszym meczu fina\u0142owym Tauron 1 Ligi zagra w B\u0119dzinie z MKS-em. Drugi mecz zaplanowany jest w poniedzia\u0142ek o godz. 20:30 w Cz\u0119stochowie. W finale gra si\u0119 do trzech zwyci\u0119stw.<\/p>\n\n\n\n<p>Siatkarze Exact Systems Norwid pod okiem trenera Leszka Hudziaka tworz\u0105 pi\u0119kn\u0105 histori\u0119 cz\u0119stochowskiego klubu, kt\u00f3ra mo\u017ce zako\u0144czy\u0107 si\u0119 wielkim sukcesem i historycznym awansem do Plus Ligi. Dru\u017cyna z Cz\u0119stochowy po rundzie zasadniczej zaj\u0119\u0142a w tabeli Tauron 1 Ligi 2. miejsce, co ju\u017c by\u0142o bardzo du\u017cym sukcesem. Cz\u0119stochowscy siatkarze bardzo dobrze zaprezentowali si\u0119 te\u017c w play-off. W \u0107wier\u0107finale pokonali Avi\u0119 \u015awidnik, a w p\u00f3\u0142finale okazali si\u0119 lepsi od Chemeko System Gwardii Wroc\u0142aw, kt\u00f3r\u0105 prowadzi trener Dawid Murek. Exact Systems Norwid przegra\u0142 pierwszy mecze w Cz\u0119stochowie, ale wygra\u0142 we Wroc\u0142awiu i rywalizacja przenios\u0142a si\u0119 na decyduj\u0105ce trzecie starcie do Cz\u0119stochowy. Cz\u0119stochowscy siatkarze w minion\u0105 niedziel\u0119 po raz drugi pokonali w play-off Gwardi\u0119 i awansowali do wielkiego fina\u0142u Tauron 1 Ligi. Teraz b\u0119d\u0105 walczy\u0107 z MKS-em B\u0119dzin o awans do Plus Ligi.<\/p>\n\n\n\n<p>Zespo\u0142y b\u0119d\u0105 gra\u0107 w finale do 3 zwyci\u0119stw. Mecze b\u0119d\u0105 odbywa\u0107 si\u0119 na zmian\u0119. Pierwszy zaplanowany jest w czwartek w B\u0119dzinie, bo to MKS zaj\u0105\u0142 1. miejsce po rundzie zasadniczej. Drugi pojedynek odb\u0119dzie si\u0119 w poniedzia\u0142ek w Cz\u0119stochowie (HSC, godz. 20:30). Trzeci mecz zaplanowano na czwartek, 18 maja w B\u0119dzinie. Terminy ewentualnego czwartego i pi\u0105tego meczu zaplanowano na 21 maja w Cz\u0119stochowie i 24 maja w B\u0119dzinie.<\/p>\n\n\n\n<p>Fina\u0142owa rywalizacja tak si\u0119 u\u0142o\u017cy\u0142a, \u017ce z Cz\u0119stochowy do B\u0119dzina jest blisko i kibice b\u0119d\u0105 mogli wspiera\u0107 cz\u0119stochowian r\u00f3wnie\u017c na wyjazdach.<\/p>\n\n\n\n<p>AK, fot: AK<\/p>\n\n\n\n<figure class=\"wp-block-image size-large\"><img decoding=\"async\" width=\"300\" height=\"250\" data-src=\"https:\/\/gazetaregionalna.com\/wp-content\/uploads\/2022\/10\/DMK11.jpg\" alt=\"\" class=\"wp-image-95727 lazyload\" src=\"data:image\/svg+xml;base64,PHN2ZyB3aWR0aD0iMSIgaGVpZ2h0PSIxIiB4bWxucz0iaHR0cDovL3d3dy53My5vcmcvMjAwMC9zdmciPjwvc3ZnPg==\" style=\"--smush-placeholder-width: 300px; --smush-placeholder-aspect-ratio: 300\/250;\"><\/figure>\n\n\n\n<figure class=\"wp-block-image size-large\"><img decoding=\"async\" width=\"1024\" height=\"683\" data-src=\"https:\/\/gazetaregionalna.com\/wp-content\/uploads\/2023\/04\/Norwid-Gwardia-20-2-1024x683.jpg\" alt=\"\" class=\"wp-image-105545 lazyload\" data-srcset=\"https:\/\/gazetaregionalna.com\/wp-content\/uploads\/2023\/04\/Norwid-Gwardia-20-2-1024x683.jpg 1024w, https:\/\/gazetaregionalna.com\/wp-content\/uploads\/2023\/04\/Norwid-Gwardia-20-2-300x200.jpg 300w, https:\/\/gazetaregionalna.com\/wp-content\/uploads\/2023\/04\/Norwid-Gwardia-20-2-768x512.jpg 768w, https:\/\/gazetaregionalna.com\/wp-content\/uploads\/2023\/04\/Norwid-Gwardia-20-2-1536x1024.jpg 1536w, https:\/\/gazetaregionalna.com\/wp-content\/uploads\/2023\/04\/Norwid-Gwardia-20-2-696x464.jpg 696w, https:\/\/gazetaregionalna.com\/wp-content\/uploads\/2023\/04\/Norwid-Gwardia-20-2-1068x712.jpg 1068w, https:\/\/gazetaregionalna.com\/wp-content\/uploads\/2023\/04\/Norwid-Gwardia-20-2-1920x1280.jpg 1920w, https:\/\/gazetaregionalna.com\/wp-content\/uploads\/2023\/04\/Norwid-Gwardia-20-2-630x420.jpg 630w, https:\/\/gazetaregionalna.com\/wp-content\/uploads\/2023\/04\/Norwid-Gwardia-20-2-scaled.jpg 1600w\" data-sizes=\"(max-width: 1024px) 100vw, 1024px\" src=\"data:image\/svg+xml;base64,PHN2ZyB3aWR0aD0iMSIgaGVpZ2h0PSIxIiB4bWxucz0iaHR0cDovL3d3dy53My5vcmcvMjAwMC9zdmciPjwvc3ZnPg==\" style=\"--smush-placeholder-width: 1024px; --smush-placeholder-aspect-ratio: 1024\/683;\" \/><\/figure>\n\n\n\n<figure class=\"wp-block-image size-large\"><img decoding=\"async\" width=\"1024\" height=\"989\" data-src=\"https:\/\/gazetaregionalna.com\/wp-content\/uploads\/2023\/04\/AZSWilkasy-1024x989.jpg\" alt=\"\" class=\"wp-image-104333 lazyload\" data-srcset=\"https:\/\/gazetaregionalna.com\/wp-content\/uploads\/2023\/04\/AZSWilkasy-1024x989.jpg 1024w, https:\/\/gazetaregionalna.com\/wp-content\/uploads\/2023\/04\/AZSWilkasy-300x290.jpg 300w, https:\/\/gazetaregionalna.com\/wp-content\/uploads\/2023\/04\/AZSWilkasy-768x742.jpg 768w, https:\/\/gazetaregionalna.com\/wp-content\/uploads\/2023\/04\/AZSWilkasy-1536x1484.jpg 1536w, https:\/\/gazetaregionalna.com\/wp-content\/uploads\/2023\/04\/AZSWilkasy-2048x1979.jpg 2048w, https:\/\/gazetaregionalna.com\/wp-content\/uploads\/2023\/04\/AZSWilkasy-696x672.jpg 696w, https:\/\/gazetaregionalna.com\/wp-content\/uploads\/2023\/04\/AZSWilkasy-1068x1032.jpg 1068w, https:\/\/gazetaregionalna.com\/wp-content\/uploads\/2023\/04\/AZSWilkasy-1920x1855.jpg 1920w, https:\/\/gazetaregionalna.com\/wp-content\/uploads\/2023\/04\/AZSWilkasy-435x420.jpg 435w, https:\/\/gazetaregionalna.com\/wp-content\/uploads\/2023\/04\/AZSWilkasy-scaled.jpg 1600w\" data-sizes=\"(max-width: 1024px) 100vw, 1024px\" src=\"data:image\/svg+xml;base64,PHN2ZyB3aWR0aD0iMSIgaGVpZ2h0PSIxIiB4bWxucz0iaHR0cDovL3d3dy53My5vcmcvMjAwMC9zdmciPjwvc3ZnPg==\" style=\"--smush-placeholder-width: 1024px; --smush-placeholder-aspect-ratio: 1024\/989;\" \/><\/figure>\n","protected":false},"excerpt":{"rendered":"<p>Exact Systems Norwid rozpoczyna w czwartek decyduj\u0105c\u0105 batali\u0119 o awans do Plus Ligi. W pierwszym meczu fina\u0142owym Tauron 1 Ligi zagra w B\u0119dzinie z<\/p>\n","protected":false},"author":15,"featured_media":105545,"comment_status":"closed","ping_status":"open","sticky":false,"template":"","format":"standard","meta":{"_monsterinsights_skip_tracking":false,"_monsterinsights_sitenote_active":false,"_monsterinsights_sitenote_note":"","_monsterinsights_sitenote_category":0,"_uf_show_specific_survey":0,"_uf_disable_surveys":false,"footnotes":""},"categories":[5,8],"tags":[],"class_list":["post-105983","post","type-post","status-publish","format-standard","has-post-thumbnail","hentry","category-sport","category-siatkowka"],"_links":{"self":[{"href":"https:\/\/gazetaregionalna.com\/index.php?rest_route=\/wp\/v2\/posts\/105983","targetHints":{"allow":["GET"]}}],"collection":[{"href":"https:\/\/gazetaregionalna.com\/index.php?rest_route=\/wp\/v2\/posts"}],"about":[{"href":"https:\/\/gazetaregionalna.com\/index.php?rest_route=\/wp\/v2\/types\/post"}],"author":[{"embeddable":true,"href":"https:\/\/gazetaregionalna.com\/index.php?rest_route=\/wp\/v2\/users\/15"}],"replies":[{"embeddable":true,"href":"https:\/\/gazetaregionalna.com\/index.php?rest_route=%2Fwp%2Fv2%2Fcomments&post=105983"}],"version-history":[{"count":1,"href":"https:\/\/gazetaregionalna.com\/index.php?rest_route=\/wp\/v2\/posts\/105983\/revisions"}],"predecessor-version":[{"id":105984,"href":"https:\/\/gazetaregionalna.com\/index.php?rest_route=\/wp\/v2\/posts\/105983\/revisions\/105984"}],"wp:featuredmedia":[{"embeddable":true,"href":"https:\/\/gazetaregionalna.com\/index.php?rest_route=\/wp\/v2\/media\/105545"}],"wp:attachment":[{"href":"https:\/\/gazetaregionalna.com\/index.php?rest_route=%2Fwp%2Fv2%2Fmedia&parent=105983"}],"wp:term":[{"taxonomy":"category","embeddable":true,"href":"https:\/\/gazetaregionalna.com\/index.php?rest_route=%2Fwp%2Fv2%2Fcategories&post=105983"},{"taxonomy":"post_tag","embeddable":true,"href":"https:\/\/gazetaregionalna.com\/index.php?rest_route=%2Fwp%2Fv2%2Ftags&post=105983"}],"curies":[{"name":"wp","href":"https:\/\/api.w.org\/{rel}","templated":true}]}}