{"id":104995,"date":"2023-04-21T14:20:47","date_gmt":"2023-04-21T14:20:47","guid":{"rendered":"https:\/\/gazetaregionalna.com\/?p=104995"},"modified":"2023-04-21T14:20:49","modified_gmt":"2023-04-21T14:20:49","slug":"kacper-woryna-pojedzie-w-piatkowym-meczu-ze-stala-gorzow","status":"publish","type":"post","link":"https:\/\/gazetaregionalna.com\/?p=104995","title":{"rendered":"Kacper Woryna pojedzie w pi\u0105tkowym meczu ze Stal\u0105 Gorz\u00f3w!"},"content":{"rendered":"\n<p>Tauron W\u0142\u00f3kniarz Cz\u0119stochowa poinformowa\u0142 w pi\u0105tkowe po\u0142udnie, \u017ce Kacper Woryna b\u0119dzie si\u0119 \u015bciga\u0107 w pi\u0105tkowym meczu z wicemistrzem Polski Stal\u0105 Gorz\u00f3w.<\/p>\n\n\n\n<p>Wielu kibic\u00f3w zastanawia\u0142o si\u0119, kiedy Kacper Woryna powr\u00f3ci do \u015bcigania. Wszystko wskazuje na to, \u017ce ju\u017c dzisiaj. O godz. 20:30 rozpocznie si\u0119 przy Olszty\u0144skiej mecz z wicemistrzem Polski Stal\u0105 Gorz\u00f3w.<\/p>\n\n\n\n<p>Klub w pi\u0105tek wyda\u0142 kr\u00f3tki komunikat.<\/p>\n\n\n\n<p>\u201eDrodzy Kibice! Informujemy, \u017ce po udziale Kacpra Woryny we wczorajszym treningu oraz po dzisiejszych, porannych konsultacjach ze sztabem medycznym, a tak\u017ce sztabem szkoleniowym wsp\u00f3lnie z zawodnikiem podj\u0119to decyzj\u0119 o jego starcie w wieczornym meczu ligowym.<\/p>\n\n\n\n<p>Kacper Woryna\u00a0jest zdolny do jazdy i wyst\u0105pi w spotkaniu przeciwko ebut.pl Stali Gorz\u00f3w.<\/p>\n\n\n\n<p>AK, fot: AK<\/p>\n\n\n\n<figure class=\"wp-block-image size-large\"><img decoding=\"async\" width=\"1024\" height=\"683\" data-src=\"https:\/\/gazetaregionalna.com\/wp-content\/uploads\/2023\/04\/PresDay-20-2-1024x683.jpg\" alt=\"\" class=\"wp-image-104079 lazyload\" data-srcset=\"https:\/\/gazetaregionalna.com\/wp-content\/uploads\/2023\/04\/PresDay-20-2-1024x683.jpg 1024w, https:\/\/gazetaregionalna.com\/wp-content\/uploads\/2023\/04\/PresDay-20-2-300x200.jpg 300w, https:\/\/gazetaregionalna.com\/wp-content\/uploads\/2023\/04\/PresDay-20-2-768x512.jpg 768w, https:\/\/gazetaregionalna.com\/wp-content\/uploads\/2023\/04\/PresDay-20-2-1536x1024.jpg 1536w, https:\/\/gazetaregionalna.com\/wp-content\/uploads\/2023\/04\/PresDay-20-2-696x464.jpg 696w, https:\/\/gazetaregionalna.com\/wp-content\/uploads\/2023\/04\/PresDay-20-2-1068x712.jpg 1068w, https:\/\/gazetaregionalna.com\/wp-content\/uploads\/2023\/04\/PresDay-20-2-1920x1280.jpg 1920w, https:\/\/gazetaregionalna.com\/wp-content\/uploads\/2023\/04\/PresDay-20-2-630x420.jpg 630w, https:\/\/gazetaregionalna.com\/wp-content\/uploads\/2023\/04\/PresDay-20-2-scaled.jpg 1600w\" data-sizes=\"(max-width: 1024px) 100vw, 1024px\" src=\"data:image\/svg+xml;base64,PHN2ZyB3aWR0aD0iMSIgaGVpZ2h0PSIxIiB4bWxucz0iaHR0cDovL3d3dy53My5vcmcvMjAwMC9zdmciPjwvc3ZnPg==\" style=\"--smush-placeholder-width: 1024px; --smush-placeholder-aspect-ratio: 1024\/683;\" \/><\/figure>\n\n\n\n<figure class=\"wp-block-image size-large\"><img decoding=\"async\" width=\"1024\" height=\"683\" data-src=\"https:\/\/gazetaregionalna.com\/wp-content\/uploads\/2023\/04\/CKM-Motor-52-2-1024x683.jpg\" alt=\"\" class=\"wp-image-104794 lazyload\" data-srcset=\"https:\/\/gazetaregionalna.com\/wp-content\/uploads\/2023\/04\/CKM-Motor-52-2-1024x683.jpg 1024w, https:\/\/gazetaregionalna.com\/wp-content\/uploads\/2023\/04\/CKM-Motor-52-2-300x200.jpg 300w, https:\/\/gazetaregionalna.com\/wp-content\/uploads\/2023\/04\/CKM-Motor-52-2-768x512.jpg 768w, https:\/\/gazetaregionalna.com\/wp-content\/uploads\/2023\/04\/CKM-Motor-52-2-1536x1024.jpg 1536w, https:\/\/gazetaregionalna.com\/wp-content\/uploads\/2023\/04\/CKM-Motor-52-2-696x464.jpg 696w, https:\/\/gazetaregionalna.com\/wp-content\/uploads\/2023\/04\/CKM-Motor-52-2-1068x712.jpg 1068w, https:\/\/gazetaregionalna.com\/wp-content\/uploads\/2023\/04\/CKM-Motor-52-2-1920x1280.jpg 1920w, https:\/\/gazetaregionalna.com\/wp-content\/uploads\/2023\/04\/CKM-Motor-52-2-630x420.jpg 630w, https:\/\/gazetaregionalna.com\/wp-content\/uploads\/2023\/04\/CKM-Motor-52-2-scaled.jpg 1600w\" data-sizes=\"(max-width: 1024px) 100vw, 1024px\" src=\"data:image\/svg+xml;base64,PHN2ZyB3aWR0aD0iMSIgaGVpZ2h0PSIxIiB4bWxucz0iaHR0cDovL3d3dy53My5vcmcvMjAwMC9zdmciPjwvc3ZnPg==\" style=\"--smush-placeholder-width: 1024px; --smush-placeholder-aspect-ratio: 1024\/683;\" \/><\/figure>\n","protected":false},"excerpt":{"rendered":"<p>Tauron W\u0142\u00f3kniarz Cz\u0119stochowa poinformowa\u0142 w pi\u0105tkowe po\u0142udnie, \u017ce Kacper Woryna b\u0119dzie si\u0119 \u015bciga\u0107 w pi\u0105tkowym meczu z wicemistrzem Polski Stal\u0105 Gorz\u00f3w. Wielu kibic\u00f3w zastanawia\u0142o<\/p>\n","protected":false},"author":15,"featured_media":104794,"comment_status":"closed","ping_status":"open","sticky":false,"template":"","format":"standard","meta":{"_monsterinsights_skip_tracking":false,"_monsterinsights_sitenote_active":false,"_monsterinsights_sitenote_note":"","_monsterinsights_sitenote_category":0,"_uf_show_specific_survey":0,"_uf_disable_surveys":false,"footnotes":""},"categories":[5,7],"tags":[],"class_list":["post-104995","post","type-post","status-publish","format-standard","has-post-thumbnail","hentry","category-sport","category-zuzel"],"_links":{"self":[{"href":"https:\/\/gazetaregionalna.com\/index.php?rest_route=\/wp\/v2\/posts\/104995","targetHints":{"allow":["GET"]}}],"collection":[{"href":"https:\/\/gazetaregionalna.com\/index.php?rest_route=\/wp\/v2\/posts"}],"about":[{"href":"https:\/\/gazetaregionalna.com\/index.php?rest_route=\/wp\/v2\/types\/post"}],"author":[{"embeddable":true,"href":"https:\/\/gazetaregionalna.com\/index.php?rest_route=\/wp\/v2\/users\/15"}],"replies":[{"embeddable":true,"href":"https:\/\/gazetaregionalna.com\/index.php?rest_route=%2Fwp%2Fv2%2Fcomments&post=104995"}],"version-history":[{"count":1,"href":"https:\/\/gazetaregionalna.com\/index.php?rest_route=\/wp\/v2\/posts\/104995\/revisions"}],"predecessor-version":[{"id":105004,"href":"https:\/\/gazetaregionalna.com\/index.php?rest_route=\/wp\/v2\/posts\/104995\/revisions\/105004"}],"wp:featuredmedia":[{"embeddable":true,"href":"https:\/\/gazetaregionalna.com\/index.php?rest_route=\/wp\/v2\/media\/104794"}],"wp:attachment":[{"href":"https:\/\/gazetaregionalna.com\/index.php?rest_route=%2Fwp%2Fv2%2Fmedia&parent=104995"}],"wp:term":[{"taxonomy":"category","embeddable":true,"href":"https:\/\/gazetaregionalna.com\/index.php?rest_route=%2Fwp%2Fv2%2Fcategories&post=104995"},{"taxonomy":"post_tag","embeddable":true,"href":"https:\/\/gazetaregionalna.com\/index.php?rest_route=%2Fwp%2Fv2%2Ftags&post=104995"}],"curies":[{"name":"wp","href":"https:\/\/api.w.org\/{rel}","templated":true}]}}