{"id":10478,"date":"2020-03-03T08:43:21","date_gmt":"2020-03-03T08:43:21","guid":{"rendered":"https:\/\/gazetaregionalna.com\/?p=10478"},"modified":"2020-03-03T08:43:23","modified_gmt":"2020-03-03T08:43:23","slug":"szczesliwa-kobieta-to-zdrowa-kobieta","status":"publish","type":"post","link":"https:\/\/gazetaregionalna.com\/?p=10478","title":{"rendered":"Szcz\u0119\u015bliwa kobieta to zdrowa kobieta"},"content":{"rendered":"\n<p>Cz\u0119stochowska Poradnia Onkologiczna mieszcz\u0105ca si\u0119 przy ul. Warszawskiej 30 zaprasza panie do udzia\u0142u w akcji profilaktycznej. W sobot\u0119, 7 marca, w przeddzie\u0144 \u015bwi\u0119ta kobiet cz\u0119stochowianki b\u0119d\u0105 mog\u0142y skorzysta\u0107 z bezp\u0142atnych bada\u0144.<br>\nW poradni maj\u0105 by\u0107 wykonywane m.in. USG piersi, pomiar ci\u015bnienia t\u0119tniczego, pomiar poziomu cukru we krwi. Specjali\u015bci proponuj\u0105 r\u00f3wnie\u017c analiz\u0119 sk\u0142adu cia\u0142a oraz nauk\u0119 samobadania piersi.<br>\nBadania potrwaj\u0105 od godziny 10 do 14. Liczba miejsc ograniczona. Organizatorzy akcji profilaktycznej przyjmuj\u0105 zapisy ch\u0119tnych pod numerem telefonu: 34 399 47 00.<\/p>\n","protected":false},"excerpt":{"rendered":"<p>Cz\u0119stochowska Poradnia Onkologiczna mieszcz\u0105ca si\u0119 przy ul. Warszawskiej 30 zaprasza panie do udzia\u0142u w akcji profilaktycznej. W sobot\u0119, 7 marca, w przeddzie\u0144 \u015bwi\u0119ta kobiet<\/p>\n","protected":false},"author":7,"featured_media":10479,"comment_status":"open","ping_status":"open","sticky":false,"template":"","format":"standard","meta":{"_monsterinsights_skip_tracking":false,"_monsterinsights_sitenote_active":false,"_monsterinsights_sitenote_note":"","_monsterinsights_sitenote_category":0,"_uf_show_specific_survey":0,"_uf_disable_surveys":false,"footnotes":""},"categories":[19,3,94,2],"tags":[],"class_list":["post-10478","post","type-post","status-publish","format-standard","has-post-thumbnail","hentry","category-zdrowie-i-uroda","category-czestochowa-informacje","category-polecane","category-wiadomosci"],"_links":{"self":[{"href":"https:\/\/gazetaregionalna.com\/index.php?rest_route=\/wp\/v2\/posts\/10478","targetHints":{"allow":["GET"]}}],"collection":[{"href":"https:\/\/gazetaregionalna.com\/index.php?rest_route=\/wp\/v2\/posts"}],"about":[{"href":"https:\/\/gazetaregionalna.com\/index.php?rest_route=\/wp\/v2\/types\/post"}],"author":[{"embeddable":true,"href":"https:\/\/gazetaregionalna.com\/index.php?rest_route=\/wp\/v2\/users\/7"}],"replies":[{"embeddable":true,"href":"https:\/\/gazetaregionalna.com\/index.php?rest_route=%2Fwp%2Fv2%2Fcomments&post=10478"}],"version-history":[{"count":1,"href":"https:\/\/gazetaregionalna.com\/index.php?rest_route=\/wp\/v2\/posts\/10478\/revisions"}],"predecessor-version":[{"id":10480,"href":"https:\/\/gazetaregionalna.com\/index.php?rest_route=\/wp\/v2\/posts\/10478\/revisions\/10480"}],"wp:featuredmedia":[{"embeddable":true,"href":"https:\/\/gazetaregionalna.com\/index.php?rest_route=\/wp\/v2\/media\/10479"}],"wp:attachment":[{"href":"https:\/\/gazetaregionalna.com\/index.php?rest_route=%2Fwp%2Fv2%2Fmedia&parent=10478"}],"wp:term":[{"taxonomy":"category","embeddable":true,"href":"https:\/\/gazetaregionalna.com\/index.php?rest_route=%2Fwp%2Fv2%2Fcategories&post=10478"},{"taxonomy":"post_tag","embeddable":true,"href":"https:\/\/gazetaregionalna.com\/index.php?rest_route=%2Fwp%2Fv2%2Ftags&post=10478"}],"curies":[{"name":"wp","href":"https:\/\/api.w.org\/{rel}","templated":true}]}}