{"id":104665,"date":"2023-04-18T17:02:27","date_gmt":"2023-04-18T17:02:27","guid":{"rendered":"https:\/\/gazetaregionalna.com\/?p=104665"},"modified":"2023-04-18T17:02:28","modified_gmt":"2023-04-18T17:02:28","slug":"siatkarze-exact-systems-norwid-rozpoczynaja-walke-w-play-off","status":"publish","type":"post","link":"https:\/\/gazetaregionalna.com\/?p=104665","title":{"rendered":"Siatkarze Exact Systems Norwid rozpoczynaj\u0105 walk\u0119 w play-off"},"content":{"rendered":"\n<p>Exact Systems Norwid w sobot\u0119 zako\u0144czy\u0142 rozgrywki w rundzie zasadniczej Tauron 1 Ligi, a ju\u017c w \u015brod\u0119 rozpocznie walk\u0119 w play-off o awans do Plus Ligi.<\/p>\n\n\n\n<p>Cz\u0119stochowscy siatkarze rund\u0119 zasadnicz\u0105 w Tauron 1 Lidze zako\u0144czyli na wysokim 2. miejscu. W \u015brod\u0119 rozpoczn\u0105 play-offy. Zespo\u0142y zagraj\u0105 systemem: 1. z 8., 2. z 7., 3. z 6. i 4. z 5. Podopieczni trenera Leszka Hudziaka w \u0107wier\u0107finale play-off zagraj\u0105 z Avi\u0105 \u015awidnik, kt\u00f3ra zaj\u0119\u0142a po rundzie zasadniczej 7. pozycj\u0119. Cz\u0119stochowianie s\u0105 faworytem tej konfrontacji. Pierwszy mecz odb\u0119dzie si\u0119 w \u015brod\u0119 o godz. 18 w Cz\u0119stochowie, a rewan\u017c w sobot\u0119 w \u015awidniku. Je\u015bli po dw\u00f3ch spotkaniach b\u0119dzie remis 1:1 to zespo\u0142y na trzeci pojedynek przenios\u0105 si\u0119 ponownie do Cz\u0119stochowy. Na tym etapie gra si\u0119 do dw\u00f3ch wygranych mecz\u00f3w.<\/p>\n\n\n\n<p>Je\u015bli siatkarze Exact Systems Norwid awansuj\u0105 do p\u00f3\u0142fina\u0142u play-off, a na to licz\u0105 wszyscy cz\u0119stochowscy kibice to w kolejnej rundzie zmierz\u0105 si\u0119 ze zwyci\u0119zc\u0105 pary Gwardia Wroc\u0142aw \u2013 AZS AGH Krak\u00f3w. Gwardia po rundzie zasadniczej zaj\u0119\u0142a 3. pozycj\u0119 i b\u0119dzie faworytem w spotkaniu z siatkarzami z Krakowa.<\/p>\n\n\n\n<p>\u015arodowy mecz zaplanowano o godz. 18.<\/p>\n\n\n\n<p>AK, fot: AK<\/p>\n\n\n\n<figure class=\"wp-block-image size-large\"><img decoding=\"async\" width=\"1024\" height=\"683\" data-src=\"https:\/\/gazetaregionalna.com\/wp-content\/uploads\/2023\/03\/Norwid-Avia-3-1024x683.jpg\" alt=\"\" class=\"wp-image-103351 lazyload\" data-srcset=\"https:\/\/gazetaregionalna.com\/wp-content\/uploads\/2023\/03\/Norwid-Avia-3-1024x683.jpg 1024w, https:\/\/gazetaregionalna.com\/wp-content\/uploads\/2023\/03\/Norwid-Avia-3-300x200.jpg 300w, https:\/\/gazetaregionalna.com\/wp-content\/uploads\/2023\/03\/Norwid-Avia-3-768x512.jpg 768w, https:\/\/gazetaregionalna.com\/wp-content\/uploads\/2023\/03\/Norwid-Avia-3-1536x1024.jpg 1536w, https:\/\/gazetaregionalna.com\/wp-content\/uploads\/2023\/03\/Norwid-Avia-3-696x464.jpg 696w, https:\/\/gazetaregionalna.com\/wp-content\/uploads\/2023\/03\/Norwid-Avia-3-1068x712.jpg 1068w, https:\/\/gazetaregionalna.com\/wp-content\/uploads\/2023\/03\/Norwid-Avia-3-630x420.jpg 630w, https:\/\/gazetaregionalna.com\/wp-content\/uploads\/2023\/03\/Norwid-Avia-3-scaled.jpg 1600w\" data-sizes=\"(max-width: 1024px) 100vw, 1024px\" src=\"data:image\/svg+xml;base64,PHN2ZyB3aWR0aD0iMSIgaGVpZ2h0PSIxIiB4bWxucz0iaHR0cDovL3d3dy53My5vcmcvMjAwMC9zdmciPjwvc3ZnPg==\" style=\"--smush-placeholder-width: 1024px; --smush-placeholder-aspect-ratio: 1024\/683;\" \/><\/figure>\n\n\n\n<figure class=\"wp-block-image size-large\"><img decoding=\"async\" width=\"1024\" height=\"989\" data-src=\"https:\/\/gazetaregionalna.com\/wp-content\/uploads\/2023\/04\/AZSWilkasy-1024x989.jpg\" alt=\"\" class=\"wp-image-104333 lazyload\" data-srcset=\"https:\/\/gazetaregionalna.com\/wp-content\/uploads\/2023\/04\/AZSWilkasy-1024x989.jpg 1024w, https:\/\/gazetaregionalna.com\/wp-content\/uploads\/2023\/04\/AZSWilkasy-300x290.jpg 300w, https:\/\/gazetaregionalna.com\/wp-content\/uploads\/2023\/04\/AZSWilkasy-768x742.jpg 768w, https:\/\/gazetaregionalna.com\/wp-content\/uploads\/2023\/04\/AZSWilkasy-1536x1484.jpg 1536w, https:\/\/gazetaregionalna.com\/wp-content\/uploads\/2023\/04\/AZSWilkasy-2048x1979.jpg 2048w, https:\/\/gazetaregionalna.com\/wp-content\/uploads\/2023\/04\/AZSWilkasy-696x672.jpg 696w, https:\/\/gazetaregionalna.com\/wp-content\/uploads\/2023\/04\/AZSWilkasy-1068x1032.jpg 1068w, https:\/\/gazetaregionalna.com\/wp-content\/uploads\/2023\/04\/AZSWilkasy-1920x1855.jpg 1920w, https:\/\/gazetaregionalna.com\/wp-content\/uploads\/2023\/04\/AZSWilkasy-435x420.jpg 435w, https:\/\/gazetaregionalna.com\/wp-content\/uploads\/2023\/04\/AZSWilkasy-scaled.jpg 1600w\" data-sizes=\"(max-width: 1024px) 100vw, 1024px\" src=\"data:image\/svg+xml;base64,PHN2ZyB3aWR0aD0iMSIgaGVpZ2h0PSIxIiB4bWxucz0iaHR0cDovL3d3dy53My5vcmcvMjAwMC9zdmciPjwvc3ZnPg==\" style=\"--smush-placeholder-width: 1024px; --smush-placeholder-aspect-ratio: 1024\/989;\" \/><\/figure>\n\n\n\n<figure class=\"wp-block-image size-large\"><img decoding=\"async\" width=\"1024\" height=\"683\" data-src=\"https:\/\/gazetaregionalna.com\/wp-content\/uploads\/2023\/03\/Norwid-Avia-4-1024x683.jpg\" alt=\"\" class=\"wp-image-103352 lazyload\" data-srcset=\"https:\/\/gazetaregionalna.com\/wp-content\/uploads\/2023\/03\/Norwid-Avia-4-1024x683.jpg 1024w, https:\/\/gazetaregionalna.com\/wp-content\/uploads\/2023\/03\/Norwid-Avia-4-300x200.jpg 300w, https:\/\/gazetaregionalna.com\/wp-content\/uploads\/2023\/03\/Norwid-Avia-4-768x512.jpg 768w, https:\/\/gazetaregionalna.com\/wp-content\/uploads\/2023\/03\/Norwid-Avia-4-1536x1024.jpg 1536w, https:\/\/gazetaregionalna.com\/wp-content\/uploads\/2023\/03\/Norwid-Avia-4-696x464.jpg 696w, https:\/\/gazetaregionalna.com\/wp-content\/uploads\/2023\/03\/Norwid-Avia-4-1068x712.jpg 1068w, https:\/\/gazetaregionalna.com\/wp-content\/uploads\/2023\/03\/Norwid-Avia-4-630x420.jpg 630w, https:\/\/gazetaregionalna.com\/wp-content\/uploads\/2023\/03\/Norwid-Avia-4-scaled.jpg 1600w\" data-sizes=\"(max-width: 1024px) 100vw, 1024px\" src=\"data:image\/svg+xml;base64,PHN2ZyB3aWR0aD0iMSIgaGVpZ2h0PSIxIiB4bWxucz0iaHR0cDovL3d3dy53My5vcmcvMjAwMC9zdmciPjwvc3ZnPg==\" style=\"--smush-placeholder-width: 1024px; --smush-placeholder-aspect-ratio: 1024\/683;\" \/><\/figure>\n\n\n\n<figure class=\"wp-block-image size-large\"><img decoding=\"async\" width=\"300\" height=\"250\" data-src=\"https:\/\/gazetaregionalna.com\/wp-content\/uploads\/2022\/04\/DMK-9.jpg\" alt=\"\" class=\"wp-image-77216 lazyload\" src=\"data:image\/svg+xml;base64,PHN2ZyB3aWR0aD0iMSIgaGVpZ2h0PSIxIiB4bWxucz0iaHR0cDovL3d3dy53My5vcmcvMjAwMC9zdmciPjwvc3ZnPg==\" style=\"--smush-placeholder-width: 300px; --smush-placeholder-aspect-ratio: 300\/250;\"><\/figure>\n\n\n\n<figure class=\"wp-block-image size-large\"><img decoding=\"async\" width=\"1024\" height=\"683\" data-src=\"https:\/\/gazetaregionalna.com\/wp-content\/uploads\/2023\/03\/Norwid-Avia-2-1024x683.jpg\" alt=\"\" class=\"wp-image-103350 lazyload\" data-srcset=\"https:\/\/gazetaregionalna.com\/wp-content\/uploads\/2023\/03\/Norwid-Avia-2-1024x683.jpg 1024w, https:\/\/gazetaregionalna.com\/wp-content\/uploads\/2023\/03\/Norwid-Avia-2-300x200.jpg 300w, https:\/\/gazetaregionalna.com\/wp-content\/uploads\/2023\/03\/Norwid-Avia-2-768x512.jpg 768w, https:\/\/gazetaregionalna.com\/wp-content\/uploads\/2023\/03\/Norwid-Avia-2-1536x1024.jpg 1536w, https:\/\/gazetaregionalna.com\/wp-content\/uploads\/2023\/03\/Norwid-Avia-2-696x464.jpg 696w, https:\/\/gazetaregionalna.com\/wp-content\/uploads\/2023\/03\/Norwid-Avia-2-1068x712.jpg 1068w, https:\/\/gazetaregionalna.com\/wp-content\/uploads\/2023\/03\/Norwid-Avia-2-630x420.jpg 630w, https:\/\/gazetaregionalna.com\/wp-content\/uploads\/2023\/03\/Norwid-Avia-2-scaled.jpg 1600w\" data-sizes=\"(max-width: 1024px) 100vw, 1024px\" src=\"data:image\/svg+xml;base64,PHN2ZyB3aWR0aD0iMSIgaGVpZ2h0PSIxIiB4bWxucz0iaHR0cDovL3d3dy53My5vcmcvMjAwMC9zdmciPjwvc3ZnPg==\" style=\"--smush-placeholder-width: 1024px; --smush-placeholder-aspect-ratio: 1024\/683;\" \/><\/figure>\n","protected":false},"excerpt":{"rendered":"<p>Exact Systems Norwid w sobot\u0119 zako\u0144czy\u0142 rozgrywki w rundzie zasadniczej Tauron 1 Ligi, a ju\u017c w \u015brod\u0119 rozpocznie walk\u0119 w play-off o awans do<\/p>\n","protected":false},"author":15,"featured_media":103351,"comment_status":"closed","ping_status":"open","sticky":false,"template":"","format":"standard","meta":{"_monsterinsights_skip_tracking":false,"_monsterinsights_sitenote_active":false,"_monsterinsights_sitenote_note":"","_monsterinsights_sitenote_category":0,"_uf_show_specific_survey":0,"_uf_disable_surveys":false,"footnotes":""},"categories":[5,8],"tags":[],"class_list":["post-104665","post","type-post","status-publish","format-standard","has-post-thumbnail","hentry","category-sport","category-siatkowka"],"_links":{"self":[{"href":"https:\/\/gazetaregionalna.com\/index.php?rest_route=\/wp\/v2\/posts\/104665","targetHints":{"allow":["GET"]}}],"collection":[{"href":"https:\/\/gazetaregionalna.com\/index.php?rest_route=\/wp\/v2\/posts"}],"about":[{"href":"https:\/\/gazetaregionalna.com\/index.php?rest_route=\/wp\/v2\/types\/post"}],"author":[{"embeddable":true,"href":"https:\/\/gazetaregionalna.com\/index.php?rest_route=\/wp\/v2\/users\/15"}],"replies":[{"embeddable":true,"href":"https:\/\/gazetaregionalna.com\/index.php?rest_route=%2Fwp%2Fv2%2Fcomments&post=104665"}],"version-history":[{"count":1,"href":"https:\/\/gazetaregionalna.com\/index.php?rest_route=\/wp\/v2\/posts\/104665\/revisions"}],"predecessor-version":[{"id":104666,"href":"https:\/\/gazetaregionalna.com\/index.php?rest_route=\/wp\/v2\/posts\/104665\/revisions\/104666"}],"wp:featuredmedia":[{"embeddable":true,"href":"https:\/\/gazetaregionalna.com\/index.php?rest_route=\/wp\/v2\/media\/103351"}],"wp:attachment":[{"href":"https:\/\/gazetaregionalna.com\/index.php?rest_route=%2Fwp%2Fv2%2Fmedia&parent=104665"}],"wp:term":[{"taxonomy":"category","embeddable":true,"href":"https:\/\/gazetaregionalna.com\/index.php?rest_route=%2Fwp%2Fv2%2Fcategories&post=104665"},{"taxonomy":"post_tag","embeddable":true,"href":"https:\/\/gazetaregionalna.com\/index.php?rest_route=%2Fwp%2Fv2%2Ftags&post=104665"}],"curies":[{"name":"wp","href":"https:\/\/api.w.org\/{rel}","templated":true}]}}