{"id":104649,"date":"2023-04-17T20:48:20","date_gmt":"2023-04-17T20:48:20","guid":{"rendered":"https:\/\/gazetaregionalna.com\/?p=104649"},"modified":"2023-04-17T20:48:21","modified_gmt":"2023-04-17T20:48:21","slug":"nagrody-dla-najzdolniejszych-uczniow","status":"publish","type":"post","link":"https:\/\/gazetaregionalna.com\/?p=104649","title":{"rendered":"Jak wnioskowa\u0107 o nagrody dla najzdolniejszych uczni\u00f3w z Cz\u0119stochowy?"},"content":{"rendered":"\n<h2 class=\"wp-block-heading\">Od 24 kwietnia do 5 maja b\u0119dzie mo\u017cna sk\u0142ada\u0107 wnioski o przyznanie nagrody Prezydenta Miasta Cz\u0119stochowy dla uczni\u00f3w szczeg\u00f3lnie uzdolnionych.<\/h2>\n\n\n\n<p>Nagroda stanowi form\u0119 pomocy materialnej dla najzdolniejszych uczni\u00f3w i jest wyr\u00f3\u017cnieniem indywidualnym dla tych, kt\u00f3rych zainteresowania wykraczaj\u0105 poza program szkolny.<\/p>\n\n\n\n<p>Wnioski mo\u017cna sk\u0142ada\u0107 w dw\u00f3ch kategoriach: Nagroda Prezydenta Miasta Cz\u0119stochowy dla uczni\u00f3w szczeg\u00f3lnie uzdolnionych \u2013 przeznaczon\u0105 dla uczni\u00f3w szk\u00f3\u0142 podstawowych (od poziomu IV do VIII) i ponadpodstawowych z wy\u0142\u0105czeniem szk\u00f3\u0142 artystycznych, szk\u00f3\u0142 bran\u017cowych I i II stopnia oraz szk\u00f3\u0142 technicznych, a tak\u017ce Nagroda Prezydenta Miasta Cz\u0119stochowy dla szczeg\u00f3lnie uzdolnionych uczni\u00f3w szk\u00f3\u0142 technicznych i bran\u017cowych.<\/p>\n\n\n\n<p>Szczeg\u00f3\u0142y dotycz\u0105ce wymaga\u0144 od zg\u0142aszanych kandydat\u00f3w znajduj\u0105 si\u0119 w regulaminach i wnioskach dost\u0119pnych na stronie <a href=\"https:\/\/www.czestochowa.pl\/mozna-wnioskowac-o-nagrody-dla-najzdolniejszych\" target=\"_blank\" rel=\"noopener\">www.czestochowa.pl<\/a>. Miasto prosi r\u00f3wnie\u017c o zwr\u00f3cenie uwagi na do\u0142\u0105czone do wniosk\u00f3w klauzule RODO i o\u015bwiadczenia o zgodzie na przetwarzanie danych osobowych, zar\u00f3wno os\u00f3b zg\u0142aszaj\u0105cych kandydat\u00f3w, jak i samych kandydat\u00f3w, a w przypadku kandydat\u00f3w niepe\u0142noletnich \u2013 ich rodzic\u00f3w lub opiekun\u00f3w prawnych. Ich podpisanie przez ww. jest niezb\u0119dne dla formalnego zakwalifikowania wniosk\u00f3w do oceny przez Komisj\u0119.<\/p>\n\n\n\n<p>Wnioski, w przypadku szk\u00f3\u0142 publicznych, nale\u017cy wysy\u0142a\u0107 w wersji elektronicznej na adresy: info@czestochowa.um.gov.pl i sweglewski@czestochowa.um.gov.pl oraz &#8211; w wersji papierowej \u2013 z\u0142o\u017cy\u0107 w pokoju nr 339 Urz\u0119du Miasta przy ul. \u015al\u0105skiej 11\/13.<\/p>\n\n\n\n<p>Szko\u0142y niepubliczne, rodzice oraz inne uprawnione podmioty sk\u0142adaj\u0105 wnioski w wersji papierowej w Kancelarii Urz\u0119du Miasta przy ul. \u015al\u0105skiej 11\/13 a ich skany przesy\u0142aj\u0105 na adres: sweglewski@czestochowa.um.gov.pl.<\/p>\n\n\n\n<p><strong>mat. UM Cz\u0119stochowy<\/strong><\/p>\n","protected":false},"excerpt":{"rendered":"<p>Od 24 kwietnia do 5 maja b\u0119dzie mo\u017cna sk\u0142ada\u0107 wnioski o przyznanie nagrody Prezydenta Miasta Cz\u0119stochowy dla uczni\u00f3w szczeg\u00f3lnie uzdolnionych. Nagroda stanowi form\u0119 pomocy<\/p>\n","protected":false},"author":11,"featured_media":104652,"comment_status":"closed","ping_status":"open","sticky":false,"template":"","format":"standard","meta":{"_monsterinsights_skip_tracking":false,"_monsterinsights_sitenote_active":false,"_monsterinsights_sitenote_note":"","_monsterinsights_sitenote_category":0,"_uf_show_specific_survey":0,"_uf_disable_surveys":false,"footnotes":""},"categories":[41,3,2],"tags":[974,1806,1640],"class_list":["post-104649","post","type-post","status-publish","format-standard","has-post-thumbnail","hentry","category-edukacja","category-czestochowa-informacje","category-wiadomosci","tag-nagrody","tag-uczniowie","tag-urzad-miasta-czestochowy"],"_links":{"self":[{"href":"https:\/\/gazetaregionalna.com\/index.php?rest_route=\/wp\/v2\/posts\/104649","targetHints":{"allow":["GET"]}}],"collection":[{"href":"https:\/\/gazetaregionalna.com\/index.php?rest_route=\/wp\/v2\/posts"}],"about":[{"href":"https:\/\/gazetaregionalna.com\/index.php?rest_route=\/wp\/v2\/types\/post"}],"author":[{"embeddable":true,"href":"https:\/\/gazetaregionalna.com\/index.php?rest_route=\/wp\/v2\/users\/11"}],"replies":[{"embeddable":true,"href":"https:\/\/gazetaregionalna.com\/index.php?rest_route=%2Fwp%2Fv2%2Fcomments&post=104649"}],"version-history":[{"count":2,"href":"https:\/\/gazetaregionalna.com\/index.php?rest_route=\/wp\/v2\/posts\/104649\/revisions"}],"predecessor-version":[{"id":104653,"href":"https:\/\/gazetaregionalna.com\/index.php?rest_route=\/wp\/v2\/posts\/104649\/revisions\/104653"}],"wp:featuredmedia":[{"embeddable":true,"href":"https:\/\/gazetaregionalna.com\/index.php?rest_route=\/wp\/v2\/media\/104652"}],"wp:attachment":[{"href":"https:\/\/gazetaregionalna.com\/index.php?rest_route=%2Fwp%2Fv2%2Fmedia&parent=104649"}],"wp:term":[{"taxonomy":"category","embeddable":true,"href":"https:\/\/gazetaregionalna.com\/index.php?rest_route=%2Fwp%2Fv2%2Fcategories&post=104649"},{"taxonomy":"post_tag","embeddable":true,"href":"https:\/\/gazetaregionalna.com\/index.php?rest_route=%2Fwp%2Fv2%2Ftags&post=104649"}],"curies":[{"name":"wp","href":"https:\/\/api.w.org\/{rel}","templated":true}]}}