{"id":10446,"date":"2020-03-01T18:20:31","date_gmt":"2020-03-01T18:20:31","guid":{"rendered":"https:\/\/gazetaregionalna.com\/?p=10446"},"modified":"2020-03-01T18:22:16","modified_gmt":"2020-03-01T18:22:16","slug":"kobiety-i-samochody","status":"publish","type":"post","link":"https:\/\/gazetaregionalna.com\/?p=10446","title":{"rendered":"Kobiety i samochody"},"content":{"rendered":"\n<p>Urz\u0105d Miasta Lubli\u0144ca wsp\u00f3lnie z Komend\u0105 Powiatow\u0105 Policji organizuj\u0105 z okazji Dnia Kobiet imprez\u0119 na lublinieckim Rynku pt. &#8222;Kobieta wulkan&#8221;. Has\u0142ami przewodnimi imprezy s\u0105 kobiety i samochody. <br> W programie m.in: profilaktyczne spotkanie z lublinieckimi policjantami &#8222;\u015awiat w alkogoglach&#8221;, symulator dachowania, pierwsza pomoc i inne atrakcje. <br> Impreza odb\u0119dzie si\u0119 7 marca mi\u0119dzy godzin\u0105 11 a 13.30. <\/p>\n","protected":false},"excerpt":{"rendered":"<p>Urz\u0105d Miasta Lubli\u0144ca wsp\u00f3lnie z Komend\u0105 Powiatow\u0105 Policji organizuj\u0105 z okazji Dnia Kobiet imprez\u0119 na lublinieckim Rynku pt. &#8222;Kobieta wulkan&#8221;. Has\u0142ami przewodnimi imprezy s\u0105<\/p>\n","protected":false},"author":7,"featured_media":10447,"comment_status":"open","ping_status":"open","sticky":false,"template":"","format":"standard","meta":{"_monsterinsights_skip_tracking":false,"_monsterinsights_sitenote_active":false,"_monsterinsights_sitenote_note":"","_monsterinsights_sitenote_category":0,"_uf_show_specific_survey":0,"_uf_disable_surveys":false,"footnotes":""},"categories":[12,25,94,2,13],"tags":[],"class_list":["post-10446","post","type-post","status-publish","format-standard","has-post-thumbnail","hentry","category-kultura-i-rozrywka","category-lubliniec","category-polecane","category-wiadomosci","category-wydarzenia"],"_links":{"self":[{"href":"https:\/\/gazetaregionalna.com\/index.php?rest_route=\/wp\/v2\/posts\/10446","targetHints":{"allow":["GET"]}}],"collection":[{"href":"https:\/\/gazetaregionalna.com\/index.php?rest_route=\/wp\/v2\/posts"}],"about":[{"href":"https:\/\/gazetaregionalna.com\/index.php?rest_route=\/wp\/v2\/types\/post"}],"author":[{"embeddable":true,"href":"https:\/\/gazetaregionalna.com\/index.php?rest_route=\/wp\/v2\/users\/7"}],"replies":[{"embeddable":true,"href":"https:\/\/gazetaregionalna.com\/index.php?rest_route=%2Fwp%2Fv2%2Fcomments&post=10446"}],"version-history":[{"count":2,"href":"https:\/\/gazetaregionalna.com\/index.php?rest_route=\/wp\/v2\/posts\/10446\/revisions"}],"predecessor-version":[{"id":10449,"href":"https:\/\/gazetaregionalna.com\/index.php?rest_route=\/wp\/v2\/posts\/10446\/revisions\/10449"}],"wp:featuredmedia":[{"embeddable":true,"href":"https:\/\/gazetaregionalna.com\/index.php?rest_route=\/wp\/v2\/media\/10447"}],"wp:attachment":[{"href":"https:\/\/gazetaregionalna.com\/index.php?rest_route=%2Fwp%2Fv2%2Fmedia&parent=10446"}],"wp:term":[{"taxonomy":"category","embeddable":true,"href":"https:\/\/gazetaregionalna.com\/index.php?rest_route=%2Fwp%2Fv2%2Fcategories&post=10446"},{"taxonomy":"post_tag","embeddable":true,"href":"https:\/\/gazetaregionalna.com\/index.php?rest_route=%2Fwp%2Fv2%2Ftags&post=10446"}],"curies":[{"name":"wp","href":"https:\/\/api.w.org\/{rel}","templated":true}]}}