{"id":10443,"date":"2020-03-01T18:10:02","date_gmt":"2020-03-01T18:10:02","guid":{"rendered":"https:\/\/gazetaregionalna.com\/?p=10443"},"modified":"2020-03-01T18:10:05","modified_gmt":"2020-03-01T18:10:05","slug":"osiecka-na-dzien-kobiet","status":"publish","type":"post","link":"https:\/\/gazetaregionalna.com\/?p=10443","title":{"rendered":"Osiecka na Dzie\u0144 Kobiet"},"content":{"rendered":"\n<p>Miejski Dom Kultury w Radomsku wraz z dzia\u0142aj\u0105c\u0105 przy nim  Scen\u0105 Poezji  zapraszaj\u0105 na spektakl pod tytu\u0142em &#8222;Osiecka &#8211; zielone tango&#8221;.  Przedstawienie zostanie zaprezentowane 7 marca o godzinie 18.<br>\nRe\u017cyseria: Ma\u0142gorzata Weso\u0142owska<br>\nMuzyka i \u015bpiew: Beata Garbarz \u2013 Hebda i  Joanna Hebda.<br>\nScenografia: Joanna Sroczy\u0144ska<br>\nWyst\u0119puj\u0105: Alicja Soczy\u0144ska, Gra\u017cyna \u015aliwakowska, El\u017cbieta J\u00f3\u017awiak, Przemys\u0142aw Klekot, Nikola Bus, Janusz Kucharski.<\/p>\n","protected":false},"excerpt":{"rendered":"<p>Miejski Dom Kultury w Radomsku wraz z dzia\u0142aj\u0105c\u0105 przy nim Scen\u0105 Poezji zapraszaj\u0105 na spektakl pod tytu\u0142em &#8222;Osiecka &#8211; zielone tango&#8221;. Przedstawienie zostanie zaprezentowane<\/p>\n","protected":false},"author":7,"featured_media":10444,"comment_status":"open","ping_status":"open","sticky":false,"template":"","format":"standard","meta":{"_monsterinsights_skip_tracking":false,"_monsterinsights_sitenote_active":false,"_monsterinsights_sitenote_note":"","_monsterinsights_sitenote_category":0,"_uf_show_specific_survey":0,"_uf_disable_surveys":false,"footnotes":""},"categories":[12,94,28,2,13],"tags":[],"class_list":["post-10443","post","type-post","status-publish","format-standard","has-post-thumbnail","hentry","category-kultura-i-rozrywka","category-polecane","category-radomsko","category-wiadomosci","category-wydarzenia"],"_links":{"self":[{"href":"https:\/\/gazetaregionalna.com\/index.php?rest_route=\/wp\/v2\/posts\/10443","targetHints":{"allow":["GET"]}}],"collection":[{"href":"https:\/\/gazetaregionalna.com\/index.php?rest_route=\/wp\/v2\/posts"}],"about":[{"href":"https:\/\/gazetaregionalna.com\/index.php?rest_route=\/wp\/v2\/types\/post"}],"author":[{"embeddable":true,"href":"https:\/\/gazetaregionalna.com\/index.php?rest_route=\/wp\/v2\/users\/7"}],"replies":[{"embeddable":true,"href":"https:\/\/gazetaregionalna.com\/index.php?rest_route=%2Fwp%2Fv2%2Fcomments&post=10443"}],"version-history":[{"count":1,"href":"https:\/\/gazetaregionalna.com\/index.php?rest_route=\/wp\/v2\/posts\/10443\/revisions"}],"predecessor-version":[{"id":10445,"href":"https:\/\/gazetaregionalna.com\/index.php?rest_route=\/wp\/v2\/posts\/10443\/revisions\/10445"}],"wp:featuredmedia":[{"embeddable":true,"href":"https:\/\/gazetaregionalna.com\/index.php?rest_route=\/wp\/v2\/media\/10444"}],"wp:attachment":[{"href":"https:\/\/gazetaregionalna.com\/index.php?rest_route=%2Fwp%2Fv2%2Fmedia&parent=10443"}],"wp:term":[{"taxonomy":"category","embeddable":true,"href":"https:\/\/gazetaregionalna.com\/index.php?rest_route=%2Fwp%2Fv2%2Fcategories&post=10443"},{"taxonomy":"post_tag","embeddable":true,"href":"https:\/\/gazetaregionalna.com\/index.php?rest_route=%2Fwp%2Fv2%2Ftags&post=10443"}],"curies":[{"name":"wp","href":"https:\/\/api.w.org\/{rel}","templated":true}]}}