{"id":103812,"date":"2023-04-03T07:03:05","date_gmt":"2023-04-03T07:03:05","guid":{"rendered":"https:\/\/gazetaregionalna.com\/?p=103812"},"modified":"2023-04-03T07:03:06","modified_gmt":"2023-04-03T07:03:06","slug":"koszykarze-azs-czestochowa-zakonczyli-sezon-w-2-lidze","status":"publish","type":"post","link":"https:\/\/gazetaregionalna.com\/?p=103812","title":{"rendered":"Koszykarze AZS Cz\u0119stochowa zako\u0144czyli sezon w 2 lidze"},"content":{"rendered":"\n<p>W ostatnim meczu sezonu koszykarze 2-ligowego AZS Cz\u0119stochowa przegrali w Hali Polonia z KK UR Bozzna Krak\u00f3w i w tabeli zaj\u0119li ostatnie miejsce. Wszystko wskazuje na to, \u017ce cz\u0119stochowianie w kolejnym sezonie b\u0119d\u0105 gra\u0107 w 3 lidze, chyba \u017ce zdob\u0119d\u0105 dzik\u0105 kart\u0119&#8230;<\/p>\n\n\n\n<p>Ju\u017c w pierwszej kwarcie rozstrzygn\u0119\u0142y si\u0119 praktycznie losy mecz. Go\u015bcie z Krakowa wygrali 34:11. Druga cz\u0119\u015b\u0107 meczu te\u017c nale\u017ca\u0142a do rywali .Cz\u0119stochowianie wygrali jedynie trzeci\u0105 kwart\u0119. W czwartej ponownie lepsi byli koszykarze KK UR Bozza, kt\u00f3rzy wygrali ca\u0142y mecz 97:62.<\/p>\n\n\n\n<p>Dla koszykarzy AZS najwi\u0119cej punkt\u00f3w zdoby\u0142 Filip Karczemny. Niestety, ale dla cz\u0119stochowian by\u0142 to ostatni mecz w obecnym sezonie w 2 lidze. Oko\u0142o 70 kibic\u00f3w podzi\u0119kowa\u0142o po ostsatnim gwizdku s\u0119dziego cz\u0119stochowianom za walk\u0119&#8230;<\/p>\n\n\n\n<p>AK, fot: AK<\/p>\n\n\n\n<p><strong>AZS Cz\u0119stochowa \u2013 KK UR Bozza Krak\u00f3w 62:97 (11:34, 17:19, 20:19, 14:25)<\/strong><\/p>\n\n\n\n<p>AZS; F. Karczemny 15, F. M\u0142ynarczyk 11, D. J\u00f3zefowski 9, W. Nogalski 9, D. Szulc 6, K. Hajdu\u015b 5, F. So\u015bniak 2, K. Lig\u0119za 2, P. \u0141aszewski 0, T. Serwiak 0.<\/p>\n\n\n\n<figure class=\"wp-block-image size-large\"><img decoding=\"async\" width=\"1024\" height=\"683\" data-src=\"https:\/\/gazetaregionalna.com\/wp-content\/uploads\/2023\/04\/Kosz-AZS-Bozza-13-1024x683.jpg\" alt=\"\" class=\"wp-image-103814 lazyload\" data-srcset=\"https:\/\/gazetaregionalna.com\/wp-content\/uploads\/2023\/04\/Kosz-AZS-Bozza-13-1024x683.jpg 1024w, https:\/\/gazetaregionalna.com\/wp-content\/uploads\/2023\/04\/Kosz-AZS-Bozza-13-300x200.jpg 300w, https:\/\/gazetaregionalna.com\/wp-content\/uploads\/2023\/04\/Kosz-AZS-Bozza-13-768x512.jpg 768w, https:\/\/gazetaregionalna.com\/wp-content\/uploads\/2023\/04\/Kosz-AZS-Bozza-13-1536x1024.jpg 1536w, https:\/\/gazetaregionalna.com\/wp-content\/uploads\/2023\/04\/Kosz-AZS-Bozza-13-696x464.jpg 696w, https:\/\/gazetaregionalna.com\/wp-content\/uploads\/2023\/04\/Kosz-AZS-Bozza-13-1068x712.jpg 1068w, https:\/\/gazetaregionalna.com\/wp-content\/uploads\/2023\/04\/Kosz-AZS-Bozza-13-1920x1280.jpg 1920w, https:\/\/gazetaregionalna.com\/wp-content\/uploads\/2023\/04\/Kosz-AZS-Bozza-13-630x420.jpg 630w, https:\/\/gazetaregionalna.com\/wp-content\/uploads\/2023\/04\/Kosz-AZS-Bozza-13-scaled.jpg 1600w\" data-sizes=\"(max-width: 1024px) 100vw, 1024px\" src=\"data:image\/svg+xml;base64,PHN2ZyB3aWR0aD0iMSIgaGVpZ2h0PSIxIiB4bWxucz0iaHR0cDovL3d3dy53My5vcmcvMjAwMC9zdmciPjwvc3ZnPg==\" style=\"--smush-placeholder-width: 1024px; --smush-placeholder-aspect-ratio: 1024\/683;\" \/><\/figure>\n\n\n\n<figure class=\"wp-block-image size-large\"><img decoding=\"async\" width=\"1024\" height=\"683\" data-src=\"https:\/\/gazetaregionalna.com\/wp-content\/uploads\/2023\/04\/Kosz-AZS-Bozza-2-1024x683.jpg\" alt=\"\" class=\"wp-image-103813 lazyload\" data-srcset=\"https:\/\/gazetaregionalna.com\/wp-content\/uploads\/2023\/04\/Kosz-AZS-Bozza-2-1024x683.jpg 1024w, https:\/\/gazetaregionalna.com\/wp-content\/uploads\/2023\/04\/Kosz-AZS-Bozza-2-300x200.jpg 300w, https:\/\/gazetaregionalna.com\/wp-content\/uploads\/2023\/04\/Kosz-AZS-Bozza-2-768x512.jpg 768w, https:\/\/gazetaregionalna.com\/wp-content\/uploads\/2023\/04\/Kosz-AZS-Bozza-2-1536x1025.jpg 1536w, https:\/\/gazetaregionalna.com\/wp-content\/uploads\/2023\/04\/Kosz-AZS-Bozza-2-696x464.jpg 696w, https:\/\/gazetaregionalna.com\/wp-content\/uploads\/2023\/04\/Kosz-AZS-Bozza-2-1068x712.jpg 1068w, https:\/\/gazetaregionalna.com\/wp-content\/uploads\/2023\/04\/Kosz-AZS-Bozza-2-1920x1281.jpg 1920w, https:\/\/gazetaregionalna.com\/wp-content\/uploads\/2023\/04\/Kosz-AZS-Bozza-2-630x420.jpg 630w, https:\/\/gazetaregionalna.com\/wp-content\/uploads\/2023\/04\/Kosz-AZS-Bozza-2-scaled.jpg 1600w\" data-sizes=\"(max-width: 1024px) 100vw, 1024px\" src=\"data:image\/svg+xml;base64,PHN2ZyB3aWR0aD0iMSIgaGVpZ2h0PSIxIiB4bWxucz0iaHR0cDovL3d3dy53My5vcmcvMjAwMC9zdmciPjwvc3ZnPg==\" style=\"--smush-placeholder-width: 1024px; --smush-placeholder-aspect-ratio: 1024\/683;\" \/><\/figure>\n\n\n\n<figure class=\"wp-block-image size-large\"><img decoding=\"async\" width=\"300\" height=\"250\" data-src=\"https:\/\/gazetaregionalna.com\/wp-content\/uploads\/2022\/04\/DMK-10.jpg\" alt=\"\" class=\"wp-image-77218 lazyload\" src=\"data:image\/svg+xml;base64,PHN2ZyB3aWR0aD0iMSIgaGVpZ2h0PSIxIiB4bWxucz0iaHR0cDovL3d3dy53My5vcmcvMjAwMC9zdmciPjwvc3ZnPg==\" style=\"--smush-placeholder-width: 300px; --smush-placeholder-aspect-ratio: 300\/250;\"><\/figure>\n\n\n\n<figure class=\"wp-block-image size-large\"><img decoding=\"async\" width=\"1024\" height=\"683\" data-src=\"https:\/\/gazetaregionalna.com\/wp-content\/uploads\/2023\/04\/Kosz-AZS-Bozza-19-1024x683.jpg\" alt=\"\" class=\"wp-image-103815 lazyload\" data-srcset=\"https:\/\/gazetaregionalna.com\/wp-content\/uploads\/2023\/04\/Kosz-AZS-Bozza-19-1024x683.jpg 1024w, https:\/\/gazetaregionalna.com\/wp-content\/uploads\/2023\/04\/Kosz-AZS-Bozza-19-300x200.jpg 300w, https:\/\/gazetaregionalna.com\/wp-content\/uploads\/2023\/04\/Kosz-AZS-Bozza-19-768x512.jpg 768w, https:\/\/gazetaregionalna.com\/wp-content\/uploads\/2023\/04\/Kosz-AZS-Bozza-19-1536x1024.jpg 1536w, https:\/\/gazetaregionalna.com\/wp-content\/uploads\/2023\/04\/Kosz-AZS-Bozza-19-696x464.jpg 696w, https:\/\/gazetaregionalna.com\/wp-content\/uploads\/2023\/04\/Kosz-AZS-Bozza-19-1068x712.jpg 1068w, https:\/\/gazetaregionalna.com\/wp-content\/uploads\/2023\/04\/Kosz-AZS-Bozza-19-1920x1280.jpg 1920w, https:\/\/gazetaregionalna.com\/wp-content\/uploads\/2023\/04\/Kosz-AZS-Bozza-19-630x420.jpg 630w, https:\/\/gazetaregionalna.com\/wp-content\/uploads\/2023\/04\/Kosz-AZS-Bozza-19-scaled.jpg 1600w\" data-sizes=\"(max-width: 1024px) 100vw, 1024px\" src=\"data:image\/svg+xml;base64,PHN2ZyB3aWR0aD0iMSIgaGVpZ2h0PSIxIiB4bWxucz0iaHR0cDovL3d3dy53My5vcmcvMjAwMC9zdmciPjwvc3ZnPg==\" style=\"--smush-placeholder-width: 1024px; --smush-placeholder-aspect-ratio: 1024\/683;\" \/><\/figure>\n","protected":false},"excerpt":{"rendered":"<p>W ostatnim meczu sezonu koszykarze 2-ligowego AZS Cz\u0119stochowa przegrali w Hali Polonia z KK UR Bozzna Krak\u00f3w i w tabeli zaj\u0119li ostatnie miejsce. Wszystko<\/p>\n","protected":false},"author":15,"featured_media":103814,"comment_status":"closed","ping_status":"open","sticky":false,"template":"","format":"standard","meta":{"_monsterinsights_skip_tracking":false,"_monsterinsights_sitenote_active":false,"_monsterinsights_sitenote_note":"","_monsterinsights_sitenote_category":0,"_uf_show_specific_survey":0,"_uf_disable_surveys":false,"footnotes":""},"categories":[5,9],"tags":[],"class_list":["post-103812","post","type-post","status-publish","format-standard","has-post-thumbnail","hentry","category-sport","category-koszykowka"],"_links":{"self":[{"href":"https:\/\/gazetaregionalna.com\/index.php?rest_route=\/wp\/v2\/posts\/103812","targetHints":{"allow":["GET"]}}],"collection":[{"href":"https:\/\/gazetaregionalna.com\/index.php?rest_route=\/wp\/v2\/posts"}],"about":[{"href":"https:\/\/gazetaregionalna.com\/index.php?rest_route=\/wp\/v2\/types\/post"}],"author":[{"embeddable":true,"href":"https:\/\/gazetaregionalna.com\/index.php?rest_route=\/wp\/v2\/users\/15"}],"replies":[{"embeddable":true,"href":"https:\/\/gazetaregionalna.com\/index.php?rest_route=%2Fwp%2Fv2%2Fcomments&post=103812"}],"version-history":[{"count":1,"href":"https:\/\/gazetaregionalna.com\/index.php?rest_route=\/wp\/v2\/posts\/103812\/revisions"}],"predecessor-version":[{"id":103857,"href":"https:\/\/gazetaregionalna.com\/index.php?rest_route=\/wp\/v2\/posts\/103812\/revisions\/103857"}],"wp:featuredmedia":[{"embeddable":true,"href":"https:\/\/gazetaregionalna.com\/index.php?rest_route=\/wp\/v2\/media\/103814"}],"wp:attachment":[{"href":"https:\/\/gazetaregionalna.com\/index.php?rest_route=%2Fwp%2Fv2%2Fmedia&parent=103812"}],"wp:term":[{"taxonomy":"category","embeddable":true,"href":"https:\/\/gazetaregionalna.com\/index.php?rest_route=%2Fwp%2Fv2%2Fcategories&post=103812"},{"taxonomy":"post_tag","embeddable":true,"href":"https:\/\/gazetaregionalna.com\/index.php?rest_route=%2Fwp%2Fv2%2Ftags&post=103812"}],"curies":[{"name":"wp","href":"https:\/\/api.w.org\/{rel}","templated":true}]}}