{"id":103802,"date":"2023-04-02T07:38:21","date_gmt":"2023-04-02T07:38:21","guid":{"rendered":"https:\/\/gazetaregionalna.com\/?p=103802"},"modified":"2023-04-02T07:38:23","modified_gmt":"2023-04-02T07:38:23","slug":"kacper-woryna-z-medalem-imme","status":"publish","type":"post","link":"https:\/\/gazetaregionalna.com\/?p=103802","title":{"rendered":"Kacper Woryna z medalem IMME!"},"content":{"rendered":"\n<p>Czterech reprezentant\u00f3w Tauron W\u0142\u00f3kniarz Cz\u0119stochowa startowa\u0142o w Toruniu w finale Indywidualnych Mi\u0119dzynarodowych Mistrzostw Ekstraligi. Zawody z br\u0105zowym medalem na 3. miejscu uko\u0144czy\u0142 zawodnik Tauron W\u0142\u00f3kniarz Cz\u0119stochowa Kacper Woryna. Wygra\u0142 Bartosz Zmarzlik.<\/p>\n\n\n\n<p>W Toruniu na Motoarenie \u015bciga\u0142o si\u0119 4 reprezentant\u00f3w Tauron W\u0142\u00f3kniarz Cz\u0119stochowa: Leon Madsen, Mikkel Michelsen, Jakub Mi\u015bkowiak i Kacper Woryna. I to w\u0142a\u015bnie Woryna zaprezentowa\u0142 si\u0119 z bardzo dobrej strony. W sesji zasadniczej zdoby\u0142 12 punkt\u00f3w co da\u0142o mu bezpo\u015bredni awans do wielkiego fina\u0142u razem z Bartoszem Zmarzlikiem z Motoru Lublin. Stawk\u0119 finalist\u00f3w po biegach p\u00f3\u0142fina\u0142owych uzupe\u0142nili Martin Vaculik z Stali Gorz\u00f3w i Dominik Kubera z Motoru Lublin.<\/p>\n\n\n\n<p>W finale Woryna przyjecha\u0142 do mety na trzecim miejscu co da\u0142o mu najni\u017csze miejsce na podium. Wygra\u0142 Zmarzlik, przed Vaculikiem.<\/p>\n\n\n\n<p>Mikkel Michelsen zawody ukonczy\u0142 na 6. pozycji i p\u00f3\u0142finale. Na 7. miejscu zosta\u0142 sklasyfikowany Jakub Mi\u015bkowiak. 5 punkt\u00f3w w turnieju zdoby\u0142 Leon Madsen, kt\u00f3ry fina\u0142 IMME zako\u0144czy\u0142 na 13. miejscu.<\/p>\n\n\n\n<p>AK, fot: AK<\/p>\n\n\n\n<p>1. Bartosz Zmarzlik (Platinum Motor Lublin) \u2013 14 (3,3,3,3,2) \u2013 1. miejsce w finale<\/p>\n\n\n\n<p>2. Martin Vaculik (ebut.pl Stal Gorz\u00f3w) \u2013 12+3 (3,2,3,1,3) \u2013 2. miejsce w finale<\/p>\n\n\n\n<p>3. Kacper Woryna (Tauron W\u0142\u00f3kniarz Cz\u0119stochowa) \u2013 12 (2,3,3,3,1) \u2013 3. miejsce w finale<\/p>\n\n\n\n<p>4. Dominik Kubera (Platinum Motor Lublin) \u2013 9+3 (2,1,1,3,2) \u2013 4. miejsce w finale<\/p>\n\n\n\n<p>5. Fredrik Lindgren (Platinum Motor Lublin) \u2013 9+2 (3,2,1,1,2)<\/p>\n\n\n\n<p>6. Mikkel Michelsen (Tauron W\u0142\u00f3kniarz Cz\u0119stochowa) \u2013 8+2 (0,3,2,0,3)<\/p>\n\n\n\n<p>7. Jakub Mi\u015bkowiak (Tauron W\u0142\u00f3kniarz Cz\u0119stochowa) \u2013 7+1 (1,0,1,2,3)<\/p>\n\n\n\n<p>8. Robert Lambert (For Nature Solutions KS Apator Toru\u0144) \u2013 6+1 (0,2,3,0,1)<\/p>\n\n\n\n<p>9. Maciej Janowski (Betard Sparta Wroc\u0142aw) \u2013 9+0 (2,1,2,3,1)<\/p>\n\n\n\n<p>10. Anders Thomsen (ebut.pl Stal Gorz\u00f3w) \u2013 6+0 (3,3,-,-,-)<\/p>\n\n\n\n<p>11. Janusz Ko\u0142odziej (Fogo Unia Leszno) \u2013 6 (1,0,2,1,2)<\/p>\n\n\n\n<p>12. Patryk Dudek (For Nature Solutions KS Apator Toru\u0144) \u2013 6 (2,0,1,2,1)<\/p>\n\n\n\n<p>13. Leon Madsen (Tauron W\u0142\u00f3kniarz Cz\u0119stochowa) \u2013 5 (1,1,0,0,3)<\/p>\n\n\n\n<p>14. Wiktor Lampart (For Nature Solutions KS Apator Toru\u0144) \u2013 5 (1,2,0,2,0)<\/p>\n\n\n\n<p>15. Chris Holder (Fogo Unia Leszno) \u2013 5 (0,1,2,2,0)<\/p>\n\n\n\n<p>16. Krzysztof Lewandowski (For Nature Solutions KS Apator Toru\u0144) \u2013 1 (0,0,1,0,w)<\/p>\n\n\n\n<p>17. Kacper Pludra (ZOOleszcz GKM Grudzi\u0105dz) \u2013 0 (t,0,0,d,-)<\/p>\n\n\n\n<p>18. Nicki Pedersen (ZOOleszcz GKM Grudzi\u0105dz) \u2013 ns<\/p>\n\n\n\n<p>Bieg po biegu:<\/p>\n\n\n\n<p>1. Zmarzlik, Dudek, Madsen, Lewandowski<\/p>\n\n\n\n<p>2. Vaculik, Janowski, Ko\u0142odziej, Michelsen<\/p>\n\n\n\n<p>3. Lindgren, Woryna, Mi\u015bkowiak, Holder<\/p>\n\n\n\n<p>4. Thomsen, Kubera, Lampart, Lambert<\/p>\n\n\n\n<p>5. Zmarzlik, Vaculik, Kubera, Mi\u015bkowiak<\/p>\n\n\n\n<p>6. Woryna, Lambert, Janowski, Dudek<\/p>\n\n\n\n<p>7. Thomsen, Lindgren, Madsen, Ko\u0142odziej<\/p>\n\n\n\n<p>8. Michelsen, Lampart, Holder, Pludra<\/p>\n\n\n\n<p>9. Zmarzlik, Janowski, Lindgren, Lampart<\/p>\n\n\n\n<p>10. Vaculik, Holder, Dudek, Lewandowski<\/p>\n\n\n\n<p>11. Lambert, Michelsen, Mi\u015bkowiak, Madsen<\/p>\n\n\n\n<p>12. Woryna, Ko\u0142odziej, Kubera, Pludra<\/p>\n\n\n\n<p>13. Zmarzlik, Holder, Ko\u0142odziej, Lambert<\/p>\n\n\n\n<p>14. Kubera, Dudek, Lindgren, Michelsen<\/p>\n\n\n\n<p>15. Woryna, Lampart, Vaculik, Madsen<\/p>\n\n\n\n<p>16. Janowski, Mi\u015bkowiak, Lewandowski, Pludra (d)<\/p>\n\n\n\n<p>17. Michelsen, Zmarzlik, Woryna, Lewandowski<\/p>\n\n\n\n<p>18. Mi\u015bkowiak, Ko\u0142odziej, Dudek, Lampart<\/p>\n\n\n\n<p>19. Madsen, Kubera, Janowski, Holder<\/p>\n\n\n\n<p>20. Vaculik, Lindgren, Lambert, Lewandowski (w)<\/p>\n\n\n\n<p>P\u00f3\u0142fina\u0142y:<\/p>\n\n\n\n<p>21. Vaculik, Lindgren, Mi\u015bkowiak, Thomsen (ns)<\/p>\n\n\n\n<p>22. Kubera, Michelsen, Lambert, Janowski<\/p>\n\n\n\n<p>Fina\u0142:<\/p>\n\n\n\n<p>23. Zmarzlik, Vaculik, Woryna, Kubera (d)<\/p>\n\n\n\n<figure class=\"wp-block-image size-large\"><img decoding=\"async\" width=\"1024\" height=\"678\" data-src=\"https:\/\/gazetaregionalna.com\/wp-content\/uploads\/2023\/04\/TauronWlokniarz-16-1024x678.jpg\" alt=\"\" class=\"wp-image-103803 lazyload\" data-srcset=\"https:\/\/gazetaregionalna.com\/wp-content\/uploads\/2023\/04\/TauronWlokniarz-16-1024x678.jpg 1024w, https:\/\/gazetaregionalna.com\/wp-content\/uploads\/2023\/04\/TauronWlokniarz-16-300x199.jpg 300w, https:\/\/gazetaregionalna.com\/wp-content\/uploads\/2023\/04\/TauronWlokniarz-16-768x508.jpg 768w, https:\/\/gazetaregionalna.com\/wp-content\/uploads\/2023\/04\/TauronWlokniarz-16-696x461.jpg 696w, https:\/\/gazetaregionalna.com\/wp-content\/uploads\/2023\/04\/TauronWlokniarz-16-1068x707.jpg 1068w, https:\/\/gazetaregionalna.com\/wp-content\/uploads\/2023\/04\/TauronWlokniarz-16-634x420.jpg 634w, https:\/\/gazetaregionalna.com\/wp-content\/uploads\/2023\/04\/TauronWlokniarz-16.jpg 1518w\" data-sizes=\"(max-width: 1024px) 100vw, 1024px\" src=\"data:image\/svg+xml;base64,PHN2ZyB3aWR0aD0iMSIgaGVpZ2h0PSIxIiB4bWxucz0iaHR0cDovL3d3dy53My5vcmcvMjAwMC9zdmciPjwvc3ZnPg==\" style=\"--smush-placeholder-width: 1024px; --smush-placeholder-aspect-ratio: 1024\/678;\" \/><\/figure>\n\n\n\n<figure class=\"wp-block-image size-large\"><img decoding=\"async\" width=\"300\" height=\"250\" data-src=\"https:\/\/gazetaregionalna.com\/wp-content\/uploads\/2022\/04\/DMK-2.jpg\" alt=\"\" class=\"wp-image-77210 lazyload\" src=\"data:image\/svg+xml;base64,PHN2ZyB3aWR0aD0iMSIgaGVpZ2h0PSIxIiB4bWxucz0iaHR0cDovL3d3dy53My5vcmcvMjAwMC9zdmciPjwvc3ZnPg==\" style=\"--smush-placeholder-width: 300px; --smush-placeholder-aspect-ratio: 300\/250;\"><\/figure>\n\n\n\n<figure class=\"wp-block-image size-large\"><img decoding=\"async\" width=\"1024\" height=\"683\" data-src=\"https:\/\/gazetaregionalna.com\/wp-content\/uploads\/2023\/03\/Memorial-3-1024x683.jpg\" alt=\"\" class=\"wp-image-103300 lazyload\" data-srcset=\"https:\/\/gazetaregionalna.com\/wp-content\/uploads\/2023\/03\/Memorial-3-1024x683.jpg 1024w, https:\/\/gazetaregionalna.com\/wp-content\/uploads\/2023\/03\/Memorial-3-300x200.jpg 300w, https:\/\/gazetaregionalna.com\/wp-content\/uploads\/2023\/03\/Memorial-3-768x512.jpg 768w, https:\/\/gazetaregionalna.com\/wp-content\/uploads\/2023\/03\/Memorial-3-1536x1024.jpg 1536w, https:\/\/gazetaregionalna.com\/wp-content\/uploads\/2023\/03\/Memorial-3-696x464.jpg 696w, https:\/\/gazetaregionalna.com\/wp-content\/uploads\/2023\/03\/Memorial-3-1068x712.jpg 1068w, https:\/\/gazetaregionalna.com\/wp-content\/uploads\/2023\/03\/Memorial-3-1920x1280.jpg 1920w, https:\/\/gazetaregionalna.com\/wp-content\/uploads\/2023\/03\/Memorial-3-630x420.jpg 630w, https:\/\/gazetaregionalna.com\/wp-content\/uploads\/2023\/03\/Memorial-3-scaled.jpg 1600w\" data-sizes=\"(max-width: 1024px) 100vw, 1024px\" src=\"data:image\/svg+xml;base64,PHN2ZyB3aWR0aD0iMSIgaGVpZ2h0PSIxIiB4bWxucz0iaHR0cDovL3d3dy53My5vcmcvMjAwMC9zdmciPjwvc3ZnPg==\" style=\"--smush-placeholder-width: 1024px; --smush-placeholder-aspect-ratio: 1024\/683;\" \/><\/figure>\n\n\n\n<figure class=\"wp-block-image size-large\"><img decoding=\"async\" width=\"1024\" height=\"683\" data-src=\"https:\/\/gazetaregionalna.com\/wp-content\/uploads\/2023\/03\/Memorial-4-1024x683.jpg\" alt=\"\" class=\"wp-image-103301 lazyload\" data-srcset=\"https:\/\/gazetaregionalna.com\/wp-content\/uploads\/2023\/03\/Memorial-4-1024x683.jpg 1024w, https:\/\/gazetaregionalna.com\/wp-content\/uploads\/2023\/03\/Memorial-4-300x200.jpg 300w, https:\/\/gazetaregionalna.com\/wp-content\/uploads\/2023\/03\/Memorial-4-768x512.jpg 768w, https:\/\/gazetaregionalna.com\/wp-content\/uploads\/2023\/03\/Memorial-4-1536x1024.jpg 1536w, https:\/\/gazetaregionalna.com\/wp-content\/uploads\/2023\/03\/Memorial-4-696x464.jpg 696w, https:\/\/gazetaregionalna.com\/wp-content\/uploads\/2023\/03\/Memorial-4-1068x712.jpg 1068w, https:\/\/gazetaregionalna.com\/wp-content\/uploads\/2023\/03\/Memorial-4-1920x1280.jpg 1920w, https:\/\/gazetaregionalna.com\/wp-content\/uploads\/2023\/03\/Memorial-4-630x420.jpg 630w, https:\/\/gazetaregionalna.com\/wp-content\/uploads\/2023\/03\/Memorial-4-scaled.jpg 1600w\" data-sizes=\"(max-width: 1024px) 100vw, 1024px\" src=\"data:image\/svg+xml;base64,PHN2ZyB3aWR0aD0iMSIgaGVpZ2h0PSIxIiB4bWxucz0iaHR0cDovL3d3dy53My5vcmcvMjAwMC9zdmciPjwvc3ZnPg==\" style=\"--smush-placeholder-width: 1024px; --smush-placeholder-aspect-ratio: 1024\/683;\" \/><\/figure>\n","protected":false},"excerpt":{"rendered":"<p>Czterech reprezentant\u00f3w Tauron W\u0142\u00f3kniarz Cz\u0119stochowa startowa\u0142o w Toruniu w finale Indywidualnych Mi\u0119dzynarodowych Mistrzostw Ekstraligi. Zawody z br\u0105zowym medalem na 3. miejscu uko\u0144czy\u0142 zawodnik Tauron<\/p>\n","protected":false},"author":15,"featured_media":103803,"comment_status":"closed","ping_status":"open","sticky":false,"template":"","format":"standard","meta":{"_monsterinsights_skip_tracking":false,"_monsterinsights_sitenote_active":false,"_monsterinsights_sitenote_note":"","_monsterinsights_sitenote_category":0,"_uf_show_specific_survey":0,"_uf_disable_surveys":false,"footnotes":""},"categories":[94,5,7],"tags":[],"class_list":["post-103802","post","type-post","status-publish","format-standard","has-post-thumbnail","hentry","category-polecane","category-sport","category-zuzel"],"_links":{"self":[{"href":"https:\/\/gazetaregionalna.com\/index.php?rest_route=\/wp\/v2\/posts\/103802","targetHints":{"allow":["GET"]}}],"collection":[{"href":"https:\/\/gazetaregionalna.com\/index.php?rest_route=\/wp\/v2\/posts"}],"about":[{"href":"https:\/\/gazetaregionalna.com\/index.php?rest_route=\/wp\/v2\/types\/post"}],"author":[{"embeddable":true,"href":"https:\/\/gazetaregionalna.com\/index.php?rest_route=\/wp\/v2\/users\/15"}],"replies":[{"embeddable":true,"href":"https:\/\/gazetaregionalna.com\/index.php?rest_route=%2Fwp%2Fv2%2Fcomments&post=103802"}],"version-history":[{"count":1,"href":"https:\/\/gazetaregionalna.com\/index.php?rest_route=\/wp\/v2\/posts\/103802\/revisions"}],"predecessor-version":[{"id":103804,"href":"https:\/\/gazetaregionalna.com\/index.php?rest_route=\/wp\/v2\/posts\/103802\/revisions\/103804"}],"wp:featuredmedia":[{"embeddable":true,"href":"https:\/\/gazetaregionalna.com\/index.php?rest_route=\/wp\/v2\/media\/103803"}],"wp:attachment":[{"href":"https:\/\/gazetaregionalna.com\/index.php?rest_route=%2Fwp%2Fv2%2Fmedia&parent=103802"}],"wp:term":[{"taxonomy":"category","embeddable":true,"href":"https:\/\/gazetaregionalna.com\/index.php?rest_route=%2Fwp%2Fv2%2Fcategories&post=103802"},{"taxonomy":"post_tag","embeddable":true,"href":"https:\/\/gazetaregionalna.com\/index.php?rest_route=%2Fwp%2Fv2%2Ftags&post=103802"}],"curies":[{"name":"wp","href":"https:\/\/api.w.org\/{rel}","templated":true}]}}