{"id":103608,"date":"2023-03-29T16:23:48","date_gmt":"2023-03-29T16:23:48","guid":{"rendered":"https:\/\/gazetaregionalna.com\/?p=103608"},"modified":"2023-03-29T16:23:50","modified_gmt":"2023-03-29T16:23:50","slug":"wlokniarz-bez-leona-madsena-pokonal-w-rewanzu-apator","status":"publish","type":"post","link":"https:\/\/gazetaregionalna.com\/?p=103608","title":{"rendered":"W\u0142\u00f3kniarz bez Leona Madsena pokona\u0142 w rewan\u017cu Apator"},"content":{"rendered":"\n<p>W \u015brodowym sparingu \u017cu\u017clowcy W\u0142\u00f3kniarza Cz\u0119stochowa wygrali z Apatorem Toru\u0144 47:43. Cz\u0119stochowianie tak jak we wtorkowym meczu w Toruniu jechali bez przezi\u0119bionego Leona Madsena.<\/p>\n\n\n\n<p>Pogoda w \u015brod\u0119 by\u0142a \u0142askawa i bez problem\u00f3w mo\u017cna by\u0142o odjecha\u0107 tym razem sparing w Cz\u0119stochowie. W\u0142\u00f3kniarz tak jak we wtorek w Toruniu pojecha\u0142 bez przezi\u0119bionego Leona Madsena. Najlepiej w cz\u0119stochowskiej dru\u017cynie zaprezentowali si\u0119 Jakub Mi\u015bkowiak i Kajetan Kupiec, kt\u00f3rzy zdobyli po 11 punkt\u00f3w. Wida\u0107 by\u0142o, \u017ce trenerzy w sparingu postawili na starty m\u0142odzie\u017cy&#8230;<\/p>\n\n\n\n<p>W 15. biegu grzeczno\u015bciowo w dru\u017cynie Apatora pojecha\u0142 Szymon Wolski. <\/p>\n\n\n\n<p>AK, fot: AK<\/p>\n\n\n\n<p><strong>W\u0142\u00f3kniarz Cz\u0119stochowa \u2013 Apator Toru\u0144 47:43<\/strong><\/p>\n\n\n\n<p><strong>W\u0142\u00f3kniarz:<\/strong> Michelsen 8 (3,1,2,2), Mi\u015bkowiak 11 (2,2,3,2,2), Drabik 7 (2,3,2), Halkiewicz 2 (0,1,1,0,0), Woryna 3 (3,-,-,-), Kupiec 11 (2,3,1,w,2,3), Karczewski 4 (3,0,0,0,1), Wolski 1 (1,0).<\/p>\n\n\n\n<p><strong>Apator:<\/strong> Dudek 10 (1,3,0,3,3), Przedpe\u0142ski 7 (1,2,1,3), Sajfutdinow ns, Lampart 9 (0,2,3,1,3), Lambert 9 (2,3,3,1), Lewandowski 6 (1,1,2,0,2), Affelt 2 (0,0,0,1,1).<\/p>\n\n\n\n<ol class=\"wp-block-list\"><li>Michelsen, Drabik, Dudek, Sajfutdinow ns 5:1<\/li><li>Karczewski, Kupiec, Lewandowski, Affelt 5:1\/10:2<\/li><li>Woryna, Lambert, Przedpe\u0142ski, Halkiewicz 3:3\/13:5<\/li><li>Kupiec, Mi\u015bkowiak, Lewandowski, Lampart 5:1\/18:6<\/li><li>Drabik, Lampart, Halkiewicz, Affelt 4:2\/22:8<\/li><li>Dudek, Przedpe\u0142ski, Kupiec, Karczewski 1:5\/23:13<\/li><li>Lambert, Mi\u015bkowiak, Michelsen, Affelt 3:3\/26:16<\/li><li>Lampart, Lewandowski, Wolski, Kupiec (w) 1:5\/27:21<\/li><li>Mi\u015bkowiak, Michelsen, Przedpe\u0142ski, Dudek 5:1\/32:22<\/li><li>Lambert, Drabik, Halkiewicz, Lewandowski 3:3\/35:25<\/li><li>Dudek, Michelsen, Lampart, Halkiewicz 2:4\/37:29<\/li><li>Przedpe\u0142ski, Kupiec, Affelt, Karczewski 2:4\/39:33<\/li><li>Dudek, Mi\u015bkowiak, Lambert, Karczewski 2:4\/41:37<\/li><li>Kupiec, Lewandowski, Affelt, Halkiewicz 3:3\/44:40<\/li><li>Lampart, Mi\u015bkowiak, Karczewski, Wolski 3:3\/47:43<\/li><\/ol>\n\n\n\n<figure class=\"wp-block-image size-large\"><img decoding=\"async\" width=\"1024\" height=\"683\" data-src=\"https:\/\/gazetaregionalna.com\/wp-content\/uploads\/2023\/03\/Memorial-31-1024x683.jpg\" alt=\"\" class=\"wp-image-103304 lazyload\" data-srcset=\"https:\/\/gazetaregionalna.com\/wp-content\/uploads\/2023\/03\/Memorial-31-1024x683.jpg 1024w, https:\/\/gazetaregionalna.com\/wp-content\/uploads\/2023\/03\/Memorial-31-300x200.jpg 300w, https:\/\/gazetaregionalna.com\/wp-content\/uploads\/2023\/03\/Memorial-31-768x512.jpg 768w, https:\/\/gazetaregionalna.com\/wp-content\/uploads\/2023\/03\/Memorial-31-1536x1024.jpg 1536w, https:\/\/gazetaregionalna.com\/wp-content\/uploads\/2023\/03\/Memorial-31-696x464.jpg 696w, https:\/\/gazetaregionalna.com\/wp-content\/uploads\/2023\/03\/Memorial-31-1068x712.jpg 1068w, https:\/\/gazetaregionalna.com\/wp-content\/uploads\/2023\/03\/Memorial-31-1920x1280.jpg 1920w, https:\/\/gazetaregionalna.com\/wp-content\/uploads\/2023\/03\/Memorial-31-630x420.jpg 630w, https:\/\/gazetaregionalna.com\/wp-content\/uploads\/2023\/03\/Memorial-31-scaled.jpg 1600w\" data-sizes=\"(max-width: 1024px) 100vw, 1024px\" src=\"data:image\/svg+xml;base64,PHN2ZyB3aWR0aD0iMSIgaGVpZ2h0PSIxIiB4bWxucz0iaHR0cDovL3d3dy53My5vcmcvMjAwMC9zdmciPjwvc3ZnPg==\" style=\"--smush-placeholder-width: 1024px; --smush-placeholder-aspect-ratio: 1024\/683;\" \/><\/figure>\n","protected":false},"excerpt":{"rendered":"<p>W \u015brodowym sparingu \u017cu\u017clowcy W\u0142\u00f3kniarza Cz\u0119stochowa wygrali z Apatorem Toru\u0144 47:43. Cz\u0119stochowianie tak jak we wtorkowym meczu w Toruniu jechali bez przezi\u0119bionego Leona Madsena.<\/p>\n","protected":false},"author":15,"featured_media":103304,"comment_status":"closed","ping_status":"open","sticky":false,"template":"","format":"standard","meta":{"_monsterinsights_skip_tracking":false,"_monsterinsights_sitenote_active":false,"_monsterinsights_sitenote_note":"","_monsterinsights_sitenote_category":0,"_uf_show_specific_survey":0,"_uf_disable_surveys":false,"footnotes":""},"categories":[5,7],"tags":[],"class_list":["post-103608","post","type-post","status-publish","format-standard","has-post-thumbnail","hentry","category-sport","category-zuzel"],"_links":{"self":[{"href":"https:\/\/gazetaregionalna.com\/index.php?rest_route=\/wp\/v2\/posts\/103608","targetHints":{"allow":["GET"]}}],"collection":[{"href":"https:\/\/gazetaregionalna.com\/index.php?rest_route=\/wp\/v2\/posts"}],"about":[{"href":"https:\/\/gazetaregionalna.com\/index.php?rest_route=\/wp\/v2\/types\/post"}],"author":[{"embeddable":true,"href":"https:\/\/gazetaregionalna.com\/index.php?rest_route=\/wp\/v2\/users\/15"}],"replies":[{"embeddable":true,"href":"https:\/\/gazetaregionalna.com\/index.php?rest_route=%2Fwp%2Fv2%2Fcomments&post=103608"}],"version-history":[{"count":1,"href":"https:\/\/gazetaregionalna.com\/index.php?rest_route=\/wp\/v2\/posts\/103608\/revisions"}],"predecessor-version":[{"id":103609,"href":"https:\/\/gazetaregionalna.com\/index.php?rest_route=\/wp\/v2\/posts\/103608\/revisions\/103609"}],"wp:featuredmedia":[{"embeddable":true,"href":"https:\/\/gazetaregionalna.com\/index.php?rest_route=\/wp\/v2\/media\/103304"}],"wp:attachment":[{"href":"https:\/\/gazetaregionalna.com\/index.php?rest_route=%2Fwp%2Fv2%2Fmedia&parent=103608"}],"wp:term":[{"taxonomy":"category","embeddable":true,"href":"https:\/\/gazetaregionalna.com\/index.php?rest_route=%2Fwp%2Fv2%2Fcategories&post=103608"},{"taxonomy":"post_tag","embeddable":true,"href":"https:\/\/gazetaregionalna.com\/index.php?rest_route=%2Fwp%2Fv2%2Ftags&post=103608"}],"curies":[{"name":"wp","href":"https:\/\/api.w.org\/{rel}","templated":true}]}}