{"id":10319,"date":"2020-02-28T08:48:33","date_gmt":"2020-02-28T08:48:33","guid":{"rendered":"https:\/\/gazetaregionalna.com\/?p=10319"},"modified":"2020-02-28T08:48:35","modified_gmt":"2020-02-28T08:48:35","slug":"xiii-konkurs-na-swiateczna-pisanke","status":"publish","type":"post","link":"https:\/\/gazetaregionalna.com\/?p=10319","title":{"rendered":"XIII Konkurs na \u015awi\u0105teczn\u0105 Pisank\u0119"},"content":{"rendered":"\n<p>Chocia\u017c wydaje si\u0119, \u017ce dopiero co obchodzili\u015bmy \u015bwi\u0119ta Bo\u017cego Narodzenia, na horyzoncie ju\u017c pojawia si\u0119 Wielkanoc. A z ni\u0105 \u2013 konkurs plastyczny na pisank\u0119.<br>\nPisanka wydaje si\u0119 by\u0107 nieod\u0142\u0105cznym elementem wiosennych \u015bwi\u0105t . Polska kultura i tradycja po\u015bwi\u0119ca jej szczeg\u00f3lnie du\u017co uwagi \u2013 w ko\u0144cu mamy pi\u0119knie zdobione kraszanki, oklejanki,  nalepianki\u2026 Ka\u017cdy region ma w zasadzie sw\u00f3j pomys\u0142 na dekorowanie jajek, kt\u00f3re p\u00f3\u017aniej znajd\u0105 si\u0119 w wielkanocnym koszyku. <br>\nDbaj\u0105c o tradycje zwi\u0105zane z okresem \u015awi\u0105t Wielkanocnych ju\u017c po raz XIII Miejski Dom Kultury w Lubli\u0144cu organizuje konkurs na \u015bwi\u0105teczn\u0105 pisank\u0119. Konkurs kierowany jest  do wszystkich kategorii wiekowych, a prac\u0119 mo\u017cna wykona\u0107 w dowolnej technice \u2013 pami\u0119taj\u0105c o jej odpowiednim zabezpieczeniu. Niezb\u0119dne formularze konkursowe dost\u0119pne s\u0105 na stronie www.mdk.lubliniec.pl<br>\nPisanki nale\u017cy dostarczy\u0107 do Miejskiego Domu Kultury do 20 marca 2020 roku. Rozstrzygni\u0119cie konkursu i wr\u0119czenie nagr\u00f3d odb\u0119dzie si\u0119 6 kwietnia w MDK. <br>\n(MDK)<\/p>\n","protected":false},"excerpt":{"rendered":"<p>Chocia\u017c wydaje si\u0119, \u017ce dopiero co obchodzili\u015bmy \u015bwi\u0119ta Bo\u017cego Narodzenia, na horyzoncie ju\u017c pojawia si\u0119 Wielkanoc. A z ni\u0105 \u2013 konkurs plastyczny na pisank\u0119.<\/p>\n","protected":false},"author":7,"featured_media":0,"comment_status":"open","ping_status":"open","sticky":false,"template":"","format":"standard","meta":{"_monsterinsights_skip_tracking":false,"_monsterinsights_sitenote_active":false,"_monsterinsights_sitenote_note":"","_monsterinsights_sitenote_category":0,"_uf_show_specific_survey":0,"_uf_disable_surveys":false,"footnotes":""},"categories":[12,25,94,2],"tags":[],"class_list":["post-10319","post","type-post","status-publish","format-standard","hentry","category-kultura-i-rozrywka","category-lubliniec","category-polecane","category-wiadomosci"],"_links":{"self":[{"href":"https:\/\/gazetaregionalna.com\/index.php?rest_route=\/wp\/v2\/posts\/10319","targetHints":{"allow":["GET"]}}],"collection":[{"href":"https:\/\/gazetaregionalna.com\/index.php?rest_route=\/wp\/v2\/posts"}],"about":[{"href":"https:\/\/gazetaregionalna.com\/index.php?rest_route=\/wp\/v2\/types\/post"}],"author":[{"embeddable":true,"href":"https:\/\/gazetaregionalna.com\/index.php?rest_route=\/wp\/v2\/users\/7"}],"replies":[{"embeddable":true,"href":"https:\/\/gazetaregionalna.com\/index.php?rest_route=%2Fwp%2Fv2%2Fcomments&post=10319"}],"version-history":[{"count":1,"href":"https:\/\/gazetaregionalna.com\/index.php?rest_route=\/wp\/v2\/posts\/10319\/revisions"}],"predecessor-version":[{"id":10321,"href":"https:\/\/gazetaregionalna.com\/index.php?rest_route=\/wp\/v2\/posts\/10319\/revisions\/10321"}],"wp:attachment":[{"href":"https:\/\/gazetaregionalna.com\/index.php?rest_route=%2Fwp%2Fv2%2Fmedia&parent=10319"}],"wp:term":[{"taxonomy":"category","embeddable":true,"href":"https:\/\/gazetaregionalna.com\/index.php?rest_route=%2Fwp%2Fv2%2Fcategories&post=10319"},{"taxonomy":"post_tag","embeddable":true,"href":"https:\/\/gazetaregionalna.com\/index.php?rest_route=%2Fwp%2Fv2%2Ftags&post=10319"}],"curies":[{"name":"wp","href":"https:\/\/api.w.org\/{rel}","templated":true}]}}