{"id":103081,"date":"2023-03-23T05:55:14","date_gmt":"2023-03-23T05:55:14","guid":{"rendered":"https:\/\/gazetaregionalna.com\/?p=103081"},"modified":"2023-03-23T06:40:11","modified_gmt":"2023-03-23T06:40:11","slug":"podsumowano-postep-prac-na-budowie-nowej-dk-91","status":"publish","type":"post","link":"https:\/\/gazetaregionalna.com\/?p=103081","title":{"rendered":"Podsumowano post\u0119p prac na budowie nowej DK-91"},"content":{"rendered":"\n<h2 class=\"wp-block-heading\">Przedstawiciele Miejskiego Zarz\u0105du Dr\u00f3g w Cz\u0119stochowie i Grupy NDI podsumowali dotychczasowy post\u0119p prac na budowie nowej al. Wojska Polskiego w Cz\u0119stochowie.<\/h2>\n\n\n\n<p>Spotkanie z mediami odby\u0142o si\u0119 na terenie budowy, w przestrzeni bezkolizyjnego skrzy\u017cowania al. Wojska Polskiego z ul. Legion\u00f3w, przy jednej z trzech dwupoziomowych krzy\u017c\u00f3wek, kt\u00f3re maj\u0105 powsta\u0107 w ramach realizacji zadania.<\/p>\n\n\n\n<p>Podsumowuj\u0105c post\u0119p prac, wykonawca podkre\u015bla\u0142, \u017ce wszystko wskazuje na to, \u017ce budowa zako\u0144czy si\u0119 zgodnie z za\u0142o\u017ceniami kontraktu, czyli do ko\u0144ca tego roku.<\/p>\n\n\n\n<p>Adam Owsiany, dyrektor kontraktu, zaznaczy\u0142, \u017ce: \u2013<em> Najtrudniejsze w dotychczasowych pracach by\u0142o likwidowanie licznych kolizji sieci podziemnych, tak\u017ce tych, kt\u00f3rych nie by\u0142o na mapach. Z wi\u0119kszo\u015bci\u0105 k\u0142opot\u00f3w jednak si\u0119 uporali\u015bmy, trudne roboty mostowe te\u017c s\u0105 mocno zaawansowane.<\/em><\/p>\n\n\n\n<p>Obecnie szacuje si\u0119, \u017ce uda\u0142o si\u0119 wykona\u0107 oko\u0142o 30 % zaplanowanych zada\u0144. Pozostaje mie\u0107 nadziej\u0119, \u017ce na dalszym etapie obejdzie si\u0119 bez nieprzyjemnych niespodzianek, kt\u00f3re mog\u0142yby op\u00f3\u017ania\u0107 post\u0119p prac.<\/p>\n\n\n\n<p>Podczas briefingu prasowego przedstawiono dalszy plan dzia\u0142a\u0144. W przysz\u0142ym tygodniu rozpocznie si\u0119 uk\u0142adanie pierwszych warstw bitumicznych jezdni na odcinku kilkuset metr\u00f3w od strony al. Jana Paw\u0142a II, a p\u00f3\u017an\u0105 wiosn\u0105 rozpoczn\u0105 si\u0119 prace konstrukcyjne przy budowie nowych k\u0142adek dla pieszych.<\/p>\n\n\n\n<p>Ten etap prac jest do\u015b\u0107 skomplikowany, jednak Marcin Wo\u0142ek, zast\u0119pca dyrektora cz\u0119stochowskiego MZD, zaznaczy\u0142, \u017ce zar\u00f3wno MZD jak i wykonawca do\u0142o\u017c\u0105 wszelkich stara\u0144, by latem mieszka\u0144cy mogli korzysta\u0107 ju\u017c z nowych k\u0142adek, co z pewno\u015bci\u0105 b\u0119dzie du\u017co lepsze ni\u017c korzystanie z uci\u0105\u017cliwych, dora\u017anych rozwi\u0105za\u0144.<\/p>\n\n\n\n<p>Istnieje szansa, \u017ce niekt\u00f3re odcinki b\u0119d\u0105ce aktualnie w przebudowie, zostan\u0105 wcze\u015bniej udost\u0119pnione do u\u017cytku mieszka\u0144c\u00f3w. Oczywi\u015bcie jest to zale\u017cne od wielu czynnik\u00f3w, dlatego nie ma na razie konkretnych informacji ani deklaracji.<\/p>\n\n\n\n<p>P\u00f3\u0142metek prac nast\u0105pi prawdopodobnie przed wakacjami, dzi\u0119ki czemu latem, w szczycie sezonu, budow\u0119 zdominuj\u0105 prace mostowe i roboty drogowe.<\/p>\n\n\n\n<p>Warto wspomnie\u0107, \u017ce ostatnio otrzymano dodatkowe dofinasowanie ze \u015brodk\u00f3w UE na budow\u0119 DK-91. \u0141\u0105czna kwota dop\u0142aty ze \u015brodk\u00f3w zewn\u0119trznych, to prawie 200 mln z\u0142otych. Koszty ca\u0142ej inwestycji, zawarte w umowie z wykonawc\u0105 wynosz\u0105 359 mln z\u0142otych.<\/p>\n\n\n\n<p>Przy budowie nowej al. Wojska Polskiego pracuje obecnie oko\u0142o 300 os\u00f3b i kilkadziesi\u0105t sztuk specjalistycznego sprz\u0119tu. Prace powinny osi\u0105gn\u0105\u0107 sw\u00f3j fina\u0142 do ko\u0144ca listopada bie\u017c\u0105cego roku.<\/p>\n\n\n\n<p><em>*na podstawie informacji MZDiT w Cz\u0119stochowie<\/em><\/p>\n\n\n\n<figure class=\"wp-block-gallery columns-3 is-cropped wp-block-gallery-1 is-layout-flex wp-block-gallery-is-layout-flex\"><ul class=\"blocks-gallery-grid\"><li class=\"blocks-gallery-item\"><figure><img decoding=\"async\" width=\"1024\" height=\"768\" data-src=\"https:\/\/gazetaregionalna.com\/wp-content\/uploads\/2023\/03\/aleja1-1-1024x768.jpg\" alt=\"\" data-id=\"103086\" data-link=\"https:\/\/gazetaregionalna.com\/?attachment_id=103086\" class=\"wp-image-103086 lazyload\" data-srcset=\"https:\/\/gazetaregionalna.com\/wp-content\/uploads\/2023\/03\/aleja1-1-1024x768.jpg 1024w, https:\/\/gazetaregionalna.com\/wp-content\/uploads\/2023\/03\/aleja1-1-300x225.jpg 300w, https:\/\/gazetaregionalna.com\/wp-content\/uploads\/2023\/03\/aleja1-1-768x576.jpg 768w, https:\/\/gazetaregionalna.com\/wp-content\/uploads\/2023\/03\/aleja1-1-1536x1152.jpg 1536w, https:\/\/gazetaregionalna.com\/wp-content\/uploads\/2023\/03\/aleja1-1-696x522.jpg 696w, https:\/\/gazetaregionalna.com\/wp-content\/uploads\/2023\/03\/aleja1-1-1068x801.jpg 1068w, https:\/\/gazetaregionalna.com\/wp-content\/uploads\/2023\/03\/aleja1-1-1920x1440.jpg 1920w, https:\/\/gazetaregionalna.com\/wp-content\/uploads\/2023\/03\/aleja1-1-560x420.jpg 560w, https:\/\/gazetaregionalna.com\/wp-content\/uploads\/2023\/03\/aleja1-1-80x60.jpg 80w, https:\/\/gazetaregionalna.com\/wp-content\/uploads\/2023\/03\/aleja1-1-265x198.jpg 265w, https:\/\/gazetaregionalna.com\/wp-content\/uploads\/2023\/03\/aleja1-1-scaled.jpg 1600w\" data-sizes=\"(max-width: 1024px) 100vw, 1024px\" src=\"data:image\/svg+xml;base64,PHN2ZyB3aWR0aD0iMSIgaGVpZ2h0PSIxIiB4bWxucz0iaHR0cDovL3d3dy53My5vcmcvMjAwMC9zdmciPjwvc3ZnPg==\" style=\"--smush-placeholder-width: 1024px; --smush-placeholder-aspect-ratio: 1024\/768;\" \/><\/figure><\/li><li class=\"blocks-gallery-item\"><figure><img decoding=\"async\" width=\"1024\" height=\"768\" data-src=\"https:\/\/gazetaregionalna.com\/wp-content\/uploads\/2023\/03\/aleja2-1-1024x768.jpg\" alt=\"\" data-id=\"103087\" data-link=\"https:\/\/gazetaregionalna.com\/?attachment_id=103087\" class=\"wp-image-103087 lazyload\" data-srcset=\"https:\/\/gazetaregionalna.com\/wp-content\/uploads\/2023\/03\/aleja2-1-1024x768.jpg 1024w, https:\/\/gazetaregionalna.com\/wp-content\/uploads\/2023\/03\/aleja2-1-300x225.jpg 300w, https:\/\/gazetaregionalna.com\/wp-content\/uploads\/2023\/03\/aleja2-1-768x576.jpg 768w, https:\/\/gazetaregionalna.com\/wp-content\/uploads\/2023\/03\/aleja2-1-1536x1152.jpg 1536w, https:\/\/gazetaregionalna.com\/wp-content\/uploads\/2023\/03\/aleja2-1-696x522.jpg 696w, https:\/\/gazetaregionalna.com\/wp-content\/uploads\/2023\/03\/aleja2-1-1068x801.jpg 1068w, https:\/\/gazetaregionalna.com\/wp-content\/uploads\/2023\/03\/aleja2-1-1920x1440.jpg 1920w, https:\/\/gazetaregionalna.com\/wp-content\/uploads\/2023\/03\/aleja2-1-560x420.jpg 560w, https:\/\/gazetaregionalna.com\/wp-content\/uploads\/2023\/03\/aleja2-1-80x60.jpg 80w, https:\/\/gazetaregionalna.com\/wp-content\/uploads\/2023\/03\/aleja2-1-265x198.jpg 265w, https:\/\/gazetaregionalna.com\/wp-content\/uploads\/2023\/03\/aleja2-1-scaled.jpg 1600w\" data-sizes=\"(max-width: 1024px) 100vw, 1024px\" src=\"data:image\/svg+xml;base64,PHN2ZyB3aWR0aD0iMSIgaGVpZ2h0PSIxIiB4bWxucz0iaHR0cDovL3d3dy53My5vcmcvMjAwMC9zdmciPjwvc3ZnPg==\" style=\"--smush-placeholder-width: 1024px; --smush-placeholder-aspect-ratio: 1024\/768;\" \/><\/figure><\/li><li class=\"blocks-gallery-item\"><figure><img decoding=\"async\" width=\"1024\" height=\"562\" data-src=\"https:\/\/gazetaregionalna.com\/wp-content\/uploads\/2023\/03\/aleja3-1024x562.png\" alt=\"\" data-id=\"103088\" data-link=\"https:\/\/gazetaregionalna.com\/?attachment_id=103088\" class=\"wp-image-103088 lazyload\" data-srcset=\"https:\/\/gazetaregionalna.com\/wp-content\/uploads\/2023\/03\/aleja3-1024x562.png 1024w, https:\/\/gazetaregionalna.com\/wp-content\/uploads\/2023\/03\/aleja3-300x165.png 300w, https:\/\/gazetaregionalna.com\/wp-content\/uploads\/2023\/03\/aleja3-768x421.png 768w, https:\/\/gazetaregionalna.com\/wp-content\/uploads\/2023\/03\/aleja3-1536x842.png 1536w, https:\/\/gazetaregionalna.com\/wp-content\/uploads\/2023\/03\/aleja3-696x382.png 696w, https:\/\/gazetaregionalna.com\/wp-content\/uploads\/2023\/03\/aleja3-1068x586.png 1068w, https:\/\/gazetaregionalna.com\/wp-content\/uploads\/2023\/03\/aleja3-1920x1053.png 1920w, https:\/\/gazetaregionalna.com\/wp-content\/uploads\/2023\/03\/aleja3-766x420.png 766w, https:\/\/gazetaregionalna.com\/wp-content\/uploads\/2023\/03\/aleja3.png 1600w\" data-sizes=\"(max-width: 1024px) 100vw, 1024px\" src=\"data:image\/svg+xml;base64,PHN2ZyB3aWR0aD0iMSIgaGVpZ2h0PSIxIiB4bWxucz0iaHR0cDovL3d3dy53My5vcmcvMjAwMC9zdmciPjwvc3ZnPg==\" style=\"--smush-placeholder-width: 1024px; --smush-placeholder-aspect-ratio: 1024\/562;\" \/><\/figure><\/li><li class=\"blocks-gallery-item\"><figure><img decoding=\"async\" width=\"1024\" height=\"768\" data-src=\"https:\/\/gazetaregionalna.com\/wp-content\/uploads\/2023\/03\/aleja4-1024x768.jpg\" alt=\"\" data-id=\"103089\" data-link=\"https:\/\/gazetaregionalna.com\/?attachment_id=103089\" class=\"wp-image-103089 lazyload\" data-srcset=\"https:\/\/gazetaregionalna.com\/wp-content\/uploads\/2023\/03\/aleja4-1024x768.jpg 1024w, https:\/\/gazetaregionalna.com\/wp-content\/uploads\/2023\/03\/aleja4-300x225.jpg 300w, https:\/\/gazetaregionalna.com\/wp-content\/uploads\/2023\/03\/aleja4-768x576.jpg 768w, https:\/\/gazetaregionalna.com\/wp-content\/uploads\/2023\/03\/aleja4-1536x1152.jpg 1536w, https:\/\/gazetaregionalna.com\/wp-content\/uploads\/2023\/03\/aleja4-696x522.jpg 696w, https:\/\/gazetaregionalna.com\/wp-content\/uploads\/2023\/03\/aleja4-1068x801.jpg 1068w, https:\/\/gazetaregionalna.com\/wp-content\/uploads\/2023\/03\/aleja4-1920x1440.jpg 1920w, https:\/\/gazetaregionalna.com\/wp-content\/uploads\/2023\/03\/aleja4-560x420.jpg 560w, https:\/\/gazetaregionalna.com\/wp-content\/uploads\/2023\/03\/aleja4-80x60.jpg 80w, https:\/\/gazetaregionalna.com\/wp-content\/uploads\/2023\/03\/aleja4-265x198.jpg 265w, https:\/\/gazetaregionalna.com\/wp-content\/uploads\/2023\/03\/aleja4-scaled.jpg 1600w\" data-sizes=\"(max-width: 1024px) 100vw, 1024px\" src=\"data:image\/svg+xml;base64,PHN2ZyB3aWR0aD0iMSIgaGVpZ2h0PSIxIiB4bWxucz0iaHR0cDovL3d3dy53My5vcmcvMjAwMC9zdmciPjwvc3ZnPg==\" style=\"--smush-placeholder-width: 1024px; --smush-placeholder-aspect-ratio: 1024\/768;\" \/><\/figure><\/li><li class=\"blocks-gallery-item\"><figure><img decoding=\"async\" width=\"1024\" height=\"768\" data-src=\"https:\/\/gazetaregionalna.com\/wp-content\/uploads\/2023\/03\/aleja5-1024x768.jpg\" alt=\"\" data-id=\"103090\" data-full-url=\"https:\/\/gazetaregionalna.com\/wp-content\/uploads\/2023\/03\/aleja5-scaled.jpg\" data-link=\"https:\/\/gazetaregionalna.com\/?attachment_id=103090\" class=\"wp-image-103090 lazyload\" data-srcset=\"https:\/\/gazetaregionalna.com\/wp-content\/uploads\/2023\/03\/aleja5-1024x768.jpg 1024w, https:\/\/gazetaregionalna.com\/wp-content\/uploads\/2023\/03\/aleja5-300x225.jpg 300w, https:\/\/gazetaregionalna.com\/wp-content\/uploads\/2023\/03\/aleja5-768x576.jpg 768w, https:\/\/gazetaregionalna.com\/wp-content\/uploads\/2023\/03\/aleja5-1536x1152.jpg 1536w, https:\/\/gazetaregionalna.com\/wp-content\/uploads\/2023\/03\/aleja5-696x522.jpg 696w, https:\/\/gazetaregionalna.com\/wp-content\/uploads\/2023\/03\/aleja5-1068x801.jpg 1068w, https:\/\/gazetaregionalna.com\/wp-content\/uploads\/2023\/03\/aleja5-1920x1440.jpg 1920w, https:\/\/gazetaregionalna.com\/wp-content\/uploads\/2023\/03\/aleja5-560x420.jpg 560w, https:\/\/gazetaregionalna.com\/wp-content\/uploads\/2023\/03\/aleja5-80x60.jpg 80w, https:\/\/gazetaregionalna.com\/wp-content\/uploads\/2023\/03\/aleja5-265x198.jpg 265w, https:\/\/gazetaregionalna.com\/wp-content\/uploads\/2023\/03\/aleja5-scaled.jpg 1600w\" data-sizes=\"(max-width: 1024px) 100vw, 1024px\" src=\"data:image\/svg+xml;base64,PHN2ZyB3aWR0aD0iMSIgaGVpZ2h0PSIxIiB4bWxucz0iaHR0cDovL3d3dy53My5vcmcvMjAwMC9zdmciPjwvc3ZnPg==\" style=\"--smush-placeholder-width: 1024px; --smush-placeholder-aspect-ratio: 1024\/768;\" \/><\/figure><\/li><\/ul><figcaption class=\"blocks-gallery-caption\">fot. MZDiT w Cz\u0119stochowie<\/figcaption><\/figure>\n","protected":false},"excerpt":{"rendered":"<p>Przedstawiciele Miejskiego Zarz\u0105du Dr\u00f3g w Cz\u0119stochowie i Grupy NDI podsumowali dotychczasowy post\u0119p prac na budowie nowej al. Wojska Polskiego w Cz\u0119stochowie. Spotkanie z mediami<\/p>\n","protected":false},"author":24,"featured_media":103083,"comment_status":"closed","ping_status":"open","sticky":false,"template":"","format":"standard","meta":{"_monsterinsights_skip_tracking":false,"_monsterinsights_sitenote_active":false,"_monsterinsights_sitenote_note":"","_monsterinsights_sitenote_category":0,"_uf_show_specific_survey":0,"_uf_disable_surveys":false,"footnotes":""},"categories":[1323,44,20,3,42,33],"tags":[4987,2488,624,4013,7643,6748,6657],"class_list":["post-103081","post","type-post","status-publish","format-standard","has-post-thumbnail","hentry","category-architecture","category-bezpieczenstwo","category-budownictwo","category-czestochowa-informacje","category-finanse","category-inwestycje","tag-aleja-wojska-polskiego","tag-budowa","tag-inwestycja","tag-miejski-zarzad-drog","tag-postep-prac","tag-przebudowa-dk-91","tag-wykonawca"],"_links":{"self":[{"href":"https:\/\/gazetaregionalna.com\/index.php?rest_route=\/wp\/v2\/posts\/103081","targetHints":{"allow":["GET"]}}],"collection":[{"href":"https:\/\/gazetaregionalna.com\/index.php?rest_route=\/wp\/v2\/posts"}],"about":[{"href":"https:\/\/gazetaregionalna.com\/index.php?rest_route=\/wp\/v2\/types\/post"}],"author":[{"embeddable":true,"href":"https:\/\/gazetaregionalna.com\/index.php?rest_route=\/wp\/v2\/users\/24"}],"replies":[{"embeddable":true,"href":"https:\/\/gazetaregionalna.com\/index.php?rest_route=%2Fwp%2Fv2%2Fcomments&post=103081"}],"version-history":[{"count":2,"href":"https:\/\/gazetaregionalna.com\/index.php?rest_route=\/wp\/v2\/posts\/103081\/revisions"}],"predecessor-version":[{"id":103091,"href":"https:\/\/gazetaregionalna.com\/index.php?rest_route=\/wp\/v2\/posts\/103081\/revisions\/103091"}],"wp:featuredmedia":[{"embeddable":true,"href":"https:\/\/gazetaregionalna.com\/index.php?rest_route=\/wp\/v2\/media\/103083"}],"wp:attachment":[{"href":"https:\/\/gazetaregionalna.com\/index.php?rest_route=%2Fwp%2Fv2%2Fmedia&parent=103081"}],"wp:term":[{"taxonomy":"category","embeddable":true,"href":"https:\/\/gazetaregionalna.com\/index.php?rest_route=%2Fwp%2Fv2%2Fcategories&post=103081"},{"taxonomy":"post_tag","embeddable":true,"href":"https:\/\/gazetaregionalna.com\/index.php?rest_route=%2Fwp%2Fv2%2Ftags&post=103081"}],"curies":[{"name":"wp","href":"https:\/\/api.w.org\/{rel}","templated":true}]}}