{"id":102989,"date":"2023-03-21T17:25:10","date_gmt":"2023-03-21T17:25:10","guid":{"rendered":"https:\/\/gazetaregionalna.com\/?p=102989"},"modified":"2023-03-22T08:58:56","modified_gmt":"2023-03-22T08:58:56","slug":"czestochowskie-akcenty-podczas-mistrzostw-polski-juniorek-mlodszych-w-siatkowce","status":"publish","type":"post","link":"https:\/\/gazetaregionalna.com\/?p=102989","title":{"rendered":"Cz\u0119stochowskie akcenty podczas mistrzostw Polski juniorek w siatk\u00f3wce"},"content":{"rendered":"\n<p>W D\u0119bicy na Podkarpaciu zosta\u0142 rozegrany turniej fina\u0142owy mistrzostw Polski juniorek w siatk\u00f3wce. S\u0119dzi\u0105 pierwszym fina\u0142u by\u0142 Marcin Dobrza\u0144ski z Cz\u0119stochowy, a srebrny medal wywalczy\u0142a cz\u0119stochowianka Nadia Siuda, kt\u00f3ra reprezentowa\u0142a barwy MKS Kalisz.<\/p>\n\n\n\n<p>Nadia Siuda to 16-letnia wychowanka Klubu Sportowego Cz\u0119stochowianka. Aktualnie jest uczennic\u0105 Szko\u0142y Mistrzostwa Sportowego PZPS Szczyrk i siatkark\u0105 Energa MKS Kalisz. Podczas fina\u0142u mistrzostw Polski w siatk\u00f3wce, kt\u00f3ry odby\u0142 si\u0119 w D\u0119bicy, Siuda wywalczy\u0142a srebrny medal MP. Przypad\u0142a jej te\u017c nagroda \u201enajlepszej rozgrywaj\u0105cej&#8221; mistrzostw.<\/p>\n\n\n\n<p>Nadia pochodzi ze sportowej rodziny. Jej mama gra\u0142a w siatk\u00f3wk\u0119 i by\u0142a zawodniczk\u0105 m.in. Cz\u0119stochowianki. Tata jest trenerem pi\u0142ki no\u017cnej.<\/p>\n\n\n\n<p>Nadia Siuda ma na swoim koncie wiele medali z m\u0142odzie\u017cowych mistrzostw zar\u00f3wno na arenie og\u00f3lnopolskiej, jak i europejskiej. W swojej kolekcji posiada m.in.: srebrny medal w kat. \u201e2\u201d mistrzostw Polski, z\u0142oty medal w kat. \u201e2\u201d mistrzostw Polski, z\u0142oty medal w kat. \u201e3\u201d mistrzostw Polski, srebrny medal mistrzostw Polski m\u0142odziczek (najlepsza rozgrywaj\u0105ca mistrzostw Polski m\u0142odziczek), srebrny medal mistrzostw Polski juniorek m\u0142odszych, srebrny medal EVZA U-16, &#8211; z\u0142oty medal EVZA U-17, 6. miejsce na mistrzostwach Europy U-16, 5. miejsce na mistrzostwach Europy U-17, powo\u0142ania do kadry Polski U-14, U-16 i U-17. Wielokrotna mistrzyni \u015al\u0105ska oraz Wielkopolski, wicemistrzyni Og\u00f3lnopolskiej Olimpiady M\u0142odzie\u017cy, wicemistrzyni Polski juniorek.<\/p>\n\n\n\n<p>Podczas fina\u0142u w D\u0119bicy z bardzo dobrej strony zaprezentowa\u0142 si\u0119 te\u017c cz\u0119stochowski s\u0119dzia Marcin Dobrza\u0144ski. Zosta\u0142 nominowany do prowadzenia fina\u0142u i meczu o z\u0142oty medal jako S\u0119dzia 1. To kolejny fina\u0142 mistrzostw Polski w wykonaniu arbitra z Cz\u0119stochowy.<\/p>\n\n\n\n<p>AK, fot: archiwum Marcina Dobrza\u0144skiego <\/p>\n\n\n\n<figure class=\"wp-block-image size-large\"><img decoding=\"async\" width=\"1024\" height=\"727\" data-src=\"https:\/\/gazetaregionalna.com\/wp-content\/uploads\/2023\/03\/NadiaSiuda-fot-Marcin-Dobrzanski-1024x727.jpg\" alt=\"\" class=\"wp-image-102990 lazyload\" data-srcset=\"https:\/\/gazetaregionalna.com\/wp-content\/uploads\/2023\/03\/NadiaSiuda-fot-Marcin-Dobrzanski-1024x727.jpg 1024w, https:\/\/gazetaregionalna.com\/wp-content\/uploads\/2023\/03\/NadiaSiuda-fot-Marcin-Dobrzanski-300x213.jpg 300w, https:\/\/gazetaregionalna.com\/wp-content\/uploads\/2023\/03\/NadiaSiuda-fot-Marcin-Dobrzanski-768x545.jpg 768w, https:\/\/gazetaregionalna.com\/wp-content\/uploads\/2023\/03\/NadiaSiuda-fot-Marcin-Dobrzanski-1536x1090.jpg 1536w, https:\/\/gazetaregionalna.com\/wp-content\/uploads\/2023\/03\/NadiaSiuda-fot-Marcin-Dobrzanski-696x494.jpg 696w, https:\/\/gazetaregionalna.com\/wp-content\/uploads\/2023\/03\/NadiaSiuda-fot-Marcin-Dobrzanski-1068x758.jpg 1068w, https:\/\/gazetaregionalna.com\/wp-content\/uploads\/2023\/03\/NadiaSiuda-fot-Marcin-Dobrzanski-592x420.jpg 592w, https:\/\/gazetaregionalna.com\/wp-content\/uploads\/2023\/03\/NadiaSiuda-fot-Marcin-Dobrzanski-100x70.jpg 100w, https:\/\/gazetaregionalna.com\/wp-content\/uploads\/2023\/03\/NadiaSiuda-fot-Marcin-Dobrzanski-scaled.jpg 1600w\" data-sizes=\"(max-width: 1024px) 100vw, 1024px\" src=\"data:image\/svg+xml;base64,PHN2ZyB3aWR0aD0iMSIgaGVpZ2h0PSIxIiB4bWxucz0iaHR0cDovL3d3dy53My5vcmcvMjAwMC9zdmciPjwvc3ZnPg==\" style=\"--smush-placeholder-width: 1024px; --smush-placeholder-aspect-ratio: 1024\/727;\" \/><\/figure>\n\n\n\n<figure class=\"wp-block-image size-large\"><img decoding=\"async\" width=\"300\" height=\"250\" data-src=\"https:\/\/gazetaregionalna.com\/wp-content\/uploads\/2022\/04\/DMK-10.jpg\" alt=\"\" class=\"wp-image-77218 lazyload\" src=\"data:image\/svg+xml;base64,PHN2ZyB3aWR0aD0iMSIgaGVpZ2h0PSIxIiB4bWxucz0iaHR0cDovL3d3dy53My5vcmcvMjAwMC9zdmciPjwvc3ZnPg==\" style=\"--smush-placeholder-width: 300px; --smush-placeholder-aspect-ratio: 300\/250;\"><\/figure>\n\n\n\n<figure class=\"wp-block-image size-large\"><img decoding=\"async\" width=\"1024\" height=\"683\" data-src=\"https:\/\/gazetaregionalna.com\/wp-content\/uploads\/2023\/03\/SedziowieFinalu-fot-MarcinDobrzanski-1024x683.jpg\" alt=\"\" class=\"wp-image-102991 lazyload\" data-srcset=\"https:\/\/gazetaregionalna.com\/wp-content\/uploads\/2023\/03\/SedziowieFinalu-fot-MarcinDobrzanski-1024x683.jpg 1024w, https:\/\/gazetaregionalna.com\/wp-content\/uploads\/2023\/03\/SedziowieFinalu-fot-MarcinDobrzanski-300x200.jpg 300w, https:\/\/gazetaregionalna.com\/wp-content\/uploads\/2023\/03\/SedziowieFinalu-fot-MarcinDobrzanski-768x512.jpg 768w, https:\/\/gazetaregionalna.com\/wp-content\/uploads\/2023\/03\/SedziowieFinalu-fot-MarcinDobrzanski-1536x1024.jpg 1536w, https:\/\/gazetaregionalna.com\/wp-content\/uploads\/2023\/03\/SedziowieFinalu-fot-MarcinDobrzanski-696x464.jpg 696w, https:\/\/gazetaregionalna.com\/wp-content\/uploads\/2023\/03\/SedziowieFinalu-fot-MarcinDobrzanski-1068x712.jpg 1068w, https:\/\/gazetaregionalna.com\/wp-content\/uploads\/2023\/03\/SedziowieFinalu-fot-MarcinDobrzanski-1920x1280.jpg 1920w, https:\/\/gazetaregionalna.com\/wp-content\/uploads\/2023\/03\/SedziowieFinalu-fot-MarcinDobrzanski-630x420.jpg 630w, https:\/\/gazetaregionalna.com\/wp-content\/uploads\/2023\/03\/SedziowieFinalu-fot-MarcinDobrzanski-scaled.jpg 1600w\" data-sizes=\"(max-width: 1024px) 100vw, 1024px\" src=\"data:image\/svg+xml;base64,PHN2ZyB3aWR0aD0iMSIgaGVpZ2h0PSIxIiB4bWxucz0iaHR0cDovL3d3dy53My5vcmcvMjAwMC9zdmciPjwvc3ZnPg==\" style=\"--smush-placeholder-width: 1024px; --smush-placeholder-aspect-ratio: 1024\/683;\" \/><\/figure>\n","protected":false},"excerpt":{"rendered":"<p>W D\u0119bicy na Podkarpaciu zosta\u0142 rozegrany turniej fina\u0142owy mistrzostw Polski juniorek w siatk\u00f3wce. S\u0119dzi\u0105 pierwszym fina\u0142u by\u0142 Marcin Dobrza\u0144ski z Cz\u0119stochowy, a srebrny medal<\/p>\n","protected":false},"author":15,"featured_media":102990,"comment_status":"closed","ping_status":"open","sticky":false,"template":"","format":"standard","meta":{"_monsterinsights_skip_tracking":false,"_monsterinsights_sitenote_active":false,"_monsterinsights_sitenote_note":"","_monsterinsights_sitenote_category":0,"_uf_show_specific_survey":0,"_uf_disable_surveys":false,"footnotes":""},"categories":[5,8],"tags":[],"class_list":["post-102989","post","type-post","status-publish","format-standard","has-post-thumbnail","hentry","category-sport","category-siatkowka"],"_links":{"self":[{"href":"https:\/\/gazetaregionalna.com\/index.php?rest_route=\/wp\/v2\/posts\/102989","targetHints":{"allow":["GET"]}}],"collection":[{"href":"https:\/\/gazetaregionalna.com\/index.php?rest_route=\/wp\/v2\/posts"}],"about":[{"href":"https:\/\/gazetaregionalna.com\/index.php?rest_route=\/wp\/v2\/types\/post"}],"author":[{"embeddable":true,"href":"https:\/\/gazetaregionalna.com\/index.php?rest_route=\/wp\/v2\/users\/15"}],"replies":[{"embeddable":true,"href":"https:\/\/gazetaregionalna.com\/index.php?rest_route=%2Fwp%2Fv2%2Fcomments&post=102989"}],"version-history":[{"count":3,"href":"https:\/\/gazetaregionalna.com\/index.php?rest_route=\/wp\/v2\/posts\/102989\/revisions"}],"predecessor-version":[{"id":103042,"href":"https:\/\/gazetaregionalna.com\/index.php?rest_route=\/wp\/v2\/posts\/102989\/revisions\/103042"}],"wp:featuredmedia":[{"embeddable":true,"href":"https:\/\/gazetaregionalna.com\/index.php?rest_route=\/wp\/v2\/media\/102990"}],"wp:attachment":[{"href":"https:\/\/gazetaregionalna.com\/index.php?rest_route=%2Fwp%2Fv2%2Fmedia&parent=102989"}],"wp:term":[{"taxonomy":"category","embeddable":true,"href":"https:\/\/gazetaregionalna.com\/index.php?rest_route=%2Fwp%2Fv2%2Fcategories&post=102989"},{"taxonomy":"post_tag","embeddable":true,"href":"https:\/\/gazetaregionalna.com\/index.php?rest_route=%2Fwp%2Fv2%2Ftags&post=102989"}],"curies":[{"name":"wp","href":"https:\/\/api.w.org\/{rel}","templated":true}]}}