{"id":10289,"date":"2020-02-27T12:12:21","date_gmt":"2020-02-27T12:12:21","guid":{"rendered":"https:\/\/gazetaregionalna.com\/?p=10289"},"modified":"2020-02-27T12:12:23","modified_gmt":"2020-02-27T12:12:23","slug":"lwy-rozpoczynaja-kolejny-sezon","status":"publish","type":"post","link":"https:\/\/gazetaregionalna.com\/?p=10289","title":{"rendered":"Lwy rozpoczynaj\u0105 kolejny sezon"},"content":{"rendered":"\n<p>Jutro 28 lutego, wielka prezentacja dru\u017cyny Eltrox W\u0142\u00f3kniarz Cz\u0119stochowa. Kibice mog\u0105 si\u0119 tradycyjnie przed rozpocz\u0119ciem sezonu spotka\u0107 z zawodnikami, pozna\u0107 sk\u0142ad W\u0142\u00f3kniarza, a tak\u017ce \u015bwietnie si\u0119 bawi\u0107.<br> Wielkie \u015bwi\u0119to zielono-bia\u0142ej dru\u017cyny odb\u0119dzie si\u0119 w Hali Sportowej Cz\u0119stochowa przy ul. \u017bu\u017clowej. Na spotkaniu z fanami nie zabraknie ca\u0142ej kadry Lw\u00f3w oraz sztabu szkoleniowego. Zapowiada si\u0119 ciekawe widowisko. Organizatorzy imprezy opr\u00f3cz samego przedstawienia \u017cu\u017clowc\u00f3w W\u0142\u00f3kniarza planuj\u0105 tak\u017ce szereg atrakcji. Na holu hali znajd\u0105 si\u0119 m.in. strefy animacji dla najm\u0142odszych. Starsi kibice b\u0119d\u0105 mogli z kolei obejrze\u0107 modele samochod\u00f3w, kt\u00f3re zaprezentuj\u0105 czo\u0142owe cz\u0119stochowskie salony. Jak zapowiadaj\u0105 organizatorzy, nie zabraknie te\u017c zabaw i konkurs\u00f3w z nagrodami.<br> Pi\u0105tkowa prezentacja W\u0142\u00f3kniarza b\u0119dzie oczywi\u015bcie okazj\u0105 do zdobycia autograf\u00f3w zawodnik\u00f3w cz\u0119stochowskiego klubu. Mi\u0142o\u015bnicy czarnego sportu maj\u0105 niepowtarzaln\u0105 mo\u017cliwo\u015b\u0107 porozmawiania z zawodnikami, a tak\u017ce zrobienia sobie z nimi pami\u0105tkowego zdj\u0119cia.<br> Widowisko poprowadzi Tomasz Lorek.<br> Jak co roku prezentacj\u0119 klubu na rozpocz\u0119cie sezonu u\u015bwietni wyst\u0119p gwiazdy. W tym roku dla \u017cu\u017clowc\u00f3w i ich fan\u00f3w za\u015bpiewa Patrycja Markowska.<br> Znakomita wokalistka i autorka tekst\u00f3w  zadebiutowa\u0142a 3 grudnia 2001.  Jej debiutancki album studyjny nosi\u0142 tytu\u0142 &#8222;B\u0119d\u0119 silna&#8221;.  Wydawnictwo promowa\u0142a singlami: \u201eOp\u0119tanie\u201d, \u201eDrogi kolego\u201d oraz \u201eMusisz by\u0107 pierwszy\u201d, kt\u00f3ry nagra\u0142a w duecie z Marcinem Urbasiem.  By\u0142 to niezwykle udany debiut, gdy\u017c za album ten otrzyma\u0142a nominacj\u0119 do nagrody polskiego przemys\u0142u fonograficznego Fryderyka w kategorii \u201eNowa twarz fonografii\u201d. <br> Patrycja Markowska przez kilkana\u015bcie lat obceno\u015bci na polskim rynku muzycznym zdoby\u0142a serce wielu mi\u0142o\u015bnik\u00f3w muzyki. Wyda\u0142a ciesz\u0105ce si\u0119 powodzeniem albumy, zdobywa\u0142a liczna nagrody. Ma na swoim koncie tak\u017ce liczne udane duety, na przyk\u0142ad ze swoim tat\u0105 &#8211; Grzegorzem Markowski. W listopadzie 2018 roku ukaza\u0142 si\u0119  singiel \u201eNa szczycie&#8221; promuj\u0105cy album studyjny pt. &#8222;Droga&#8221;, kt\u00f3ry nagra\u0142a w duecie w\u0142a\u015bnie z wokalist\u0105 Perfectu.  Jej przeboje &#8222;\u015awiat sie pomyli\u0142&#8221;, &#8222;Alter ego&#8221; czy &#8221; Dzie\u0144 za dniem&#8221; znaj\u0105 niemal wszyscy.<br> Artystka wyst\u0105pi w Cz\u0119stochowie z blisko godzinnym koncertem. Warto przyj\u015b\u0107, aby jej pos\u0142ucha\u0107 i powita\u0107 z zawodnikami W\u0142\u00f3kniarza kolejny sezon.<br> Wst\u0119p na widowisko b\u0119dzie mo\u017cliwy po kupieniu biletu wst\u0119pu w cenie 25 z\u0142 (trybuna g\u00f3rna) lub 35 z\u0142 (trybuna dolna). Dzieci do lat 12 (urodzone w 2008 roku i p\u00f3\u017aniej) wst\u0119p bezp\u0142atny. Karnety nie obowi\u0105zuj\u0105.<br> Przyjd\u017a i wsp\u00f3lnie z Lwami cieszmy si\u0119 na kolejny, oby udany, sezon.<\/p>\n","protected":false},"excerpt":{"rendered":"<p>Jutro 28 lutego, wielka prezentacja dru\u017cyny Eltrox W\u0142\u00f3kniarz Cz\u0119stochowa. Kibice mog\u0105 si\u0119 tradycyjnie przed rozpocz\u0119ciem sezonu spotka\u0107 z zawodnikami, pozna\u0107 sk\u0142ad W\u0142\u00f3kniarza, a tak\u017ce<\/p>\n","protected":false},"author":7,"featured_media":0,"comment_status":"open","ping_status":"open","sticky":false,"template":"","format":"standard","meta":{"_monsterinsights_skip_tracking":false,"_monsterinsights_sitenote_active":false,"_monsterinsights_sitenote_note":"","_monsterinsights_sitenote_category":0,"_uf_show_specific_survey":0,"_uf_disable_surveys":false,"footnotes":""},"categories":[94,3,5,2,7],"tags":[],"class_list":["post-10289","post","type-post","status-publish","format-standard","hentry","category-polecane","category-czestochowa-informacje","category-sport","category-wiadomosci","category-zuzel"],"_links":{"self":[{"href":"https:\/\/gazetaregionalna.com\/index.php?rest_route=\/wp\/v2\/posts\/10289","targetHints":{"allow":["GET"]}}],"collection":[{"href":"https:\/\/gazetaregionalna.com\/index.php?rest_route=\/wp\/v2\/posts"}],"about":[{"href":"https:\/\/gazetaregionalna.com\/index.php?rest_route=\/wp\/v2\/types\/post"}],"author":[{"embeddable":true,"href":"https:\/\/gazetaregionalna.com\/index.php?rest_route=\/wp\/v2\/users\/7"}],"replies":[{"embeddable":true,"href":"https:\/\/gazetaregionalna.com\/index.php?rest_route=%2Fwp%2Fv2%2Fcomments&post=10289"}],"version-history":[{"count":1,"href":"https:\/\/gazetaregionalna.com\/index.php?rest_route=\/wp\/v2\/posts\/10289\/revisions"}],"predecessor-version":[{"id":10291,"href":"https:\/\/gazetaregionalna.com\/index.php?rest_route=\/wp\/v2\/posts\/10289\/revisions\/10291"}],"wp:attachment":[{"href":"https:\/\/gazetaregionalna.com\/index.php?rest_route=%2Fwp%2Fv2%2Fmedia&parent=10289"}],"wp:term":[{"taxonomy":"category","embeddable":true,"href":"https:\/\/gazetaregionalna.com\/index.php?rest_route=%2Fwp%2Fv2%2Fcategories&post=10289"},{"taxonomy":"post_tag","embeddable":true,"href":"https:\/\/gazetaregionalna.com\/index.php?rest_route=%2Fwp%2Fv2%2Ftags&post=10289"}],"curies":[{"name":"wp","href":"https:\/\/api.w.org\/{rel}","templated":true}]}}