{"id":102881,"date":"2023-03-18T08:34:21","date_gmt":"2023-03-18T08:34:21","guid":{"rendered":"https:\/\/gazetaregionalna.com\/?p=102881"},"modified":"2023-03-18T08:34:23","modified_gmt":"2023-03-18T08:34:23","slug":"znana-jest-juz-godzina-i-ceny-biletow-na-49-memorial-im-b-idzikowskiego-i-m-czernego","status":"publish","type":"post","link":"https:\/\/gazetaregionalna.com\/?p=102881","title":{"rendered":"Znana jest ju\u017c godzina i ceny bilet\u00f3w na 49. Memoria\u0142 im. B. Idzikowskiego i M. Czernego"},"content":{"rendered":"\n<p>\u017bu\u017clowcy W\u0142\u00f3kniarza Cz\u0119stochowa odbyli ju\u017c pierwsze jazdy na torze przy ul. Olszty\u0144skiej. Cz\u0119stochowianie zaczynaj\u0105 trenowa\u0107 i przygotowywa\u0107 si\u0119 do nadchodz\u0105cego sezonu. Dzia\u0142acze W\u0142\u00f3kniarza poinformowali ju\u017c o dok\u0142adnej dacie i cenach bilet\u00f3w na 49. Memoria\u0142 im. B. Idzikowskiego i M. Czernego, kt\u00f3ry otworzy sezon w Cz\u0119stochowie.<\/p>\n\n\n\n<p>Memoria\u0142 odb\u0119dzie si\u0119 w sobot\u0119, 25 marca o godz. 15. Bilet wst\u0119pu wyceniono na 30 z\u0142. Sprzeda\u017c wej\u015bci\u00f3wek odbywa\u0107 si\u0119 b\u0119dzie w siedzibie klubu przy ul. Olszty\u0144skiej 123\/127 od poniedzia\u0142ku do pi\u0105tku w godzinach 8:-16. W dniu zawod\u00f3w czynne b\u0119d\u0105 dwie kasy przy wej\u015bciu g\u0142\u00f3wnym (od ul. Orlik-R\u00fcckemanna).<\/p>\n\n\n\n<p>Osoby kt\u00f3re posiadaj\u0105 ju\u017c karnet na 2023 rok maj\u0105 zagwarantowany wst\u0119p bezp\u0142atny! Bezp\u0142atnie za memoria\u0142 wejd\u0105 te\u017c dzieci do 12 roku \u017cycia (urodzone w 2011 i p\u00f3\u017aniej).<\/p>\n\n\n\n<p>AK, fot: materia\u0142y prasowe klubu <\/p>\n\n\n\n<figure class=\"wp-block-image size-large\"><img decoding=\"async\" width=\"750\" height=\"330\" data-src=\"https:\/\/gazetaregionalna.com\/wp-content\/uploads\/2023\/03\/Memorial49.png\" alt=\"\" class=\"wp-image-102882 lazyload\" data-srcset=\"https:\/\/gazetaregionalna.com\/wp-content\/uploads\/2023\/03\/Memorial49.png 750w, https:\/\/gazetaregionalna.com\/wp-content\/uploads\/2023\/03\/Memorial49-300x132.png 300w, https:\/\/gazetaregionalna.com\/wp-content\/uploads\/2023\/03\/Memorial49-696x306.png 696w\" data-sizes=\"(max-width: 750px) 100vw, 750px\" src=\"data:image\/svg+xml;base64,PHN2ZyB3aWR0aD0iMSIgaGVpZ2h0PSIxIiB4bWxucz0iaHR0cDovL3d3dy53My5vcmcvMjAwMC9zdmciPjwvc3ZnPg==\" style=\"--smush-placeholder-width: 750px; --smush-placeholder-aspect-ratio: 750\/330;\" \/><\/figure>\n\n\n\n<figure class=\"wp-block-image size-large\"><img decoding=\"async\" width=\"300\" height=\"250\" data-src=\"https:\/\/gazetaregionalna.com\/wp-content\/uploads\/2022\/04\/DMK-8.jpg\" alt=\"\" class=\"wp-image-77215 lazyload\" src=\"data:image\/svg+xml;base64,PHN2ZyB3aWR0aD0iMSIgaGVpZ2h0PSIxIiB4bWxucz0iaHR0cDovL3d3dy53My5vcmcvMjAwMC9zdmciPjwvc3ZnPg==\" style=\"--smush-placeholder-width: 300px; --smush-placeholder-aspect-ratio: 300\/250;\"><\/figure>\n","protected":false},"excerpt":{"rendered":"<p>\u017bu\u017clowcy W\u0142\u00f3kniarza Cz\u0119stochowa odbyli ju\u017c pierwsze jazdy na torze przy ul. Olszty\u0144skiej. Cz\u0119stochowianie zaczynaj\u0105 trenowa\u0107 i przygotowywa\u0107 si\u0119 do nadchodz\u0105cego sezonu. Dzia\u0142acze W\u0142\u00f3kniarza poinformowali<\/p>\n","protected":false},"author":15,"featured_media":102882,"comment_status":"closed","ping_status":"open","sticky":false,"template":"","format":"standard","meta":{"_monsterinsights_skip_tracking":false,"_monsterinsights_sitenote_active":false,"_monsterinsights_sitenote_note":"","_monsterinsights_sitenote_category":0,"_uf_show_specific_survey":0,"_uf_disable_surveys":false,"footnotes":""},"categories":[5,7],"tags":[],"class_list":["post-102881","post","type-post","status-publish","format-standard","has-post-thumbnail","hentry","category-sport","category-zuzel"],"_links":{"self":[{"href":"https:\/\/gazetaregionalna.com\/index.php?rest_route=\/wp\/v2\/posts\/102881","targetHints":{"allow":["GET"]}}],"collection":[{"href":"https:\/\/gazetaregionalna.com\/index.php?rest_route=\/wp\/v2\/posts"}],"about":[{"href":"https:\/\/gazetaregionalna.com\/index.php?rest_route=\/wp\/v2\/types\/post"}],"author":[{"embeddable":true,"href":"https:\/\/gazetaregionalna.com\/index.php?rest_route=\/wp\/v2\/users\/15"}],"replies":[{"embeddable":true,"href":"https:\/\/gazetaregionalna.com\/index.php?rest_route=%2Fwp%2Fv2%2Fcomments&post=102881"}],"version-history":[{"count":1,"href":"https:\/\/gazetaregionalna.com\/index.php?rest_route=\/wp\/v2\/posts\/102881\/revisions"}],"predecessor-version":[{"id":102883,"href":"https:\/\/gazetaregionalna.com\/index.php?rest_route=\/wp\/v2\/posts\/102881\/revisions\/102883"}],"wp:featuredmedia":[{"embeddable":true,"href":"https:\/\/gazetaregionalna.com\/index.php?rest_route=\/wp\/v2\/media\/102882"}],"wp:attachment":[{"href":"https:\/\/gazetaregionalna.com\/index.php?rest_route=%2Fwp%2Fv2%2Fmedia&parent=102881"}],"wp:term":[{"taxonomy":"category","embeddable":true,"href":"https:\/\/gazetaregionalna.com\/index.php?rest_route=%2Fwp%2Fv2%2Fcategories&post=102881"},{"taxonomy":"post_tag","embeddable":true,"href":"https:\/\/gazetaregionalna.com\/index.php?rest_route=%2Fwp%2Fv2%2Ftags&post=102881"}],"curies":[{"name":"wp","href":"https:\/\/api.w.org\/{rel}","templated":true}]}}