{"id":102668,"date":"2023-03-16T07:25:01","date_gmt":"2023-03-16T07:25:01","guid":{"rendered":"https:\/\/gazetaregionalna.com\/?p=102668"},"modified":"2023-03-16T07:37:23","modified_gmt":"2023-03-16T07:37:23","slug":"czestochowa-odmieniona-ulica-jesienna-i-nowy-wiadukt-nad-dk-91","status":"publish","type":"post","link":"https:\/\/gazetaregionalna.com\/?p=102668","title":{"rendered":"Cz\u0119stochowa. Odmieniona ulica Jesienna  i nowy wiadukt nad DK-91"},"content":{"rendered":"\n<h2 class=\"wp-block-heading\"><strong>W po\u0142owie maja powinny zako\u0144czy\u0107 si\u0119 prace przy rozbudowie ul. Jesiennej do ul. B\u00f3r w Cz\u0119stochowie. <\/strong><\/h2>\n\n\n\n<h2 class=\"wp-block-heading\"><strong>Przy alei Wojska Polskiego rozpocz\u0119to monta\u017c konstrukcji kolejnego, dwupoziomowego skrzy\u017cowania.<\/strong><\/h2>\n\n\n\n<p>Prace drogowe na B\u0142esznie i ulicy Jesiennej obejmuj\u0105 tak\u017ce przebudow\u0119 istniej\u0105cego \u015bladu ul. Jesiennej od ul. Rydza \u2013 \u015amig\u0142ego do al. 11 listopada.<\/p>\n\n\n\n<p>Obecnie trwa skomplikowana przebudowa sieci podziemnych. Ruch ko\u0142owy na odcinku ul. Jesiennej od al. 11 Listopada do ul. Po\u0142udniowej jest mo\u017cliwy tylko dla mieszka\u0144c\u00f3w przyleg\u0142ego terenu. Budowany jest kana\u0142 sanitarny i dodatkowe wpusty kanalizacji deszczowej. W ramach inwestycji powstaje nowa jezdnia od d\u0142ugo\u015bci niespe\u0142na 1,2 km wraz z chodnikami po obu stronach drogi oraz ze \u015bcie\u017ck\u0105 rowerow\u0105. Zadanie dotyczy r\u00f3wnie\u017c modernizacji o\u015bwietlenia, przebudowy 6 skrzy\u017cowa\u0144 (w tym jednego ronda) oraz 3 zatok autobusowych.<\/p>\n\n\n\n<p>Ca\u0142kowity koszt zadania wyniesie ok. 15,5 mln z\u0142. 4, 4 mln pochodz\u0105 z Rz\u0105dowego Funduszu Rozwoju Dr\u00f3g, reszta to dofinansowanie z miasta. Nowa droga ma stanowi\u0107 komunikacyjn\u0105 alternatyw\u0119 dla po\u0142udniowych dzielnic i ruchu mi\u0119dzydzielnicowego.<\/p>\n\n\n\n<p>Z kolei na skrzy\u017cowaniu DK-91 z ulicami Rejtana i Krakowsk\u0105 rozpocz\u0119to osadzanie i scalanie element\u00f3w konstrukcji nowego wiaduktu. <\/p>\n\n\n\n<p>Budowa nowej al. Wojska Polskiego zak\u0142ada powstanie trzech dwupoziomowych skrzy\u017cowa\u0144: u zbiegu al. Wojska Polskiego z ul. Jagiello\u0144sk\u0105 i al. Pokoju (w miejscu dawnej estakady), przy Rejtana\/Krakowskiej oraz na wysoko\u015bci Galerii Jurajskiej i ul. Legion\u00f3w.<\/p>\n\n\n\n<p><em>*na podstawie informacji MZDiT<\/em><\/p>\n\n\n\n<figure class=\"wp-block-gallery columns-3 is-cropped wp-block-gallery-1 is-layout-flex wp-block-gallery-is-layout-flex\"><ul class=\"blocks-gallery-grid\"><li class=\"blocks-gallery-item\"><figure><img decoding=\"async\" width=\"1024\" height=\"768\" data-src=\"https:\/\/gazetaregionalna.com\/wp-content\/uploads\/2023\/03\/wiadu4-1024x768.jpg\" alt=\"\" data-id=\"102670\" data-link=\"https:\/\/gazetaregionalna.com\/?attachment_id=102670\" class=\"wp-image-102670 lazyload\" data-srcset=\"https:\/\/gazetaregionalna.com\/wp-content\/uploads\/2023\/03\/wiadu4-1024x768.jpg 1024w, https:\/\/gazetaregionalna.com\/wp-content\/uploads\/2023\/03\/wiadu4-300x225.jpg 300w, https:\/\/gazetaregionalna.com\/wp-content\/uploads\/2023\/03\/wiadu4-768x576.jpg 768w, https:\/\/gazetaregionalna.com\/wp-content\/uploads\/2023\/03\/wiadu4-1536x1152.jpg 1536w, https:\/\/gazetaregionalna.com\/wp-content\/uploads\/2023\/03\/wiadu4-696x522.jpg 696w, https:\/\/gazetaregionalna.com\/wp-content\/uploads\/2023\/03\/wiadu4-1068x801.jpg 1068w, https:\/\/gazetaregionalna.com\/wp-content\/uploads\/2023\/03\/wiadu4-560x420.jpg 560w, https:\/\/gazetaregionalna.com\/wp-content\/uploads\/2023\/03\/wiadu4-80x60.jpg 80w, https:\/\/gazetaregionalna.com\/wp-content\/uploads\/2023\/03\/wiadu4-265x198.jpg 265w, https:\/\/gazetaregionalna.com\/wp-content\/uploads\/2023\/03\/wiadu4.jpg 1600w\" data-sizes=\"(max-width: 1024px) 100vw, 1024px\" src=\"data:image\/svg+xml;base64,PHN2ZyB3aWR0aD0iMSIgaGVpZ2h0PSIxIiB4bWxucz0iaHR0cDovL3d3dy53My5vcmcvMjAwMC9zdmciPjwvc3ZnPg==\" style=\"--smush-placeholder-width: 1024px; --smush-placeholder-aspect-ratio: 1024\/768;\" \/><figcaption class=\"blocks-gallery-item__caption\">default<\/figcaption><\/figure><\/li><li class=\"blocks-gallery-item\"><figure><img decoding=\"async\" width=\"1024\" height=\"768\" data-src=\"https:\/\/gazetaregionalna.com\/wp-content\/uploads\/2023\/03\/wiadu5-1024x768.jpg\" alt=\"\" data-id=\"102671\" data-link=\"https:\/\/gazetaregionalna.com\/?attachment_id=102671\" class=\"wp-image-102671 lazyload\" data-srcset=\"https:\/\/gazetaregionalna.com\/wp-content\/uploads\/2023\/03\/wiadu5-1024x768.jpg 1024w, https:\/\/gazetaregionalna.com\/wp-content\/uploads\/2023\/03\/wiadu5-300x225.jpg 300w, https:\/\/gazetaregionalna.com\/wp-content\/uploads\/2023\/03\/wiadu5-768x576.jpg 768w, https:\/\/gazetaregionalna.com\/wp-content\/uploads\/2023\/03\/wiadu5-1536x1152.jpg 1536w, https:\/\/gazetaregionalna.com\/wp-content\/uploads\/2023\/03\/wiadu5-696x522.jpg 696w, https:\/\/gazetaregionalna.com\/wp-content\/uploads\/2023\/03\/wiadu5-1068x801.jpg 1068w, https:\/\/gazetaregionalna.com\/wp-content\/uploads\/2023\/03\/wiadu5-560x420.jpg 560w, https:\/\/gazetaregionalna.com\/wp-content\/uploads\/2023\/03\/wiadu5-80x60.jpg 80w, https:\/\/gazetaregionalna.com\/wp-content\/uploads\/2023\/03\/wiadu5-265x198.jpg 265w, https:\/\/gazetaregionalna.com\/wp-content\/uploads\/2023\/03\/wiadu5.jpg 1600w\" data-sizes=\"(max-width: 1024px) 100vw, 1024px\" src=\"data:image\/svg+xml;base64,PHN2ZyB3aWR0aD0iMSIgaGVpZ2h0PSIxIiB4bWxucz0iaHR0cDovL3d3dy53My5vcmcvMjAwMC9zdmciPjwvc3ZnPg==\" style=\"--smush-placeholder-width: 1024px; --smush-placeholder-aspect-ratio: 1024\/768;\" \/><figcaption class=\"blocks-gallery-item__caption\">default<\/figcaption><\/figure><\/li><li class=\"blocks-gallery-item\"><figure><img decoding=\"async\" width=\"1024\" height=\"768\" data-src=\"https:\/\/gazetaregionalna.com\/wp-content\/uploads\/2023\/03\/wiadu2-1024x768.png\" alt=\"\" data-id=\"102673\" data-link=\"https:\/\/gazetaregionalna.com\/?attachment_id=102673\" class=\"wp-image-102673 lazyload\" data-srcset=\"https:\/\/gazetaregionalna.com\/wp-content\/uploads\/2023\/03\/wiadu2-1024x768.png 1024w, https:\/\/gazetaregionalna.com\/wp-content\/uploads\/2023\/03\/wiadu2-300x225.png 300w, https:\/\/gazetaregionalna.com\/wp-content\/uploads\/2023\/03\/wiadu2-768x576.png 768w, https:\/\/gazetaregionalna.com\/wp-content\/uploads\/2023\/03\/wiadu2-1536x1152.png 1536w, https:\/\/gazetaregionalna.com\/wp-content\/uploads\/2023\/03\/wiadu2-2048x1536.png 2048w, https:\/\/gazetaregionalna.com\/wp-content\/uploads\/2023\/03\/wiadu2-696x522.png 696w, https:\/\/gazetaregionalna.com\/wp-content\/uploads\/2023\/03\/wiadu2-1068x801.png 1068w, https:\/\/gazetaregionalna.com\/wp-content\/uploads\/2023\/03\/wiadu2-1920x1440.png 1920w, https:\/\/gazetaregionalna.com\/wp-content\/uploads\/2023\/03\/wiadu2-560x420.png 560w, https:\/\/gazetaregionalna.com\/wp-content\/uploads\/2023\/03\/wiadu2-80x60.png 80w, https:\/\/gazetaregionalna.com\/wp-content\/uploads\/2023\/03\/wiadu2-265x198.png 265w, https:\/\/gazetaregionalna.com\/wp-content\/uploads\/2023\/03\/wiadu2.png 1600w\" data-sizes=\"(max-width: 1024px) 100vw, 1024px\" src=\"data:image\/svg+xml;base64,PHN2ZyB3aWR0aD0iMSIgaGVpZ2h0PSIxIiB4bWxucz0iaHR0cDovL3d3dy53My5vcmcvMjAwMC9zdmciPjwvc3ZnPg==\" style=\"--smush-placeholder-width: 1024px; --smush-placeholder-aspect-ratio: 1024\/768;\" \/><\/figure><\/li><li class=\"blocks-gallery-item\"><figure><img decoding=\"async\" width=\"1024\" height=\"768\" data-src=\"https:\/\/gazetaregionalna.com\/wp-content\/uploads\/2023\/03\/wiadu3-1024x768.png\" alt=\"\" data-id=\"102674\" data-full-url=\"https:\/\/gazetaregionalna.com\/wp-content\/uploads\/2023\/03\/wiadu3.png\" data-link=\"https:\/\/gazetaregionalna.com\/?attachment_id=102674\" class=\"wp-image-102674 lazyload\" data-srcset=\"https:\/\/gazetaregionalna.com\/wp-content\/uploads\/2023\/03\/wiadu3-1024x768.png 1024w, https:\/\/gazetaregionalna.com\/wp-content\/uploads\/2023\/03\/wiadu3-300x225.png 300w, https:\/\/gazetaregionalna.com\/wp-content\/uploads\/2023\/03\/wiadu3-768x576.png 768w, https:\/\/gazetaregionalna.com\/wp-content\/uploads\/2023\/03\/wiadu3-1536x1152.png 1536w, https:\/\/gazetaregionalna.com\/wp-content\/uploads\/2023\/03\/wiadu3-2048x1536.png 2048w, https:\/\/gazetaregionalna.com\/wp-content\/uploads\/2023\/03\/wiadu3-696x522.png 696w, https:\/\/gazetaregionalna.com\/wp-content\/uploads\/2023\/03\/wiadu3-1068x801.png 1068w, https:\/\/gazetaregionalna.com\/wp-content\/uploads\/2023\/03\/wiadu3-1920x1440.png 1920w, https:\/\/gazetaregionalna.com\/wp-content\/uploads\/2023\/03\/wiadu3-560x420.png 560w, https:\/\/gazetaregionalna.com\/wp-content\/uploads\/2023\/03\/wiadu3-80x60.png 80w, https:\/\/gazetaregionalna.com\/wp-content\/uploads\/2023\/03\/wiadu3-265x198.png 265w, https:\/\/gazetaregionalna.com\/wp-content\/uploads\/2023\/03\/wiadu3.png 1600w\" data-sizes=\"(max-width: 1024px) 100vw, 1024px\" src=\"data:image\/svg+xml;base64,PHN2ZyB3aWR0aD0iMSIgaGVpZ2h0PSIxIiB4bWxucz0iaHR0cDovL3d3dy53My5vcmcvMjAwMC9zdmciPjwvc3ZnPg==\" style=\"--smush-placeholder-width: 1024px; --smush-placeholder-aspect-ratio: 1024\/768;\" \/><\/figure><\/li><\/ul><figcaption class=\"blocks-gallery-caption\">fot. MZDiT w Cz\u0119stochowie<\/figcaption><\/figure>\n","protected":false},"excerpt":{"rendered":"<p>W po\u0142owie maja powinny zako\u0144czy\u0107 si\u0119 prace przy rozbudowie ul. Jesiennej do ul. B\u00f3r w Cz\u0119stochowie. Przy alei Wojska Polskiego rozpocz\u0119to monta\u017c konstrukcji kolejnego,<\/p>\n","protected":false},"author":24,"featured_media":102675,"comment_status":"closed","ping_status":"open","sticky":false,"template":"","format":"standard","meta":{"_monsterinsights_skip_tracking":false,"_monsterinsights_sitenote_active":false,"_monsterinsights_sitenote_note":"","_monsterinsights_sitenote_category":0,"_uf_show_specific_survey":0,"_uf_disable_surveys":false,"footnotes":""},"categories":[33,1323,20,3],"tags":[4987,4769,5708,7614,7613,1352],"class_list":["post-102668","post","type-post","status-publish","format-standard","has-post-thumbnail","hentry","category-inwestycje","category-architecture","category-budownictwo","category-czestochowa-informacje","tag-aleja-wojska-polskiego","tag-bleszno","tag-dk-91","tag-konstrukcja","tag-ulica-jesienna","tag-wiadukt"],"_links":{"self":[{"href":"https:\/\/gazetaregionalna.com\/index.php?rest_route=\/wp\/v2\/posts\/102668","targetHints":{"allow":["GET"]}}],"collection":[{"href":"https:\/\/gazetaregionalna.com\/index.php?rest_route=\/wp\/v2\/posts"}],"about":[{"href":"https:\/\/gazetaregionalna.com\/index.php?rest_route=\/wp\/v2\/types\/post"}],"author":[{"embeddable":true,"href":"https:\/\/gazetaregionalna.com\/index.php?rest_route=\/wp\/v2\/users\/24"}],"replies":[{"embeddable":true,"href":"https:\/\/gazetaregionalna.com\/index.php?rest_route=%2Fwp%2Fv2%2Fcomments&post=102668"}],"version-history":[{"count":2,"href":"https:\/\/gazetaregionalna.com\/index.php?rest_route=\/wp\/v2\/posts\/102668\/revisions"}],"predecessor-version":[{"id":102676,"href":"https:\/\/gazetaregionalna.com\/index.php?rest_route=\/wp\/v2\/posts\/102668\/revisions\/102676"}],"wp:featuredmedia":[{"embeddable":true,"href":"https:\/\/gazetaregionalna.com\/index.php?rest_route=\/wp\/v2\/media\/102675"}],"wp:attachment":[{"href":"https:\/\/gazetaregionalna.com\/index.php?rest_route=%2Fwp%2Fv2%2Fmedia&parent=102668"}],"wp:term":[{"taxonomy":"category","embeddable":true,"href":"https:\/\/gazetaregionalna.com\/index.php?rest_route=%2Fwp%2Fv2%2Fcategories&post=102668"},{"taxonomy":"post_tag","embeddable":true,"href":"https:\/\/gazetaregionalna.com\/index.php?rest_route=%2Fwp%2Fv2%2Ftags&post=102668"}],"curies":[{"name":"wp","href":"https:\/\/api.w.org\/{rel}","templated":true}]}}