{"id":10217,"date":"2020-02-24T09:55:36","date_gmt":"2020-02-24T09:55:36","guid":{"rendered":"https:\/\/gazetaregionalna.com\/?p=10217"},"modified":"2020-02-24T09:55:38","modified_gmt":"2020-02-24T09:55:38","slug":"norwid-podejmie-wroclaw","status":"publish","type":"post","link":"https:\/\/gazetaregionalna.com\/?p=10217","title":{"rendered":"&#8222;Norwid&#8221; podejmie Wroc\u0142aw"},"content":{"rendered":"\n<p>W sobot\u0119, 29 lutego, Exact Systems Norwid Cz\u0119stochowa zagra z KFC Gwardi\u0105 Wroc\u0142aw. Mecz odb\u0119dzie si\u0119 w hali KS Norwid w Cz\u0119stochowie przy ul. Jasnog\u00f3rskiej 8. Pocz\u0105tek spotkania godzina 17.<\/p>\n","protected":false},"excerpt":{"rendered":"<p>W sobot\u0119, 29 lutego, Exact Systems Norwid Cz\u0119stochowa zagra z KFC Gwardi\u0105 Wroc\u0142aw. Mecz odb\u0119dzie si\u0119 w hali KS Norwid w Cz\u0119stochowie przy ul.<\/p>\n","protected":false},"author":7,"featured_media":0,"comment_status":"open","ping_status":"open","sticky":false,"template":"","format":"standard","meta":{"_monsterinsights_skip_tracking":false,"_monsterinsights_sitenote_active":false,"_monsterinsights_sitenote_note":"","_monsterinsights_sitenote_category":0,"_uf_show_specific_survey":0,"_uf_disable_surveys":false,"footnotes":""},"categories":[94,3,8,5,2],"tags":[374,375],"class_list":["post-10217","post","type-post","status-publish","format-standard","hentry","category-polecane","category-czestochowa-informacje","category-siatkowka","category-sport","category-wiadomosci","tag-exact-systems-norwid-czestochowa","tag-kfc-gwardia-wroclaw"],"_links":{"self":[{"href":"https:\/\/gazetaregionalna.com\/index.php?rest_route=\/wp\/v2\/posts\/10217","targetHints":{"allow":["GET"]}}],"collection":[{"href":"https:\/\/gazetaregionalna.com\/index.php?rest_route=\/wp\/v2\/posts"}],"about":[{"href":"https:\/\/gazetaregionalna.com\/index.php?rest_route=\/wp\/v2\/types\/post"}],"author":[{"embeddable":true,"href":"https:\/\/gazetaregionalna.com\/index.php?rest_route=\/wp\/v2\/users\/7"}],"replies":[{"embeddable":true,"href":"https:\/\/gazetaregionalna.com\/index.php?rest_route=%2Fwp%2Fv2%2Fcomments&post=10217"}],"version-history":[{"count":1,"href":"https:\/\/gazetaregionalna.com\/index.php?rest_route=\/wp\/v2\/posts\/10217\/revisions"}],"predecessor-version":[{"id":10219,"href":"https:\/\/gazetaregionalna.com\/index.php?rest_route=\/wp\/v2\/posts\/10217\/revisions\/10219"}],"wp:attachment":[{"href":"https:\/\/gazetaregionalna.com\/index.php?rest_route=%2Fwp%2Fv2%2Fmedia&parent=10217"}],"wp:term":[{"taxonomy":"category","embeddable":true,"href":"https:\/\/gazetaregionalna.com\/index.php?rest_route=%2Fwp%2Fv2%2Fcategories&post=10217"},{"taxonomy":"post_tag","embeddable":true,"href":"https:\/\/gazetaregionalna.com\/index.php?rest_route=%2Fwp%2Fv2%2Ftags&post=10217"}],"curies":[{"name":"wp","href":"https:\/\/api.w.org\/{rel}","templated":true}]}}