{"id":10209,"date":"2020-02-24T09:25:18","date_gmt":"2020-02-24T09:25:18","guid":{"rendered":"https:\/\/gazetaregionalna.com\/?p=10209"},"modified":"2020-02-24T09:25:20","modified_gmt":"2020-02-24T09:25:20","slug":"jazz-ku-pamieci","status":"publish","type":"post","link":"https:\/\/gazetaregionalna.com\/?p=10209","title":{"rendered":"Jazz ku pami\u0119ci"},"content":{"rendered":"\n<h2 class=\"wp-block-heading\">W ramach cyklu Jazztochowa, O\u015brodek Promocji Kultury &#8222;Gaude Mater&#8221; zaprasza w najbli\u017cszy pi\u0105tek, 28 lutego na kolejny koncert. Tym razem b\u0119dzie to koncert pod has\u0142em: &#8222;Requiem In Polish Jazz. Bracia Ole\u015b&#8221;.<\/h2>\n\n\n\n<p><br> Jak zapowiadaj\u0105 organizatorzy, projekt Marcina Olesia i Bart\u0142omieja Olesia, zatytu\u0142owany Polish Jazz Requiem, to muzyczny ho\u0142d oddany wielkim postaciom kultury jazzowej. <br> Wyst\u0105pi\u0105: Marcin Ole\u015b (kontrabas) i Bart\u0142omiej Ole\u015b (perkusja),Wojtek Jachna (tr\u0105bka), Irek Wojtczak (saksofony, bas klarnet) oraz Bartosz Prucnal (saksofon altowy). Pocz\u0105tek koncertu godzina 19. <br> Bilety: 20 z\u0142 (ulgowy w przedsprzeda\u017cy), 30 z\u0142 (normalny w przedsprzeda\u017cy) oraz 50 z\u0142 (w dniu koncertu).<\/p>\n","protected":false},"excerpt":{"rendered":"<p>W ramach cyklu Jazztochowa, O\u015brodek Promocji Kultury &#8222;Gaude Mater&#8221; zaprasza w najbli\u017cszy pi\u0105tek, 28 lutego na kolejny koncert. Tym razem b\u0119dzie to koncert pod<\/p>\n","protected":false},"author":7,"featured_media":0,"comment_status":"open","ping_status":"open","sticky":false,"template":"","format":"standard","meta":{"_monsterinsights_skip_tracking":false,"_monsterinsights_sitenote_active":false,"_monsterinsights_sitenote_note":"","_monsterinsights_sitenote_category":0,"_uf_show_specific_survey":0,"_uf_disable_surveys":false,"footnotes":""},"categories":[12,3,94,2,13],"tags":[370,369],"class_list":["post-10209","post","type-post","status-publish","format-standard","hentry","category-kultura-i-rozrywka","category-czestochowa-informacje","category-polecane","category-wiadomosci","category-wydarzenia","tag-gaude-mater-czestochowa","tag-jazztochowa"],"_links":{"self":[{"href":"https:\/\/gazetaregionalna.com\/index.php?rest_route=\/wp\/v2\/posts\/10209","targetHints":{"allow":["GET"]}}],"collection":[{"href":"https:\/\/gazetaregionalna.com\/index.php?rest_route=\/wp\/v2\/posts"}],"about":[{"href":"https:\/\/gazetaregionalna.com\/index.php?rest_route=\/wp\/v2\/types\/post"}],"author":[{"embeddable":true,"href":"https:\/\/gazetaregionalna.com\/index.php?rest_route=\/wp\/v2\/users\/7"}],"replies":[{"embeddable":true,"href":"https:\/\/gazetaregionalna.com\/index.php?rest_route=%2Fwp%2Fv2%2Fcomments&post=10209"}],"version-history":[{"count":1,"href":"https:\/\/gazetaregionalna.com\/index.php?rest_route=\/wp\/v2\/posts\/10209\/revisions"}],"predecessor-version":[{"id":10211,"href":"https:\/\/gazetaregionalna.com\/index.php?rest_route=\/wp\/v2\/posts\/10209\/revisions\/10211"}],"wp:attachment":[{"href":"https:\/\/gazetaregionalna.com\/index.php?rest_route=%2Fwp%2Fv2%2Fmedia&parent=10209"}],"wp:term":[{"taxonomy":"category","embeddable":true,"href":"https:\/\/gazetaregionalna.com\/index.php?rest_route=%2Fwp%2Fv2%2Fcategories&post=10209"},{"taxonomy":"post_tag","embeddable":true,"href":"https:\/\/gazetaregionalna.com\/index.php?rest_route=%2Fwp%2Fv2%2Ftags&post=10209"}],"curies":[{"name":"wp","href":"https:\/\/api.w.org\/{rel}","templated":true}]}}