{"id":101592,"date":"2023-02-24T18:32:25","date_gmt":"2023-02-24T18:32:25","guid":{"rendered":"https:\/\/gazetaregionalna.com\/?p=101592"},"modified":"2023-02-24T18:32:26","modified_gmt":"2023-02-24T18:32:26","slug":"lasy-o-zwiekszonej-funkcjonalnosci-dla-spoleczenstwa-spotkanie-otwarte-lasy-spoleczne","status":"publish","type":"post","link":"https:\/\/gazetaregionalna.com\/?p=101592","title":{"rendered":"Lasy o zwi\u0119kszonej funkcjonalno\u015bci dla spo\u0142ecze\u0144stwa? Spotkanie otwarte &#8222;lasy spo\u0142eczne &#8222;"},"content":{"rendered":"\n<p><\/p>\n\n\n\n<p><strong>Burmistrz Miasta Lubliniec wraz z Lublinieck\u0105 Rad\u0105 Mi\u0142o\u015bnik\u00f3w Przyrody<\/strong> zapraszaj\u0105 na spotkanie inicjuj\u0105ce powstanie <strong>las\u00f3w o zwi\u0119kszonej funkcji spo\u0142ecznej<\/strong>.<\/p>\n\n\n\n<p>Uwa\u017casz, \u017ce powinny powsta\u0107 tereny le\u015bne do rekreacji, sportu, zachowania zdrowia i innych funkcji spo\u0142ecznych korzystnych dla lokalnych spo\u0142eczno\u015bci ? Powiniene\u015b pojawi\u0107 si\u0119 na spotkaniu w najbli\u017cszy wtorek\u00a0<strong>28 lutego 2023 r.\u00a0<\/strong>o godzinie\u00a0<strong>15:00 w LUBITECE<\/strong>. <\/p>\n\n\n\n<p>Spot promuj\u0105cy LASY SPO\u0141ECZNE: ZAPROJEKTUJMY JE RAZEM:\u00a0<a href=\"https:\/\/www.youtube.com\/watch?v=gCB__T-FGdI\" rel=\"noreferrer noopener\" target=\"_blank\">https:\/\/www.youtube.com\/watch?v=gCB__T-FGdIOtworzy si\u0119 w nowej zak\u0142adce<\/a><br>Wi\u0119cej o akcji:\u00a0<a href=\"https:\/\/www.lasy.gov.pl\/pl\/informacje\/lasy-spoleczne-2\" rel=\"noreferrer noopener\" target=\"_blank\">https:\/\/www.lasy.gov.pl\/pl\/informacje\/lasy-spoleczne-2<\/a><\/p>\n\n\n\n<figure class=\"wp-block-image size-large\"><img decoding=\"async\" data-src=\"https:\/\/gazetaregionalna.com\/wp-content\/uploads\/2023\/02\/lasy_spoleczne-1024x536.jpg\" alt=\"\" class=\"wp-image-101593 lazyload\" src=\"data:image\/svg+xml;base64,PHN2ZyB3aWR0aD0iMSIgaGVpZ2h0PSIxIiB4bWxucz0iaHR0cDovL3d3dy53My5vcmcvMjAwMC9zdmciPjwvc3ZnPg==\" style=\"--smush-placeholder-width: 1024px; --smush-placeholder-aspect-ratio: 1024\/536;\"><\/figure>\n\n\n\n<p><\/p>\n","protected":false},"excerpt":{"rendered":"<p>Burmistrz Miasta Lubliniec wraz z Lublinieck\u0105 Rad\u0105 Mi\u0142o\u015bnik\u00f3w Przyrody zapraszaj\u0105 na spotkanie inicjuj\u0105ce powstanie las\u00f3w o zwi\u0119kszonej funkcji spo\u0142ecznej. Uwa\u017casz, \u017ce powinny powsta\u0107 tereny<\/p>\n","protected":false},"author":2,"featured_media":0,"comment_status":"closed","ping_status":"open","sticky":false,"template":"","format":"standard","meta":{"_monsterinsights_skip_tracking":false,"_monsterinsights_sitenote_active":false,"_monsterinsights_sitenote_note":"","_monsterinsights_sitenote_category":0,"_uf_show_specific_survey":0,"_uf_disable_surveys":false,"footnotes":""},"categories":[25,29],"tags":[7528,104],"class_list":["post-101592","post","type-post","status-publish","format-standard","hentry","category-lubliniec","category-ekologia","tag-lasy-spoleczne","tag-lubliniec"],"_links":{"self":[{"href":"https:\/\/gazetaregionalna.com\/index.php?rest_route=\/wp\/v2\/posts\/101592","targetHints":{"allow":["GET"]}}],"collection":[{"href":"https:\/\/gazetaregionalna.com\/index.php?rest_route=\/wp\/v2\/posts"}],"about":[{"href":"https:\/\/gazetaregionalna.com\/index.php?rest_route=\/wp\/v2\/types\/post"}],"author":[{"embeddable":true,"href":"https:\/\/gazetaregionalna.com\/index.php?rest_route=\/wp\/v2\/users\/2"}],"replies":[{"embeddable":true,"href":"https:\/\/gazetaregionalna.com\/index.php?rest_route=%2Fwp%2Fv2%2Fcomments&post=101592"}],"version-history":[{"count":1,"href":"https:\/\/gazetaregionalna.com\/index.php?rest_route=\/wp\/v2\/posts\/101592\/revisions"}],"predecessor-version":[{"id":101607,"href":"https:\/\/gazetaregionalna.com\/index.php?rest_route=\/wp\/v2\/posts\/101592\/revisions\/101607"}],"wp:attachment":[{"href":"https:\/\/gazetaregionalna.com\/index.php?rest_route=%2Fwp%2Fv2%2Fmedia&parent=101592"}],"wp:term":[{"taxonomy":"category","embeddable":true,"href":"https:\/\/gazetaregionalna.com\/index.php?rest_route=%2Fwp%2Fv2%2Fcategories&post=101592"},{"taxonomy":"post_tag","embeddable":true,"href":"https:\/\/gazetaregionalna.com\/index.php?rest_route=%2Fwp%2Fv2%2Ftags&post=101592"}],"curies":[{"name":"wp","href":"https:\/\/api.w.org\/{rel}","templated":true}]}}